{"id":241246,"date":"2025-07-11T00:14:17","date_gmt":"2025-07-11T00:14:17","guid":{"rendered":"https:\/\/www.europesays.com\/fr\/241246\/"},"modified":"2025-07-11T00:14:17","modified_gmt":"2025-07-11T00:14:17","slug":"apres-les-chaleurs-le-retour-dorages-violents-en-france-des-ce-week-end-voici-ou-ils-devraient-frapper-actu-fr","status":"publish","type":"post","link":"https:\/\/www.europesays.com\/fr\/241246\/","title":{"rendered":"Apr\u00e8s les chaleurs, le retour d&#039;orages violents en France d\u00e8s ce week-end : voici o\u00f9 ils devraient frapper &#8211; Actu.fr"},"content":{"rendered":"<ol>\n<li><a href=\"https:\/\/news.google.com\/rss\/articles\/CBMi1gFBVV95cUxOM0toQVBwQTZUZ1ZvQjVuaXRrQllFYTlGVGREeUFJNFF6cndRN0J2TWZjVGlvRmlUQm9fWENCUXNyNURjS2lONzVTWk5iNS05alRpZlRWR1lONl8wS0dTa2RkRXJ5Y3hPUmdyZ3EtOWpER25JNHlmMWwteWUwX19BeGMxcnpJQVBGZjNyU2o1WXE4MUZ4UXB1aTEwbEpvQW9uc2FCczdFbU85azVPVFgydDdGR1lEY1gzbnl0WkFoZHgtWmJBSnFyYWQ0bUNXSS1GVjJWU09n?oc=5\" target=\"_blank\" rel=\"nofollow noopener\">Apr\u00e8s les chaleurs, le retour d&rsquo;orages violents en France d\u00e8s ce week-end : voici o\u00f9 ils devraient frapper<\/a>&nbsp;&nbsp;Actu.fr<\/li>\n<li><a href=\"https:\/\/news.google.com\/rss\/articles\/CBMi6gFBVV95cUxPQzgyT1lILTNWS1ZPZGpnWEpweGlUNmZSS1JYNTNvTkk5d0JyWFNNWkdVTm1yN3NJcXNPYjNEcmQ0TGp6cUZWQm5Hbnc5dExQQVZFRmk1YkJXcmtVcjhBTVJUY2wyZng1LXlVQVozSVRjQUpyMEtQUVVScy1OQWR4RWM3aDFfVVVvOVV2U3p6a2o4NzVOTk15eTd5ZVdVMml3dDdsdDJER1dvM0dhUGdIdjVEeG5GeXVLUUx4OGY3NHNzc2o5c19ITkppSzFzcHU2ekM5MDZ2T0ppUm9rWU1mTkJxVlE5T0p2bUE?oc=5\" target=\"_blank\" rel=\"nofollow noopener\">Tendance m\u00e9t\u00e9o \u00e0 4 semaines : une m\u00e9t\u00e9o souvent ensoleill\u00e9e et chaude avec peu d&rsquo;orages<\/a>&nbsp;&nbsp;La Cha\u00eene M\u00e9t\u00e9o<\/li>\n<li><a href=\"https:\/\/news.google.com\/rss\/articles\/CBMi3wFBVV95cUxNc1dVZkdXRmVZbUo2N09tU1EwWnp5LTFMSEhwU0RfaEdXX1ZodTBvX2pqa0I3ajFIZG5TeTBMMVdndkhRdnd4SktPOVVlT2FsYzAzMjZjbVRoYU1BVUFzUEVyUTJqclUwWE5TcktXbmhlX3ZkUHdRSEJDTVhZcnJueW83YVVKTmkySHlXSl9kYlhwdHdNRGFabVRKdGNOX0VScFZfUnNFM2kyZUhQemh0UzJseDRtZDNSN0hGOU1SaUV3bEtFdFA2MkpnN0pnV3AtZFd0Q3VkX25Ta3dIMDAw?oc=5\" target=\"_blank\" rel=\"nofollow noopener\">Pr\u00e9visions m\u00e9t\u00e9o : jusqu\u2019\u00e0 34\u00b0C dans le Sud-Ouest\u2026 Quel temps pour le week-end du 14 juillet ?<\/a>&nbsp;&nbsp;Sud Ouest<\/li>\n<li><a href=\"https:\/\/news.google.com\/rss\/articles\/CBMi4wFBVV95cUxQem1vU19pSGpURnY2aS11S1IxaUZ1VWlOSnNVSjBiaTgwZlUyNXFWT1YzRHVFTHl6NDBBdGpOZWViN1hPSzhiUkNReDVkTy1NNDVKcElEXzE2RW1IVzBTTE9IWXEzRDdxdGI0QlQ1RUI0RGE4UW1RTzhpUlAycW1zZmQ5cXNtbUlybFNYYzhZbjY4SGl3MU9OWHJtYXlhQUF4ODBVSE83ODdJMGZkYVJRYi1saFc3dnJiNGlqZW9odWFxNjZucVVtSUxuMEpja3BVU3EyQ3NLc3RZelFINmllaHlSVQ?oc=5\" target=\"_blank\" rel=\"nofollow noopener\">Le mois de juin 2025 a \u00e9t\u00e9 le plus chaud jamais enregistr\u00e9 en Europe de l\u2019Ouest, avec des vagues de chaleur \u00ab exceptionnelles \u00bb<\/a>&nbsp;&nbsp;Le Monde.fr<\/li>\n<li><a href=\"https:\/\/news.google.com\/rss\/articles\/CBMiswFBVV95cUxOVDdQX3BNaTA5cXJ4SHZmOWhRNHRLVGFaZENGZldvWkhueFlPdTNtZXpxRVBTNlVUVEthNTRiOE5jSmt2N1VweWViV196NW5kcGpsRTFoVjV0RTJZb3pTbkFPbVhLYlp0VmVaVG5YbzBpa3ZpMUs0RjVoWUpxcUlTUUdfWkpPNjhLbGxoOUQzNVgxS3JNOUo4cGJQbnBicVV5N1NfeG9xNGhlTmhtYzBmaWlOb9IBuAFBVV95cUxNdDUzWXBEMjlOVjdvMG1wMVVnbmpBa3lnMWVnTHhxdnZ3dUlwbmxjU3ZxRnJVSmM0eVZaaFMzQ1AwV3ViNTExNDVORnZqM0E0N3h3c0VyMnhodERObXlHdzJsQklDU1V6UGVJMHBMbzBMTWtQWUFlZnhIV0thS3JLVTlWamFHMG5ZWGlmQ2lvbk41bVBibE84RWZpMEVETC0yZEN1RTFtVnNzREduZnpyUTg3dEw2TWRL?oc=5\" target=\"_blank\" rel=\"nofollow noopener\">Orages : ces 18 d\u00e9partements o\u00f9 la foudre devrait tomber ce week-end<\/a>&nbsp;&nbsp;CNews<\/li>\n<\/ol>\n","protected":false},"excerpt":{"rendered":"Apr\u00e8s les chaleurs, le retour d&rsquo;orages violents en France d\u00e8s ce week-end : voici o\u00f9 ils devraient frapper&nbsp;&nbsp;Actu.fr&hellip;\n","protected":false},"author":2,"featured_media":241247,"comment_status":"","ping_status":"","sticky":false,"template":"","format":"standard","meta":{"footnotes":""},"categories":[2],"tags":[11,1011,27,2487,2357,12,4594,25,15637],"class_list":{"0":"post-241246","1":"post","2":"type-post","3":"status-publish","4":"format-standard","5":"has-post-thumbnail","7":"category-actualites","8":"tag-actualites","9":"tag-fr","10":"tag-france","11":"tag-meteo","12":"tag-meteo-france","13":"tag-news","14":"tag-orages","15":"tag-republique-francaise","16":"tag-vague-de-chaleur"},"share_on_mastodon":{"url":"https:\/\/pubeurope.com\/@fr\/114831717997433645","error":""},"_links":{"self":[{"href":"https:\/\/www.europesays.com\/fr\/wp-json\/wp\/v2\/posts\/241246","targetHints":{"allow":["GET"]}}],"collection":[{"href":"https:\/\/www.europesays.com\/fr\/wp-json\/wp\/v2\/posts"}],"about":[{"href":"https:\/\/www.europesays.com\/fr\/wp-json\/wp\/v2\/types\/post"}],"author":[{"embeddable":true,"href":"https:\/\/www.europesays.com\/fr\/wp-json\/wp\/v2\/users\/2"}],"replies":[{"embeddable":true,"href":"https:\/\/www.europesays.com\/fr\/wp-json\/wp\/v2\/comments?post=241246"}],"version-history":[{"count":0,"href":"https:\/\/www.europesays.com\/fr\/wp-json\/wp\/v2\/posts\/241246\/revisions"}],"wp:featuredmedia":[{"embeddable":true,"href":"https:\/\/www.europesays.com\/fr\/wp-json\/wp\/v2\/media\/241247"}],"wp:attachment":[{"href":"https:\/\/www.europesays.com\/fr\/wp-json\/wp\/v2\/media?parent=241246"}],"wp:term":[{"taxonomy":"category","embeddable":true,"href":"https:\/\/www.europesays.com\/fr\/wp-json\/wp\/v2\/categories?post=241246"},{"taxonomy":"post_tag","embeddable":true,"href":"https:\/\/www.europesays.com\/fr\/wp-json\/wp\/v2\/tags?post=241246"}],"curies":[{"name":"wp","href":"https:\/\/api.w.org\/{rel}","templated":true}]}}