{"id":241250,"date":"2025-07-11T00:17:08","date_gmt":"2025-07-11T00:17:08","guid":{"rendered":"https:\/\/www.europesays.com\/fr\/241250\/"},"modified":"2025-07-11T00:17:08","modified_gmt":"2025-07-11T00:17:08","slug":"maintien-deja-assure-en-ligue-des-nations-defaite-serree-contre-le-grand-bresil-et-mondial-en-approche-jusquou-peuvent-grimper-les-bleues-lequipe","status":"publish","type":"post","link":"https:\/\/www.europesays.com\/fr\/241250\/","title":{"rendered":"Maintien d\u00e9j\u00e0 assur\u00e9 en Ligue des nations, d\u00e9faite serr\u00e9e contre le grand Br\u00e9sil et Mondial en approche : jusqu&#039;o\u00f9 peuvent grimper les Bleues ? &#8211; L&#039;\u00c9quipe"},"content":{"rendered":"<ol>\n<li><a href=\"https:\/\/news.google.com\/rss\/articles\/CBMinAJBVV95cUxNTzl0SEt4YnNLRF82VEJjc0hBcGlRM2c1TTNMTGZWbkszbFA1S0VXQUlaVVktbTQ1QTk5RzVKSmdlVk1zNk5JUkhwN1VQREIyTXBnU1JUc2R3VXNOTFZPUzM0QU5UNUlNbVhRbnVqZDJjbkFVTHdQOWczNlZjNDFjazZmbklHYWxJbWZPbUwtTUNQOU83eWxJYWJNTVJtNllnNW9aMkdyMUd6cy1nYkdaTHhuMmpOeE9KWTE2YWRuMFdfWFY1NXdVQU9rczZ1ZEM4Vlc3T3cya1lYWkNZTXZCeGhmRmFoTXFuRjg5UnFzWk5IaldYLTl1WmtnRkMyTWxHZkJPb0JjNFFFcnJaWFBJRXAyTTJBUXFtS3FzRA?oc=5\" target=\"_blank\" rel=\"nofollow noopener\">Maintien d\u00e9j\u00e0 assur\u00e9 en Ligue des nations, d\u00e9faite serr\u00e9e contre le grand Br\u00e9sil et Mondial en approche : jusqu&rsquo;o\u00f9 peuvent grimper les Bleues ?<\/a>&nbsp;&nbsp;L&rsquo;\u00c9quipe<\/li>\n<li><a href=\"https:\/\/news.google.com\/rss\/articles\/CBMi0wFBVV95cUxNTU9qdElJS1JLazQ1VzhkVHJSa1M5VTByVmQ2djBjX3ZndHd0Tm10OUJRdVFxWEhMNUpWWVYxSGtwWi0tLURLWXRWZjJya1JzTERSMVZZUXV0Y2JOU25RbmRQYmYxbDVQY2tjbHFva0xFcHhWVUxFRzBHNVhScFJwT0p3NnBhWlhDYzExXzVDTHdob3c0c3MxOVJ5SU1STzBUeU05cDFrYlFDUmhWdzE5TFUtMjUzdFBVZF9wZV9RVUh5Q3Z2cFp6RDQ3LU1ReDJfcVNr?oc=5\" target=\"_blank\" rel=\"nofollow noopener\">Malgr\u00e9 leurs d\u00e9faites, les Bleues sont assur\u00e9es de se maintenir en Ligue des nations<\/a>&nbsp;&nbsp;L&rsquo;\u00c9quipe<\/li>\n<li><a href=\"https:\/\/news.google.com\/rss\/articles\/CBMiyAFBVV95cUxQOXdaQnFuNkdWOGJTRnBMWHZqblJlNklmSU5aSGtTcjhXM0M2ZG4zN09QbkhId3lBYm9zT3EtTXlFeFppQXlWaUpBX3lsQ0Z0cElvNFZfY292b1piaFdNNFNza1dWcFlJRGZJNWFNUnFKSzdwaGV4ZWN0LUZjWWpGeXdFdkY0RHlPUWszX3lrT3lGR3FkSkppdlUyWlgwbEktVTVaNENJX2tldVhNZXF0YUZPaGhUdFp0cG4zeVVsMmhBcHZQRFRtQ9IBxwFBVV95cUxNbUhsdVFhMngxdmpaUWVFUDZJdnBtZUw3QVJVOW54bmxDYlJwZlhQN1R6RC1aRzRmT0tkUmp1aUZlQlJBNlY1bDVOdGtHLTc5bHhyeGFpQU81ODN0QnBOS2dNUHBTRExGRDFLdlFzWmNfZUhORXVqQjFNd21lMnNHVElvM1FreHJNd3hPSWZsVHQtVWV6RG9DV0VraUdYNU5LWjNlcDYtQlBTVUV1dW1TcXRjTUVuRWJNUlE3bkJuVE43RGh2UHQ0?oc=5\" target=\"_blank\" rel=\"nofollow noopener\">Ligue des Nations (F) : La France fr\u00f4le l&rsquo;exploit contre le Br\u00e9sil<\/a>&nbsp;&nbsp;Orange Actualit\u00e9s | Sports<\/li>\n<li><a href=\"https:\/\/news.google.com\/rss\/articles\/CBMi0AFBVV95cUxQSHBUX01Tc1NmRHhKRFFsdXN5SWhOMjdmeWd2VG5Ka1hfLXpiQWF0NDV3VlBjbTl1UEtXLTZNd0QyQms3Y05UdFRpYzBqX2w2cl9rQWs2cDg3YjA5QkpFSVEyT28zZXdMczJSWXRFMHN6TFlFMHRZS01tWmpKbXhQeFlRYUtzYXQxZWJVa3hBbjltelpJUkkteHJNOG5rQkp2Znd5UGtVcmdDWFNqbFVjM0h4QlBRYUZoVXNtOUJELVprLVBuaTF0dkxCc3RtS2FH?oc=5\" target=\"_blank\" rel=\"nofollow noopener\">Volley : proches d\u2019un exploit, les Bleues tombent avec les honneurs contre le Br\u00e9sil<\/a>&nbsp;&nbsp;Le Figaro<\/li>\n<li><a href=\"https:\/\/news.google.com\/rss\/articles\/CBMi6gFBVV95cUxPeXdSNkUxc3hSRVdXc3V4djVfLU9VbzBGYnotUWVPbEVjczJVY29QV1gwWXNhc3VMQ3lUMjk3NEVEdU40QzhNZGxCMDBoVEZPUU9kTkVPYXozZFZPRFVfdl9mSEtXUXJVWUpoSXpYb1M3T3F1WmtTOGVGNm10MW45WVNWQ2Q5RkM0ZzdzLTdydW5qbUxINVZnY0s5RnpGTTYxNHpPc0RLRDAtQ3Y4WU0xT2FBSThYNXBUOWU1dHpyTThyNVF6eGczNVNvQldiQm92ZTY5MTZwVFlUaDY0WndIdXhTOUFCMHF4eXc?oc=5\" target=\"_blank\" rel=\"nofollow noopener\">France &#8211; Br\u00e9sil. \u00c0 quelle heure et sur quelle cha\u00eene voir le match de Ligue des nations f\u00e9minine ?<\/a>&nbsp;&nbsp;Maville<\/li>\n<\/ol>\n","protected":false},"excerpt":{"rendered":"Maintien d\u00e9j\u00e0 assur\u00e9 en Ligue des nations, d\u00e9faite serr\u00e9e contre le grand Br\u00e9sil et Mondial en approche :&hellip;\n","protected":false},"author":2,"featured_media":241251,"comment_status":"","ping_status":"","sticky":false,"template":"","format":"standard","meta":{"footnotes":""},"categories":[1417],"tags":[1011,27,60,1470,1469],"class_list":{"0":"post-241250","1":"post","2":"type-post","3":"status-publish","4":"format-standard","5":"has-post-thumbnail","7":"category-volley","8":"tag-fr","9":"tag-france","10":"tag-sports","11":"tag-volley","12":"tag-volleyball"},"share_on_mastodon":{"url":"https:\/\/pubeurope.com\/@fr\/114831729803668710","error":""},"_links":{"self":[{"href":"https:\/\/www.europesays.com\/fr\/wp-json\/wp\/v2\/posts\/241250","targetHints":{"allow":["GET"]}}],"collection":[{"href":"https:\/\/www.europesays.com\/fr\/wp-json\/wp\/v2\/posts"}],"about":[{"href":"https:\/\/www.europesays.com\/fr\/wp-json\/wp\/v2\/types\/post"}],"author":[{"embeddable":true,"href":"https:\/\/www.europesays.com\/fr\/wp-json\/wp\/v2\/users\/2"}],"replies":[{"embeddable":true,"href":"https:\/\/www.europesays.com\/fr\/wp-json\/wp\/v2\/comments?post=241250"}],"version-history":[{"count":0,"href":"https:\/\/www.europesays.com\/fr\/wp-json\/wp\/v2\/posts\/241250\/revisions"}],"wp:featuredmedia":[{"embeddable":true,"href":"https:\/\/www.europesays.com\/fr\/wp-json\/wp\/v2\/media\/241251"}],"wp:attachment":[{"href":"https:\/\/www.europesays.com\/fr\/wp-json\/wp\/v2\/media?parent=241250"}],"wp:term":[{"taxonomy":"category","embeddable":true,"href":"https:\/\/www.europesays.com\/fr\/wp-json\/wp\/v2\/categories?post=241250"},{"taxonomy":"post_tag","embeddable":true,"href":"https:\/\/www.europesays.com\/fr\/wp-json\/wp\/v2\/tags?post=241250"}],"curies":[{"name":"wp","href":"https:\/\/api.w.org\/{rel}","templated":true}]}}