{"id":241252,"date":"2025-07-11T00:18:16","date_gmt":"2025-07-11T00:18:16","guid":{"rendered":"https:\/\/www.europesays.com\/fr\/241252\/"},"modified":"2025-07-11T00:18:16","modified_gmt":"2025-07-11T00:18:16","slug":"clermont-a-ose-se-separer-dun-joueur-qui-pourrait-exploser-en-equipe-de-france","status":"publish","type":"post","link":"https:\/\/www.europesays.com\/fr\/241252\/","title":{"rendered":"Clermont a os\u00e9 se s\u00e9parer d&rsquo;un joueur qui pourrait exploser en \u00e9quipe de France !"},"content":{"rendered":"<p>Il aura fallu attendre 27 ans pour qu\u2019Alexandre Fischer vive enfin son premier frisson en bleu.<\/p>\n<p>Align\u00e9 face aux All Blacks samedi dernier \u00e0 Dunedin, le troisi\u00e8me ligne de l\u2019Aviron Bayonnais a crev\u00e9 l\u2019\u00e9cran dans une rencontre o\u00f9 la France, profond\u00e9ment remani\u00e9e, a su r\u00e9sister aux assauts n\u00e9o-z\u00e9landais.<\/p>\n<p>Auteur de <strong>vingt plaquages<\/strong> et d\u2019un sauvetage crucial en inf\u00e9riorit\u00e9 num\u00e9rique, Fischer a \u00e9t\u00e9 le symbole de l\u2019abn\u00e9gation d\u00e9fensive des Bleus. Infatigable sur chaque impact, pr\u00e9cieux dans les zones de ruck, il a montr\u00e9 pourquoi il est consid\u00e9r\u00e9 depuis longtemps comme un <strong>guerrier hors norme<\/strong> du rugby fran\u00e7ais.<\/p>\n<p><strong>Une mont\u00e9e en puissance frein\u00e9e par les blessures<\/strong><\/p>\n<p>S\u2019il a fallu attendre aussi longtemps pour voir Fischer porter officiellement le maillot tricolore, c\u2019est surtout \u00e0 cause d\u2019une <strong>succession de blessures<\/strong> qui a frein\u00e9 son ascension. Pourtant, ce n\u2019est pas le talent qui manquait.<\/p>\n<p>Rep\u00e9r\u00e9 depuis plusieurs ann\u00e9es par le staff des Bleus, Fischer \u00e9tait d\u00e9j\u00e0 dans les petits papiers de Fabien Galthi\u00e9 et William Servat d\u00e8s les d\u00e9buts du mandat actuel. \u00ab C\u2019est un joueur qu\u2019on suivait depuis longtemps, qui \u00e9tait venu \u00e0 Nice avec nous au d\u00e9but de notre mandat, en 2020 \u00bb, a confi\u00e9 le s\u00e9lectionneur via Midi Olympique.<\/p>\n<p>En 2021, il \u00e9tait m\u00eame pressenti pour la tourn\u00e9e en Australie. Mais un <strong>probl\u00e8me de passeport<\/strong> l\u2019avait emp\u00each\u00e9 de rejoindre la s\u00e9lection \u00e0 temps. \u00ab Il s\u2019\u00e9tait arr\u00eat\u00e9 \u00e0 Duba\u00ef \u00bb, se souvient encore Fabien Galthi\u00e9.<\/p>\n<p>Pendant que d\u2019autres profitaient de cette opportunit\u00e9 pour s\u2019imposer en bleu, Fischer \u00e9tait contraint \u00e0 un retour \u00e0 l\u2019ombre.<\/p>\n<p><strong>Le travail paie enfin<\/strong><\/p>\n<p>Apr\u00e8s une excellente fin de saison sous les couleurs de Clermont, l\u2019ancien Jaunard a su convaincre le staff tricolore qu\u2019il \u00e9tait de retour \u00e0 son meilleur niveau. \u00ab Il a r\u00e9ussi \u00e0 revenir \u00e0 son meilleur niveau et a effectu\u00e9 une tr\u00e8s bonne fin de saison avec Clermont \u00bb, souligne Galthi\u00e9.<\/p>\n<p>Le comble ? Le club de Clermont a d\u00e9cid\u00e9 de ne pas conserver Alexandre Fischer pour les saisons \u00e0 venir.<\/p>\n<p>Et c\u2019est finalement l\u2019Aviron Bayonnais qui va r\u00e9colter le gros lot puisque le solide troisi\u00e8me ligne fran\u00e7ais s\u2019est engag\u00e9 en faveur du club Basque pour les trois prochaines saisons, soit jusqu\u2019au mois de juin 2028.<\/p>\n<p>Ce profil complet, capable de d\u00e9fendre fort, d\u2019apporter en touche et de couvrir plusieurs postes de la troisi\u00e8me ligne, s\u00e9duit pleinement le s\u00e9lectionneur. \u00ab C\u2019est un profil qui nous permet d\u2019avoir un \u00e9quilibre en troisi\u00e8me ligne, avec Tixier et Guillard \u00bb, explique-t-il encore.<\/p>\n<p>Fischer, longtemps frein\u00e9 par les al\u00e9as du destin, tient d\u00e9sormais sa revanche et semble pr\u00eat \u00e0 s\u2019installer dans la dur\u00e9e.<\/p>\n","protected":false},"excerpt":{"rendered":"Il aura fallu attendre 27 ans pour qu\u2019Alexandre Fischer vive enfin son premier frisson en bleu. Align\u00e9 face&hellip;\n","protected":false},"author":2,"featured_media":241253,"comment_status":"","ping_status":"","sticky":false,"template":"","format":"standard","meta":{"footnotes":""},"categories":[1416],"tags":[1011,27,479,1468,60],"class_list":{"0":"post-241252","1":"post","2":"type-post","3":"status-publish","4":"format-standard","5":"has-post-thumbnail","7":"category-rugby","8":"tag-fr","9":"tag-france","10":"tag-rugby","11":"tag-rugby-football","12":"tag-sports"},"share_on_mastodon":{"url":"https:\/\/pubeurope.com\/@fr\/114831733780489652","error":""},"_links":{"self":[{"href":"https:\/\/www.europesays.com\/fr\/wp-json\/wp\/v2\/posts\/241252","targetHints":{"allow":["GET"]}}],"collection":[{"href":"https:\/\/www.europesays.com\/fr\/wp-json\/wp\/v2\/posts"}],"about":[{"href":"https:\/\/www.europesays.com\/fr\/wp-json\/wp\/v2\/types\/post"}],"author":[{"embeddable":true,"href":"https:\/\/www.europesays.com\/fr\/wp-json\/wp\/v2\/users\/2"}],"replies":[{"embeddable":true,"href":"https:\/\/www.europesays.com\/fr\/wp-json\/wp\/v2\/comments?post=241252"}],"version-history":[{"count":0,"href":"https:\/\/www.europesays.com\/fr\/wp-json\/wp\/v2\/posts\/241252\/revisions"}],"wp:featuredmedia":[{"embeddable":true,"href":"https:\/\/www.europesays.com\/fr\/wp-json\/wp\/v2\/media\/241253"}],"wp:attachment":[{"href":"https:\/\/www.europesays.com\/fr\/wp-json\/wp\/v2\/media?parent=241252"}],"wp:term":[{"taxonomy":"category","embeddable":true,"href":"https:\/\/www.europesays.com\/fr\/wp-json\/wp\/v2\/categories?post=241252"},{"taxonomy":"post_tag","embeddable":true,"href":"https:\/\/www.europesays.com\/fr\/wp-json\/wp\/v2\/tags?post=241252"}],"curies":[{"name":"wp","href":"https:\/\/api.w.org\/{rel}","templated":true}]}}