{"id":241254,"date":"2025-07-11T00:19:10","date_gmt":"2025-07-11T00:19:10","guid":{"rendered":"https:\/\/www.europesays.com\/fr\/241254\/"},"modified":"2025-07-11T00:19:10","modified_gmt":"2025-07-11T00:19:10","slug":"amanda-anisimova-invitee-surprise-de-la-finale-de-wimbledon-ou-elle-retrouvera-iga-swiatek","status":"publish","type":"post","link":"https:\/\/www.europesays.com\/fr\/241254\/","title":{"rendered":"Amanda Anisimova, invit\u00e9e surprise de la finale de Wimbledon, o\u00f9 elle retrouvera Iga Swiatek"},"content":{"rendered":"<p>                         <img loading=\"lazy\" decoding=\"async\" src=\"https:\/\/www.europesays.com\/fr\/wp-content\/uploads\/2025\/07\/d60ec08_ftp-import-images-1-mnksrhjzv2jv-672c75234c0146ae8d4117bbbc444d56-1-e14ecb2e41a54c0da97d50da.jpeg\" alt=\"L\u2019Am\u00e9ricaine Amanda Anisimova pendant son match contre la Bi\u00e9lorusse Aryna Sabalenka, en demi-finales du tournoi de tennis de Wimbledon, \u00e0 Londres, le 10\u00a0juillet\u00a02025.\"   width=\"664\" height=\"443\"\/>    L\u2019Am\u00e9ricaine Amanda Anisimova pendant son match contre la Bi\u00e9lorusse Aryna Sabalenka, en demi-finales du tournoi de tennis de Wimbledon, \u00e0 Londres, le 10\u00a0juillet\u00a02025.  KIRSTY WIGGLESWORTH \/ AP                 <\/p>\n<p class=\"article__paragraph  \">A Wimbledon, tr\u00e8s peu de pronostiqueurs avaient pr\u00e9dit cette finale in\u00e9dite entre deux joueuses qui ne se sont jamais crois\u00e9es en match officiel. La finale du tournoi de tennis opposera, samedi 12\u00a0juillet, Iga Swiatek \u00e0 Amanda Anisimova. <a href=\"https:\/\/www.lemonde.fr\/tennis\/article\/2023\/05\/30\/iga-swiatek-numero-1-mondiale-de-tennis-en-raison-de-la-guerre-en-ukraine-il-regne-actuellement-une-sorte-de-chaos-dans-le-sport_6175403_1616659.html\" rel=\"nofollow noopener\" target=\"_blank\">L\u2019ancienne num\u00e9ro\u00a01 mondiale<\/a> partira favorite dans cette rencontre face \u00e0 la 12e mondiale, qui a domin\u00e9 jeudi 10\u00a0juillet Aryna Sabalenka en demi-finales. L\u2019opposition de style entre la contreuse polonaise et la cogneuse am\u00e9ricaine promet un match enlev\u00e9.<\/p>\n<p>   Lire plus tard  <\/p>\n<p class=\"article__paragraph  \">A 23\u00a0ans, Amanda Anisimova va disputer sa premi\u00e8re finale d\u2019un Majeur. Sous une chaleur tenace, avec des temp\u00e9ratures fr\u00f4lant les 30\u00a0\u00b0C sur le court central, elle a vaincu <a href=\"https:\/\/www.lemonde.fr\/sport\/article\/2025\/01\/18\/open-d-australie-aryna-sabalenka-joueuse-puissante-qui-se-moque-des-cliches-sur-son-tennis_6504489_3242.html\" rel=\"nofollow noopener\" target=\"_blank\">la Bi\u00e9lorusse Aryna Sabalenka<\/a> en trois sets (6-4, 4-6, 6-4) et deux heures et trente-six minutes\u00a0de jeu. Elle prive ainsi la num\u00e9ro\u00a01\u00a0mondiale d\u2019une quatri\u00e8me finale de suite en Grand Chelem. Comme en\u00a02021 et en\u00a02013, le parcours de Sabalenka s\u2019arr\u00eate en demi-finales \u00e0 Wimbledon.<\/p>\n<p class=\"article__paragraph  \">La Bi\u00e9lorusse \u00e9tait favorite dans cette rencontre, mais la victoire de la native de\u00a0Freehold, dans le New Jersey, n\u2019est pas totalement une surprise. Si les deux joueuses ne s\u2019\u00e9taient jamais rencontr\u00e9es sur gazon, l\u2019Am\u00e9ricaine menait par cinq victoires \u00e0 trois dans leurs face-\u00e0-face. A Roland-Garros, le 1er\u00a0juin, c\u2019est Sabalenka qui l\u2019avait emport\u00e9 en deux sets (7-5, 6-3).<\/p>\n<p class=\"reading-mode-only \"><strong>Il vous reste 77.95% de cet article \u00e0 lire. La suite est r\u00e9serv\u00e9e aux abonn\u00e9s.<\/strong><\/p>\n","protected":false},"excerpt":{"rendered":"L\u2019Am\u00e9ricaine Amanda Anisimova pendant son match contre la Bi\u00e9lorusse Aryna Sabalenka, en demi-finales du tournoi de tennis de&hellip;\n","protected":false},"author":2,"featured_media":241255,"comment_status":"","ping_status":"","sticky":false,"template":"","format":"standard","meta":{"footnotes":""},"categories":[1415],"tags":[1011,27,60,1467],"class_list":{"0":"post-241254","1":"post","2":"type-post","3":"status-publish","4":"format-standard","5":"has-post-thumbnail","7":"category-tennis","8":"tag-fr","9":"tag-france","10":"tag-sports","11":"tag-tennis"},"share_on_mastodon":{"url":"https:\/\/pubeurope.com\/@fr\/114831737665175874","error":""},"_links":{"self":[{"href":"https:\/\/www.europesays.com\/fr\/wp-json\/wp\/v2\/posts\/241254","targetHints":{"allow":["GET"]}}],"collection":[{"href":"https:\/\/www.europesays.com\/fr\/wp-json\/wp\/v2\/posts"}],"about":[{"href":"https:\/\/www.europesays.com\/fr\/wp-json\/wp\/v2\/types\/post"}],"author":[{"embeddable":true,"href":"https:\/\/www.europesays.com\/fr\/wp-json\/wp\/v2\/users\/2"}],"replies":[{"embeddable":true,"href":"https:\/\/www.europesays.com\/fr\/wp-json\/wp\/v2\/comments?post=241254"}],"version-history":[{"count":0,"href":"https:\/\/www.europesays.com\/fr\/wp-json\/wp\/v2\/posts\/241254\/revisions"}],"wp:featuredmedia":[{"embeddable":true,"href":"https:\/\/www.europesays.com\/fr\/wp-json\/wp\/v2\/media\/241255"}],"wp:attachment":[{"href":"https:\/\/www.europesays.com\/fr\/wp-json\/wp\/v2\/media?parent=241254"}],"wp:term":[{"taxonomy":"category","embeddable":true,"href":"https:\/\/www.europesays.com\/fr\/wp-json\/wp\/v2\/categories?post=241254"},{"taxonomy":"post_tag","embeddable":true,"href":"https:\/\/www.europesays.com\/fr\/wp-json\/wp\/v2\/tags?post=241254"}],"curies":[{"name":"wp","href":"https:\/\/api.w.org\/{rel}","templated":true}]}}