{"id":241262,"date":"2025-07-11T00:24:10","date_gmt":"2025-07-11T00:24:10","guid":{"rendered":"https:\/\/www.europesays.com\/fr\/241262\/"},"modified":"2025-07-11T00:24:10","modified_gmt":"2025-07-11T00:24:10","slug":"girondins-faissal-mannai-sengage-avec-bordeaux","status":"publish","type":"post","link":"https:\/\/www.europesays.com\/fr\/241262\/","title":{"rendered":"Girondins : Fa\u00efssal Manna\u00ef s&rsquo;engage avec Bordeaux"},"content":{"rendered":"<p><img decoding=\"async\" src=\"https:\/\/www.europesays.com\/fr\/wp-content\/uploads\/2025\/07\/671_f1a3f36073caaecace6530f7dab98e44.jpg\" alt=\"Girondins : Fa\u00efssal Manna\u00ef s'engage avec Bordeaux \" class=\"img-responsive mt-3\"\/><\/p>\n<p class=\"text-center mb-3\" style=\"font-size: 14px\">\u00a9 Iconsport<\/p>\n<p style=\"text-align: justify;\">Milieu offensif gauche, il est sans club depuis le mois de janvier. Auparavant il \u00e9voluait \u00e0 l&rsquo;US Monastir en Tunisie.<\/p>\n<p style=\"text-align: justify;\">Il a connu le championnat de National 1 avec Concarneau, S\u00e8te et Cholet. Il compte 5 matchs de National 2 \u00e0 son actif.<\/p>\n<p style=\"text-align: justify;\">Enfin, il a disput\u00e9 et gagn\u00e9 la Kings League en juin 2025, comp\u00e9tition de football en salle cr\u00e9\u00e9e par G\u00e9rard Piqu\u00e9 avec l&rsquo;\u00e9quipe Panam All Starz, joueurs de Pfut. Il a remport\u00e9 la comp\u00e9tition.<\/p>\n<p style=\"text-align: justify;\">Le communiqu\u00e9 du club :<\/p>\n<p style=\"text-align: justify;\">\u00ab\u00a0Nous sommes ravis d\u2019accueillir Fa\u00efssal Manna\u00ef, milieu offensif gauche franco-tunisien de 29 ans, en provenance de l\u2019Union sportive monastirienne (Tunisie).<\/p>\n<p style=\"text-align: justify;\">N\u00e9 \u00e0 Nantes le 3 f\u00e9vrier 1996, Manna\u00ef fait ses d\u00e9buts en France dans des clubs amateurs puis au FC Montceau Bourgogne (2016\u20132018), avant un court passage au SO Cholet (2019\u20132021), o\u00f9 il dispute 19 matchs de National.\u00a0En 2021, il rejoint le FC S\u00e8te en National, o\u00f9 il se r\u00e9v\u00e8le, inscrit 3 buts en 13 matchs et confirme son potentiel. Recrut\u00e9 d\u00e9but 2022 par l&rsquo;US Concarneau, il contribue \u00e0 la mont\u00e9e du club en Ligue\u202f2 et \u00e0 son titre de champion de National, avec 49 apparitions sur deux saisons.<\/p>\n<p style=\"text-align: justify;\">Libre en juin 2023, il rejoint l\u2019US Monastir et r\u00e9alise une saison remarquable, finissant meilleur passeur du championnat tunisien. Performant en club, il re\u00e7oit \u00e9galement sa premi\u00e8re convocation avec la s\u00e9lection tunisienne en mai 2024.\u00a0\u00bb<\/p>\n<p style=\"text-align: justify;\">Une vid\u00e9o des meilleurs actions du joueur avec le FC S\u00e8te et Concarneau en National 1 :<\/p>\n<p>Ce navigateur ne supporte pas les iframes<\/p>\n<p style=\"text-align: justify;\">L&rsquo;annonce du club sur X :<\/p>\n<blockquote class=\"twitter-tweet\">\n<p dir=\"ltr\" lang=\"fr\">???????????????????????????????? ???????????????????????? :writing_hand:\ufe0f<\/p>\n<p>Fa\u00efssal Manna\u00ef rejoint les Girondins ! Artisan de la mont\u00e9e de Concarneau en Ligue 2, il nous rejoint en provenance de l\u2019US Monastir (Tunisie), o\u00f9 il a termin\u00e9 meilleur passeur du championnat et d\u00e9croch\u00e9 une convocation en s\u00e9lection nationale.\u2026 <a href=\"https:\/\/t.co\/iQ4fK4ELzE\">pic.twitter.com\/iQ4fK4ELzE<\/a><\/p>\n<p>\u2014 FC Girondins de Bordeaux (@girondins) <a href=\"https:\/\/twitter.com\/girondins\/status\/1943317129140289624?ref_src=twsrc%5Etfw\" target=\"_blank\" rel=\"noopener\">July 10, 2025<\/a>\n<\/p><\/blockquote>\n<p>\u00a0<\/p>\n<p>\u00c0 lire &gt;&gt; <strong><a href=\"https:\/\/www.webgirondins.com\/actualite-girondins-girondins-matthieu-villette-ecourte-sa-seance-d-entrainement-video-129680\" target=\"_blank\" rel=\"noopener\">Matthieu Villette \u00e9courte sa s\u00e9ance d&rsquo;entra\u00eenement [Vid\u00e9o]<\/a><\/strong><\/p>\n<p>Notre podcast court :<\/p>\n<p>N.P<\/p>\n<p>    <script async src=\"https:\/\/platform.twitter.com\/widgets.js\" charset=\"utf-8\"><\/script><\/p>\n","protected":false},"excerpt":{"rendered":"\u00a9 Iconsport Milieu offensif gauche, il est sans club depuis le mois de janvier. Auparavant il \u00e9voluait \u00e0&hellip;\n","protected":false},"author":2,"featured_media":241263,"comment_status":"","ping_status":"","sticky":false,"template":"","format":"standard","meta":{"footnotes":""},"categories":[1410],"tags":[3396,1997,12708,38071,63,1011,27,29680,1987,26036,38072,12413,766,38074,30328,60,3945,38073],"class_list":{"0":"post-241262","1":"post","2":"type-post","3":"status-publish","4":"format-standard","5":"has-post-thumbnail","7":"category-football","8":"tag-avec","9":"tag-bordeaux","10":"tag-engage","11":"tag-faissal","12":"tag-football","13":"tag-fr","14":"tag-france","15":"tag-franco","16":"tag-girondins","17":"tag-intersaison","18":"tag-mannai","19":"tag-milieu","20":"tag-nantes","21":"tag-natif","22":"tag-recrue","23":"tag-sports","24":"tag-terrain","25":"tag-tunisien"},"share_on_mastodon":{"url":"https:\/\/pubeurope.com\/@fr\/114831757498332836","error":""},"_links":{"self":[{"href":"https:\/\/www.europesays.com\/fr\/wp-json\/wp\/v2\/posts\/241262","targetHints":{"allow":["GET"]}}],"collection":[{"href":"https:\/\/www.europesays.com\/fr\/wp-json\/wp\/v2\/posts"}],"about":[{"href":"https:\/\/www.europesays.com\/fr\/wp-json\/wp\/v2\/types\/post"}],"author":[{"embeddable":true,"href":"https:\/\/www.europesays.com\/fr\/wp-json\/wp\/v2\/users\/2"}],"replies":[{"embeddable":true,"href":"https:\/\/www.europesays.com\/fr\/wp-json\/wp\/v2\/comments?post=241262"}],"version-history":[{"count":0,"href":"https:\/\/www.europesays.com\/fr\/wp-json\/wp\/v2\/posts\/241262\/revisions"}],"wp:featuredmedia":[{"embeddable":true,"href":"https:\/\/www.europesays.com\/fr\/wp-json\/wp\/v2\/media\/241263"}],"wp:attachment":[{"href":"https:\/\/www.europesays.com\/fr\/wp-json\/wp\/v2\/media?parent=241262"}],"wp:term":[{"taxonomy":"category","embeddable":true,"href":"https:\/\/www.europesays.com\/fr\/wp-json\/wp\/v2\/categories?post=241262"},{"taxonomy":"post_tag","embeddable":true,"href":"https:\/\/www.europesays.com\/fr\/wp-json\/wp\/v2\/tags?post=241262"}],"curies":[{"name":"wp","href":"https:\/\/api.w.org\/{rel}","templated":true}]}}