{"id":241266,"date":"2025-07-11T00:27:14","date_gmt":"2025-07-11T00:27:14","guid":{"rendered":"https:\/\/www.europesays.com\/fr\/241266\/"},"modified":"2025-07-11T00:27:14","modified_gmt":"2025-07-11T00:27:14","slug":"les-trois-finalistes-designes-par-les-residentes-seniors","status":"publish","type":"post","link":"https:\/\/www.europesays.com\/fr\/241266\/","title":{"rendered":"les trois finalistes d\u00e9sign\u00e9s par les r\u00e9sidentes seniors"},"content":{"rendered":"<p>\n\t\t\t\t\t Devenu un rendez-vous attendu par tous les seniors vivant dans ces r\u00e9sidences-services, le Prix du Livre Noh\u00e9e anime ces \u00e9tablissements au fil des mois gr\u00e2ce aux clubs de lecture qui mobilisent chaque ann\u00e9e plusieurs centaines de participants \u00e0 travers toute la France.\u00a0 <br \/>\u00a0 <br \/>Pour cette 6\u00e8 \u00e9dition, le th\u00e8me fut -comme chaque ann\u00e9e la famille et la transmission. Et aujourd\u2019hui, le groupe de r\u00e9sidences d\u00e9voile les trois ouvrages finalistes de l\u2019ann\u00e9e 2025\u00a0: Sandrine Collette pour Madelaine avant l\u2019aube, Miguel Bonnefoy pour Le r\u00eave du jaguar et Minh Tran Huy pour Ma grand-m\u00e8re et le pays de la po\u00e9sie. <br \/>\u00a0 <br \/>Bien plus qu\u2019un simple concours, ce prix litt\u00e9raire s\u2019annonce tel \u00ab\u00a0un projet de vie culturelle partag\u00e9 sur plusieurs mois. (\u2026). Cette ann\u00e9e, 125 r\u00e9sidents ont \u00e9valu\u00e9 les ouvrages gr\u00e2ce \u00e0 une application interactive sur tablette, selon trois crit\u00e8res : l\u2019originalit\u00e9, l\u2019\u00e9motion et le style. <br \/>\u00a0 <br \/>S\u2019agissant du calendrier, il reste fid\u00e8le \u00e0 la dynamique instaur\u00e9e au cours des \u00e9ditions pr\u00e9c\u00e9dentes : apr\u00e8s la s\u00e9lection des trois finalistes, le jury se r\u00e9unira pour une d\u00e9lib\u00e9ration en septembre. <br \/>\u00a0 <br \/>\u00ab Ce Prix cr\u00e9e du lien, stimule la m\u00e9moire, invite au partage. Il permet \u00e0 nos r\u00e9sidents de continuer \u00e0 se projeter, \u00e0 s\u2019\u00e9mouvoir, \u00e0 transmettre, et est pleinement en phase avec les valeurs de nos r\u00e9sidences \u00bb d\u00e9clare pour l&rsquo;occasion, Marie Jason, directrice d\u2019exploitation adjointe de Noh\u00e9e. <br \/>\u00a0 <br \/>Le laur\u00e9at sera d\u00e9voil\u00e9 le 21 octobre et la c\u00e9r\u00e9monie sera retransmise dans toutes les r\u00e9sidences et diffus\u00e9e sur la cha\u00eene YouTube de Noh\u00e9e. \u00c0 la t\u00eate du jury, la com\u00e9dienne Brigitte Fossey aura l\u2019honneur de d\u00e9signer le laur\u00e9at qui recevra \u00e9galement un ch\u00e8que de 5.000 euros.\u00a0 <br \/>\u00a0 <br \/>\u00ab Dans une petite communaut\u00e9 de paysans mis\u00e9rables soumis \u00e0 un seigneur, Madeleine, enfant sauvage, courageuse et lumineuse, va dynamiter les m\u00e9canismes de la soumission. D\u00e8s le prologue, on pressent que quelque chose de terrible va advenir, mais l\u2019autrice r\u00e9serve des surprises \u00e0 cet in\u00e9luctable en marche \u00bb indique Fran\u00e7oise Thorens, de la r\u00e9sidence Noh\u00e9e Thonon-les-Bains, sur Madelaine avant l\u2019aube de Sandrine Collette <br \/>\u00a0 <br \/>\u00a0\u00ab L\u2019auteur nous embarque dans l\u2019histoire de cette saga familiale inspir\u00e9e de ses anc\u00eatres, bouillonnante de r\u00e9cits et de personnages \u00e9piques et flamboyants, dont le destin s\u2019entrelace avec l\u2019histoire du Venezuela \u00bb dit Jeanine Couret, de la r\u00e9sidence Noh\u00e9e Montpellier, sur Le r\u00eave du jaguar de Miguel Bonnefoy <br \/>\u00a0 <br \/>\u00ab Il s&rsquo;agit d&rsquo;un r\u00e9cit familial plus que d&rsquo;un roman. On se sent chez l&rsquo;auteur, beaucoup d&rsquo;\u00e9motion et d&rsquo;authenticit\u00e9. Les pr\u00e9cisions linguistiques sont int\u00e9ressantes pour expliquer les diff\u00e9rences interg\u00e9n\u00e9rationnelles compens\u00e9es par un lien affectif tr\u00e8s fort \u00bb souligne pour sa part Colette Bidart, de la r\u00e9sidence Noh\u00e9e Montpellier, sur Ma grand-m\u00e8re et le pays de la po\u00e9sie de Minh Tran Huy.\n\t\t\t\t <\/p>\n","protected":false},"excerpt":{"rendered":"Devenu un rendez-vous attendu par tous les seniors vivant dans ces r\u00e9sidences-services, le Prix du Livre Noh\u00e9e anime&hellip;\n","protected":false},"author":2,"featured_media":241267,"comment_status":"","ping_status":"","sticky":false,"template":"","format":"standard","meta":{"footnotes":""},"categories":[1357],"tags":[317,20720,1379,13748,58,59,30051,1011,27,1380,137,9910,12361,3552,30049,16667,30050,572,10586],"class_list":{"0":"post-241266","1":"post","2":"type-post","3":"status-publish","4":"format-standard","5":"has-post-thumbnail","7":"category-livres","8":"tag-age","9":"tag-agees","10":"tag-books","11":"tag-dependance","12":"tag-divertissement","13":"tag-entertainment","14":"tag-epahd","15":"tag-fr","16":"tag-france","17":"tag-livres","18":"tag-retraite","19":"tag-retraites","20":"tag-senior","21":"tag-seniors","22":"tag-silver","23":"tag-succession","24":"tag-vieilles","25":"tag-vieillesse","26":"tag-vieux"},"share_on_mastodon":{"url":"https:\/\/pubeurope.com\/@fr\/114831769181895547","error":""},"_links":{"self":[{"href":"https:\/\/www.europesays.com\/fr\/wp-json\/wp\/v2\/posts\/241266","targetHints":{"allow":["GET"]}}],"collection":[{"href":"https:\/\/www.europesays.com\/fr\/wp-json\/wp\/v2\/posts"}],"about":[{"href":"https:\/\/www.europesays.com\/fr\/wp-json\/wp\/v2\/types\/post"}],"author":[{"embeddable":true,"href":"https:\/\/www.europesays.com\/fr\/wp-json\/wp\/v2\/users\/2"}],"replies":[{"embeddable":true,"href":"https:\/\/www.europesays.com\/fr\/wp-json\/wp\/v2\/comments?post=241266"}],"version-history":[{"count":0,"href":"https:\/\/www.europesays.com\/fr\/wp-json\/wp\/v2\/posts\/241266\/revisions"}],"wp:featuredmedia":[{"embeddable":true,"href":"https:\/\/www.europesays.com\/fr\/wp-json\/wp\/v2\/media\/241267"}],"wp:attachment":[{"href":"https:\/\/www.europesays.com\/fr\/wp-json\/wp\/v2\/media?parent=241266"}],"wp:term":[{"taxonomy":"category","embeddable":true,"href":"https:\/\/www.europesays.com\/fr\/wp-json\/wp\/v2\/categories?post=241266"},{"taxonomy":"post_tag","embeddable":true,"href":"https:\/\/www.europesays.com\/fr\/wp-json\/wp\/v2\/tags?post=241266"}],"curies":[{"name":"wp","href":"https:\/\/api.w.org\/{rel}","templated":true}]}}