{"id":241270,"date":"2025-07-11T00:29:12","date_gmt":"2025-07-11T00:29:12","guid":{"rendered":"https:\/\/www.europesays.com\/fr\/241270\/"},"modified":"2025-07-11T00:29:12","modified_gmt":"2025-07-11T00:29:12","slug":"helene-segara-deprogrammee-dun-festival-pour-lequel-elle-na-jamais-signe","status":"publish","type":"post","link":"https:\/\/www.europesays.com\/fr\/241270\/","title":{"rendered":"H\u00e9l\u00e8ne S\u00e9gara d\u00e9programm\u00e9e d&rsquo;un festival&#8230; pour lequel elle n&rsquo;a jamais sign\u00e9"},"content":{"rendered":"<p class=\"ap-StoryElement ap-StoryElement--mb js-paywall-target ap-StoryText\">Surprise par cette annonce, l&rsquo;artiste a d\u00e9clar\u00e9 \u00e0 l&rsquo;AFP qu&rsquo;elle n&rsquo;\u00e9tait pas au courant qu&rsquo;elle devait s&rsquo;y produire. \u00ab\u00a0J&rsquo;apprends l&rsquo;annulation d&rsquo;un concert que je n&rsquo;ai jamais sign\u00e9. Aucun concert n&rsquo;\u00e9tait pr\u00e9vu\u00a0\u00bb, a-t-elle assur\u00e9. \u00ab\u00a0Je n&rsquo;ai jamais pris position pour Isra\u00ebl et je chante depuis des ann\u00e9es dans les pays arabes\u00a0\u00bb, a-t-elle ajout\u00e9, apr\u00e8s que de nombreux Tunisiens aient affich\u00e9 leur hostilit\u00e9 \u00e0 son \u00e9gard, affirmant qu&rsquo;elle soutenait Isra\u00ebl.<\/p>\n","protected":false},"excerpt":{"rendered":"Surprise par cette annonce, l&rsquo;artiste a d\u00e9clar\u00e9 \u00e0 l&rsquo;AFP qu&rsquo;elle n&rsquo;\u00e9tait pas au courant qu&rsquo;elle devait s&rsquo;y produire.&hellip;\n","protected":false},"author":2,"featured_media":241271,"comment_status":"","ping_status":"","sticky":false,"template":"","format":"standard","meta":{"footnotes":""},"categories":[1355],"tags":[38076,58,59,849,1011,27,38075,1361,873,2028],"class_list":{"0":"post-241270","1":"post","2":"type-post","3":"status-publish","4":"format-standard","5":"has-post-thumbnail","7":"category-musique","8":"tag-deprogrammation","9":"tag-divertissement","10":"tag-entertainment","11":"tag-festival","12":"tag-fr","13":"tag-france","14":"tag-helene-segara","15":"tag-music","16":"tag-musique","17":"tag-tunisie"},"share_on_mastodon":{"url":"https:\/\/pubeurope.com\/@fr\/114831777118736114","error":""},"_links":{"self":[{"href":"https:\/\/www.europesays.com\/fr\/wp-json\/wp\/v2\/posts\/241270","targetHints":{"allow":["GET"]}}],"collection":[{"href":"https:\/\/www.europesays.com\/fr\/wp-json\/wp\/v2\/posts"}],"about":[{"href":"https:\/\/www.europesays.com\/fr\/wp-json\/wp\/v2\/types\/post"}],"author":[{"embeddable":true,"href":"https:\/\/www.europesays.com\/fr\/wp-json\/wp\/v2\/users\/2"}],"replies":[{"embeddable":true,"href":"https:\/\/www.europesays.com\/fr\/wp-json\/wp\/v2\/comments?post=241270"}],"version-history":[{"count":0,"href":"https:\/\/www.europesays.com\/fr\/wp-json\/wp\/v2\/posts\/241270\/revisions"}],"wp:featuredmedia":[{"embeddable":true,"href":"https:\/\/www.europesays.com\/fr\/wp-json\/wp\/v2\/media\/241271"}],"wp:attachment":[{"href":"https:\/\/www.europesays.com\/fr\/wp-json\/wp\/v2\/media?parent=241270"}],"wp:term":[{"taxonomy":"category","embeddable":true,"href":"https:\/\/www.europesays.com\/fr\/wp-json\/wp\/v2\/categories?post=241270"},{"taxonomy":"post_tag","embeddable":true,"href":"https:\/\/www.europesays.com\/fr\/wp-json\/wp\/v2\/tags?post=241270"}],"curies":[{"name":"wp","href":"https:\/\/api.w.org\/{rel}","templated":true}]}}