{"id":241278,"date":"2025-07-11T00:34:14","date_gmt":"2025-07-11T00:34:14","guid":{"rendered":"https:\/\/www.europesays.com\/fr\/241278\/"},"modified":"2025-07-11T00:34:14","modified_gmt":"2025-07-11T00:34:14","slug":"cette-remise-fait-tomber-le-prix-des-airpods-pro-2-a-un-niveau-imbattable","status":"publish","type":"post","link":"https:\/\/www.europesays.com\/fr\/241278\/","title":{"rendered":"cette remise fait tomber le prix des AirPods Pro 2 \u00e0 un niveau imbattable"},"content":{"rendered":"<p>                    <b>Les AirPods Pro 2 USB-C sont les derniers mod\u00e8les en date et certainement les meilleurs \u00e9couteurs sans fil que vous puissiez vous offrir si vous avez opt\u00e9 pour l&rsquo;\u00e9cosyst\u00e8me Apple. Une promotion d&rsquo;Amazon pour le Prime Day permet aujourd&rsquo;hui aux abonn\u00e9s Prime d&rsquo;en profiter au meilleur tarif.<\/b><\/p>\n<p>                                                                                                                                                        <img decoding=\"async\" src=\"https:\/\/www.europesays.com\/fr\/wp-content\/uploads\/2025\/07\/3e833f1dbd_airpods-pro-2-bon-plan-prix-promo.webp.webp\" alt=\"AirPods Pro 2, bon plan, prix promo\" width=\"1200\" height=\"675\" loading=\"lazy\"\/>        <\/p>\n<p>Les AirPods Pro 2 USB-C \u00e0 un prix imbattable\u20ac<\/p>\n<p>Si les derniers \u00e9couteurs d&rsquo;Apple ressemblent \u00e0 s&rsquo;y m\u00e9prendre \u00e0 la g\u00e9n\u00e9ration pr\u00e9c\u00e9dente, Apple propose avec cette g\u00e9n\u00e9ration <b>un Port USB-C , un meilleur rendu gr\u00e2ce \u00e0 une puce H2 in\u00e9dite coupl\u00e9e \u00e0 de nouveaux algorithmes et de nouveaux haut-parleurs<\/b>. <\/p>\n<p>La Transparence adaptative (permettant de r\u00e9duire un son d\u00e9rangeant lorsque le mode Transparence est activ\u00e9) est de la partie, <b>la r\u00e9duction active du bruit ambiant<\/b> (ANC) <b>a \u00e9galement \u00e9t\u00e9 am\u00e9lior\u00e9e<\/b> et il sera possible d&rsquo;\u00e9tablir un profil d&rsquo;\u00e9coute personnalis\u00e9 (pour ces <a href=\"https:\/\/www.mac4ever.com\/audio\/173277-test-des-airpods-pro-2-les-meilleurs-ecouteurs-d-apple\" rel=\"nofollow noopener\" target=\"_blank\">AirPods Pro 2<\/a> mais \u00e9galement les Gen1, les AirPods Gen3, les Beats Fit Pro et les AirPods Max, avec un iPhone dot\u00e9 de Face ID et d&rsquo;iOS 16) en analysant la forme des oreilles de l&rsquo;utilisateur gr\u00e2ce \u00e0 la cam\u00e9ra d&rsquo;un iPhone.<\/p>\n<p>ANC plus efficace, Transparence adaptative et rendu sonore am\u00e9lior\u00e9<\/p>\n<p>Les AirPods Pro Gen2 sont livr\u00e9s avec une taille XS d&#8217;embouts afin de convenir au plus grand nombre et proposeront une autonomie de 6 heures avec ANC (soit une augmentation de 33% par rapport \u00e0 la g\u00e9n\u00e9ration pr\u00e9c\u00e9dente), pouss\u00e9e \u00e0 30 heures via le boitier de charge. Pratique,<b> il sera possible de glisser le doigt sur la tige afin de g\u00e9rer le volume des \u00e9couteurs<\/b>, une fonctionnalit\u00e9 r\u00e9clam\u00e9e par de nombreux utilisateurs. <\/p>\n<p>La puce UWB U1 est \u00e9galement de la partie pour retrouver plus facilement les \u00e9couteurs (qui \u00e9mettent chacun un son diff\u00e9rent) via l&rsquo;application Localiser. Le boitier propose une attache sur le c\u00f4t\u00e9 pour accrocher une lani\u00e8re, le MagSafe et la charge sans fil (y compris via le galet magn\u00e9tique des Apple Watch). Enfin, <b>les AirPods Pro 2 USB-C sont les seuls AirPods du catalogue compatibles avec <a href=\"https:\/\/www.mac4ever.com\/audio\/182982-voici-les-nouveautes-a-venir-pour-les-airpods-pro\" rel=\"nofollow noopener\" target=\"_blank\">les principales nouveaut\u00e9s d&rsquo;iOS 18<\/a> et proposent \u00e9galement une latence r\u00e9duite et de l&rsquo;audio sans perte une fois connect\u00e9s au Vision Pro<\/b>.<\/p>\n","protected":false},"excerpt":{"rendered":"Les AirPods Pro 2 USB-C sont les derniers mod\u00e8les en date et certainement les meilleurs \u00e9couteurs sans fil&hellip;\n","protected":false},"author":2,"featured_media":241279,"comment_status":"","ping_status":"","sticky":false,"template":"","format":"standard","meta":{"footnotes":""},"categories":[7],"tags":[38077,38078,1011,27,38079,43,40,41,39,42,44],"class_list":{"0":"post-241278","1":"post","2":"type-post","3":"status-publish","4":"format-standard","5":"has-post-thumbnail","7":"category-sciences-et-technologies","8":"tag-airpodspro","9":"tag-airpodspro2","10":"tag-fr","11":"tag-france","12":"tag-primeday","13":"tag-science","14":"tag-science-and-technology","15":"tag-sciences","16":"tag-sciences-et-technologies","17":"tag-technologies","18":"tag-technology"},"share_on_mastodon":{"url":"https:\/\/pubeurope.com\/@fr\/114831796949977115","error":""},"_links":{"self":[{"href":"https:\/\/www.europesays.com\/fr\/wp-json\/wp\/v2\/posts\/241278","targetHints":{"allow":["GET"]}}],"collection":[{"href":"https:\/\/www.europesays.com\/fr\/wp-json\/wp\/v2\/posts"}],"about":[{"href":"https:\/\/www.europesays.com\/fr\/wp-json\/wp\/v2\/types\/post"}],"author":[{"embeddable":true,"href":"https:\/\/www.europesays.com\/fr\/wp-json\/wp\/v2\/users\/2"}],"replies":[{"embeddable":true,"href":"https:\/\/www.europesays.com\/fr\/wp-json\/wp\/v2\/comments?post=241278"}],"version-history":[{"count":0,"href":"https:\/\/www.europesays.com\/fr\/wp-json\/wp\/v2\/posts\/241278\/revisions"}],"wp:featuredmedia":[{"embeddable":true,"href":"https:\/\/www.europesays.com\/fr\/wp-json\/wp\/v2\/media\/241279"}],"wp:attachment":[{"href":"https:\/\/www.europesays.com\/fr\/wp-json\/wp\/v2\/media?parent=241278"}],"wp:term":[{"taxonomy":"category","embeddable":true,"href":"https:\/\/www.europesays.com\/fr\/wp-json\/wp\/v2\/categories?post=241278"},{"taxonomy":"post_tag","embeddable":true,"href":"https:\/\/www.europesays.com\/fr\/wp-json\/wp\/v2\/tags?post=241278"}],"curies":[{"name":"wp","href":"https:\/\/api.w.org\/{rel}","templated":true}]}}