{"id":241282,"date":"2025-07-11T00:36:11","date_gmt":"2025-07-11T00:36:11","guid":{"rendered":"https:\/\/www.europesays.com\/fr\/241282\/"},"modified":"2025-07-11T00:36:11","modified_gmt":"2025-07-11T00:36:11","slug":"qui-etait-lagent-des-services-secrets-ukrainiens-tue-a-bout-portant-en-pleine-rue","status":"publish","type":"post","link":"https:\/\/www.europesays.com\/fr\/241282\/","title":{"rendered":"qui \u00e9tait l\u2019agent des services secrets ukrainiens tu\u00e9 \u00e0 bout portant en pleine rue ?"},"content":{"rendered":"<p>Alors qu\u2019Ivan Voronytch sortait de son appartement ce jeudi matin, aux alentours de 8 heures, il a \u00e9t\u00e9 abattu de 5 balles par un homme arm\u00e9 d\u2019un pistolet silencieux.<\/p>\n<p class=\"fig-paragraph\">L\u2019affaire est relativement rare en\u00a0<a href=\"http:\/\/www.lefigaro.fr\/international\/l-inconstance-de-trump-plonge-l-europe-et-l-ukraine-dans-l-incertitude-20250709\" target=\"_blank\" data-fig-type=\"Article\" rel=\"noopener\" data-gtm-custom-categorie=\"navigation\" data-gtm-custom-action=\"crossclick\" data-gtm-custom-label=\"Contextuel\" data-gtm-event=\"customEventSPE\" data-fig-domain=\"LEFIGARO\">Ukraine<\/a>. Les services de s\u00e9curit\u00e9 ukrainiens (SBU) ont annonc\u00e9 jeudi qu&rsquo;un de leurs agents, Ivan Voronytch avait \u00e9t\u00e9 tu\u00e9 \u00e0 Kiev. \u00abUne enqu\u00eate criminelle a \u00e9t\u00e9 ouverte pour le meurtre d&rsquo;un employ\u00e9 du SBU dans le district de Golosi\u00efvsky \u00e0 Kiev\u00bb, a indiqu\u00e9 le SBU dans un communiqu\u00e9. Les services de s\u00e9curit\u00e9 et la police ukrainienne \u00abprennent toutes les mesures n\u00e9cessaires pour \u00e9tablir les circonstances du crime et traduire les responsables en justice\u00bb, a poursuivi cette source.<\/p>\n<p class=\"fig-paragraph\">D\u2019apr\u00e8s le m\u00e9dia ukrainien ind\u00e9pendant\u00a0<a href=\"https:\/\/www.pravda.com.ua\/eng\/news\/2025\/07\/10\/7521071\/\" target=\"_blank\" rel=\"sponsored noopener\" data-gtm-custom-categorie=\"navigation\" data-gtm-custom-action=\"crossclick\" data-gtm-custom-label=\"Contextuel\" data-gtm-event=\"customEventSPE\">Ukrainska Pravda<\/a>, la victime serait le colonel Ivan Voronytch. Aux alentours de 8 heures ce matin, le suspect a tir\u00e9 cinq fois \u00e0 bout portant sur la victime, qui quittait son appartement, avec un pistolet muni d\u2019un silencieux, a \u00e9galement affirm\u00e9 le m\u00e9dia, citant des sources au sein du SBU. Une vid\u00e9o non identifi\u00e9e tir\u00e9e d&rsquo;une cam\u00e9ra de surveillance et relay\u00e9e par des cha\u00eenes Telegram ukrainiennes, montre un homme cagoul\u00e9 abattre un individu pr\u00e8s d&rsquo;un parking, avant de prendre la fuite. \u00abArriv\u00e9s sur les lieux, les forces de l&rsquo;ordre ont d\u00e9couvert le corps d&rsquo;un homme pr\u00e9sentant une blessure par balle\u00bb, a pr\u00e9cis\u00e9 pour sa part la police, assurant vouloir \u00ab\u00e9tablir toutes les circonstances de l&rsquo;incident\u00bb.<\/p>\n<p>                                    <a class=\"fig-a11y-skip a11y-hidden\" href=\"#fig-a11y-skip-main-inarticle\"><br \/>\n        Passer la publicit\u00e9<br \/>\n    <\/a><\/p>\n<p>\u00abLe tueur ennemi a accompli son sale travail\u00bb<\/p>\n<p class=\"fig-paragraph\">Selon Roman Chervinsky, un ancien officier des renseignements ukrainiens, Ivan Voronytch a pris les armes contre la Russie \u00abd\u00e8s 2014\u00bb lors\u00a0<a href=\"https:\/\/www.lefigaro.fr\/fig-data\/guerre-en-ukraine-comment-la-crimee-est-devenue-la-base-arriere-de-l-invasion-russe-20240317\/\" target=\"_blank\" rel=\"noopener\" data-gtm-custom-categorie=\"navigation\" data-gtm-custom-action=\"crossclick\" data-gtm-custom-label=\"Contextuel\" data-gtm-event=\"customEventSPE\">de l\u2019annexion de la Crim\u00e9e par Moscou<\/a>\u00a0et d\u00e9but\u00a0<a href=\"http:\/\/www.lefigaro.fr\/international\/en-pleins-pourparlers-difficiles-a-istanbul-l-armee-ukrainienne-flanche-face-aux-russes-dans-le-donbass-20250516\" target=\"_blank\" data-fig-type=\"NewsFlash\" rel=\"noopener\" data-gtm-custom-categorie=\"navigation\" data-gtm-custom-action=\"crossclick\" data-gtm-custom-label=\"Contextuel\" data-gtm-event=\"customEventSPE\" data-fig-domain=\"LEFIGARO\">de la guerre du Donbass<\/a>. \u00abCinq tirs \u00e0 bout portant alors qu\u2019il quittait son domicile ce matin\u00a0: le tueur ennemi a accompli son sale travail\u00bb, a d\u00e9nonc\u00e9 l\u2019ex-officier. Avant sa mort \u00e0 l\u2019\u00e2ge de 51 ans, Ivan Voronytch aurait \u00e9t\u00e9 le chef de la 1re division du 16e d\u00e9partement du Centre des op\u00e9rations sp\u00e9ciales du SBU, charg\u00e9 d\u2019op\u00e9rations telles que la lutte antiterroriste, les op\u00e9rations sp\u00e9ciales contre la Russie et les missions de s\u00e9curit\u00e9. \u00abM\u00e9moire \u00e9ternelle, respect et honneur\u00bb, rend hommage Roman Chervinsky, sur Facebook. Selon l\u2019agence de presse ukrainienne UNIAN, l\u2019ex-officier \u00e9tait \u00abexp\u00e9riment\u00e9\u00bb, sp\u00e9cialis\u00e9 \u00abdans le contre-espionnage\u00bb et dans la \u00abs\u00e9curit\u00e9 face aux menaces ext\u00e9rieures\u00bb.<\/p>\n<p class=\"fig-paragraph\">\u00ab(C\u2019\u00e9tait) un officier humble, patriote et honn\u00eate\u00bb, souligne \u00e9galement Yuriy Mykhalchyshyn, officier au sein du r\u00e9giment Azov et ancien employ\u00e9 du SBU, sur Facebook. Ce dernier salue la m\u00e9moire d\u2019un soldat \u00aben guerre depuis 2014 contre les occupants russes\u00bb, et qui s\u2019\u00e9tait insurg\u00e9 d\u00e8s le d\u00e9but de la crise ukrainienne, qui a \u00e9clat\u00e9 en 2013 avec\u00a0<a href=\"http:\/\/www.lefigaro.fr\/international\/ukraine-de-la-revolution-du-maidan-a-la-reconnaissance-russe-des-separatistes-du-donbass-20220221\" target=\"_blank\" data-fig-type=\"Article\" rel=\"noopener\" data-gtm-custom-categorie=\"navigation\" data-gtm-custom-action=\"crossclick\" data-gtm-custom-label=\"Contextuel\" data-gtm-event=\"customEventSPE\" data-fig-domain=\"LEFIGARO\">la r\u00e9volution pro-europ\u00e9enne du Ma\u00efdan<\/a>\u00a0et aboutit au renversement\u00a0<a href=\"https:\/\/www.lefigaro.fr\/flash-actu\/2019\/01\/24\/97001-20190124FILWWW00185-ukraine-l-ex-president-ianoukovitch-condamne-a-13-ans-de-prison-pour-trahison.php\" target=\"_blank\" data-fig-type=\"NewsFlash\" rel=\"noopener\" data-gtm-custom-categorie=\"navigation\" data-gtm-custom-action=\"crossclick\" data-gtm-custom-label=\"Contextuel\" data-gtm-event=\"customEventSPE\" data-fig-domain=\"LEFIGARO\">du pr\u00e9sident pro-russe Viktor Ianoukovitch.<\/a>\u00a0Aux c\u00f4t\u00e9s de Yuriy Mykhalchyshyn, Ivan Voronych faisait partie \u00abdes premiers groupes\u00bb qui sont all\u00e9s se battre dans les zones occup\u00e9es par la Russie. \u00abLe colonel (&#8230;) a servi pendant de nombreuses ann\u00e9es au D\u00e9partement de d\u00e9fense de l\u2019\u00c9tat national du SBU dans la r\u00e9gion de Lviv\u00bb, relate l\u2019ex-employ\u00e9, qui ajoute que son ancien camarade \u00e9tait ensuite \u00abpass\u00e9 au contre-espionnage\u00bb.<\/p>\n<p>\u00abFrapper les personnes qui prennent les d\u00e9cisions\u00bb<\/p>\n<p class=\"fig-paragraph\">Les Russes, eux, se r\u00e9jouissent de cette nouvelle. \u00abC&rsquo;est un bon signe\u00bb, s&rsquo;est r\u00e9joui Alexandre Kots, journaliste de guerre de Komsomolskaya Pravda, quotidien populaire en Russie, assurant que \u00abl&rsquo;ennemi doit avoir peur sur son propre territoire\u00bb. \u00abIl ne faut pas frapper les centres de d\u00e9cision (des forces ukrainiennes, NDLR), mais les personnes qui prennent les d\u00e9cisions\u00bb, a-t-il appuy\u00e9, accusant Ivan Voronytch d&rsquo;\u00eatre \u00abdirectement li\u00e9 \u00e0 l&rsquo;organisation d&rsquo;attentats terroristes en Russie\u00bb. La cha\u00eene Telegram Rybar, proche de l&rsquo;arm\u00e9e russe, a elle aussi affirm\u00e9 que \u00ables motifs pour \u00e9liminer cet agent du SBU (\u00e9taient) nombreux\u00bb, sans \u00abexclure une lutte interne\u00bb au sein du SBU, et \u00e9voque des pr\u00e9tendues op\u00e9rations men\u00e9es par l\u2019ex-officier contre les infrastructures militaires et civiles russes.<\/p>\n<p class=\"fig-paragraph\">Une telle attaque en plein jour est rare \u00e0 Kiev, y compris depuis le d\u00e9but de l&rsquo;invasion russe en f\u00e9vrier 2022.\u00a0<br \/>En plus de trois ans, Ukrainiens et Russes se sont accus\u00e9s r\u00e9guli\u00e8rement d&rsquo;assassinats organis\u00e9s notamment contre des responsables politiques et militaires, ainsi que de sabotage ou encore d&rsquo;espionnage.\u00a0<br \/>En ao\u00fbt 2022,\u00a0<a href=\"https:\/\/www.lefigaro.fr\/international\/russie-daria-douguina-erigee-en-martyre-par-les-faucons-nationalistes-russes-20220823\" target=\"_blank\" data-fig-type=\"Article\" rel=\"noopener\" data-gtm-custom-categorie=\"navigation\" data-gtm-custom-action=\"crossclick\" data-gtm-custom-label=\"Contextuel\" data-gtm-event=\"customEventSPE\" data-fig-domain=\"LEFIGARO\">l\u2019explosion d\u2019une voiture avait tu\u00e9 Daria Douguina<\/a>, la fille de l\u2019id\u00e9ologue ultranationaliste russe Alexandre Douguine.\u00a0<br \/>En avril 2023, un blogueur militaire russe, Maxime Fomine, avait lui perdu la vie dans la d\u00e9tonation d\u2019une statuette pi\u00e9g\u00e9e qui lui avait \u00e9t\u00e9 offerte dans un caf\u00e9 de Saint-P\u00e9tersbourg.\u00a0<br \/>Quelques mois plus tard, en ao\u00fbt 2023, les rumeurs de l\u2019implication ukrainienne dans la<a href=\"http:\/\/www.lefigaro.fr\/international\/lui-au-moins-c-etait-un-vrai-patriote-un-an-apres-la-mort-de-prigojine-les-anciens-de-wagner-veillent-sur-sa-memoire-20240822\" target=\"_blank\" data-fig-type=\"Article\" rel=\"noopener\" data-gtm-custom-categorie=\"navigation\" data-gtm-custom-action=\"crossclick\" data-gtm-custom-label=\"Contextuel\" data-gtm-event=\"customEventSPE\" data-fig-domain=\"LEFIGARO\">\u00a0mort d\u2019Evgu\u00e9ni Prigojine<\/a>, homme d\u2019affaires sulfureux et ultra-violent, qui s\u2019\u00e9tait progressivement affranchi du Kremlin jusqu\u2019\u00e0 d\u00e9fier ouvertement Vladimir Poutine avant de dispara\u00eetre dans un \u00e9trange accident d\u2019avion avaient \u00e9galement essaim\u00e9.\u00a0<br \/>Plus r\u00e9cemment, en d\u00e9cembre 2024,\u00a0<a href=\"http:\/\/www.lefigaro.fr\/international\/le-general-russe-en-charge-des-armes-chimiques-tue-dans-un-attentat-a-la-trottinette-20241217\" target=\"_blank\" data-fig-type=\"Article\" rel=\"noopener\" data-gtm-custom-categorie=\"navigation\" data-gtm-custom-action=\"crossclick\" data-gtm-custom-label=\"Contextuel\" data-gtm-event=\"customEventSPE\" data-fig-domain=\"LEFIGARO\">le commandant des forces russes de d\u00e9fense radiologique, chimique et biologique, Igor Kirillov<\/a>, a \u00e9t\u00e9 tu\u00e9 par l\u2019explosion d\u2019une trottinette \u00e9lectrique pi\u00e9g\u00e9e \u00e0 Moscou, un assassinat qui avait \u00e9t\u00e9 revendiqu\u00e9 par les services de s\u00e9curit\u00e9 ukrainiens (SBU). Enfin, le 25 avril, le g\u00e9n\u00e9ral Iaroslav Moskalik, chef adjoint de la Direction g\u00e9n\u00e9rale op\u00e9rationnelle de l\u2019\u00e9tat-major des forces arm\u00e9es russes,\u00a0<a href=\"http:\/\/www.lefigaro.fr\/international\/guerre-en-ukraine-un-haut-grade-de-la-marine-russe-tue-au-combat-dans-la-region-de-koursk-20250703\" target=\"_blank\" data-fig-type=\"NewsFlash\" rel=\"noopener\" data-gtm-custom-categorie=\"navigation\" data-gtm-custom-action=\"crossclick\" data-gtm-custom-label=\"Contextuel\" data-gtm-event=\"customEventSPE\" data-fig-domain=\"LEFIGARO\">a \u00e9t\u00e9 tu\u00e9 dans l\u2019explosion d\u2019une voiture<\/a>\u00a0pr\u00e8s de Moscou.<\/p>\n","protected":false},"excerpt":{"rendered":"Alors qu\u2019Ivan Voronytch sortait de son appartement ce jeudi matin, aux alentours de 8 heures, il a \u00e9t\u00e9&hellip;\n","protected":false},"author":2,"featured_media":241283,"comment_status":"","ping_status":"","sticky":false,"template":"","format":"standard","meta":{"footnotes":""},"categories":[5],"tags":[11,9484,1011,27,14,12,220,28],"class_list":{"0":"post-241282","1":"post","2":"type-post","3":"status-publish","4":"format-standard","5":"has-post-thumbnail","7":"category-international","8":"tag-actualites","9":"tag-agent-secret","10":"tag-fr","11":"tag-france","12":"tag-international","13":"tag-news","14":"tag-ukraine","15":"tag-world"},"share_on_mastodon":{"url":"https:\/\/pubeurope.com\/@fr\/114831804537788078","error":""},"_links":{"self":[{"href":"https:\/\/www.europesays.com\/fr\/wp-json\/wp\/v2\/posts\/241282","targetHints":{"allow":["GET"]}}],"collection":[{"href":"https:\/\/www.europesays.com\/fr\/wp-json\/wp\/v2\/posts"}],"about":[{"href":"https:\/\/www.europesays.com\/fr\/wp-json\/wp\/v2\/types\/post"}],"author":[{"embeddable":true,"href":"https:\/\/www.europesays.com\/fr\/wp-json\/wp\/v2\/users\/2"}],"replies":[{"embeddable":true,"href":"https:\/\/www.europesays.com\/fr\/wp-json\/wp\/v2\/comments?post=241282"}],"version-history":[{"count":0,"href":"https:\/\/www.europesays.com\/fr\/wp-json\/wp\/v2\/posts\/241282\/revisions"}],"wp:featuredmedia":[{"embeddable":true,"href":"https:\/\/www.europesays.com\/fr\/wp-json\/wp\/v2\/media\/241283"}],"wp:attachment":[{"href":"https:\/\/www.europesays.com\/fr\/wp-json\/wp\/v2\/media?parent=241282"}],"wp:term":[{"taxonomy":"category","embeddable":true,"href":"https:\/\/www.europesays.com\/fr\/wp-json\/wp\/v2\/categories?post=241282"},{"taxonomy":"post_tag","embeddable":true,"href":"https:\/\/www.europesays.com\/fr\/wp-json\/wp\/v2\/tags?post=241282"}],"curies":[{"name":"wp","href":"https:\/\/api.w.org\/{rel}","templated":true}]}}