{"id":241284,"date":"2025-07-11T00:37:09","date_gmt":"2025-07-11T00:37:09","guid":{"rendered":"https:\/\/www.europesays.com\/fr\/241284\/"},"modified":"2025-07-11T00:37:09","modified_gmt":"2025-07-11T00:37:09","slug":"le-superyacht-sea-lady-ii-long-de-41-metres-en-feu-dans-le-port-de-saint-tropez","status":"publish","type":"post","link":"https:\/\/www.europesays.com\/fr\/241284\/","title":{"rendered":"Le superyacht Sea Lady II, long de 41 m\u00e8tres, en feu dans le port de Saint-Tropez"},"content":{"rendered":"<p>Construit en 1986 et r\u00e9nov\u00e9 en 2024, le superyacht, propos\u00e9 \u00e0 la location 80.000 euros la semaine hors frais en haute saison, est en proie aux flammes ce jeudi soir.<\/p>\n<p class=\"fig-paragraph\">Un yacht de luxe de 41 m\u00e8tres \u00e9tait en flammes jeudi soir\u00a0<a href=\"http:\/\/www.lefigaro.fr\/culture\/patrimoine\/pour-sauver-son-clocher-qui-menace-ruine-saint-tropez-cherche-encore-45-000-euros-20241125\" target=\"_blank\" data-fig-type=\"Article\" rel=\"noopener\" data-gtm-custom-categorie=\"navigation\" data-gtm-custom-action=\"crossclick\" data-gtm-custom-label=\"Contextuel\" data-gtm-event=\"customEventSPE\" data-fig-domain=\"LEFIGARO\">dans le port de Saint-Tropez (Var)<\/a>, a-t-on appris aupr\u00e8s des pompiers qui ont mis en place des barri\u00e8res antipollution. Le feu s&rsquo;est d\u00e9clar\u00e9 pour une raison inconnue peu apr\u00e8s 20h15 sur le superyacht Sea Lady II, amarr\u00e9 dans le vieux port de cette station hupp\u00e9e de la C\u00f4te d&rsquo;Azur, tr\u00e8s pris\u00e9e par la jet-set internationale.<\/p>\n<p class=\"fig-paragraph\">Peu avant 22H, le feu n&rsquo;\u00e9tait \u00abtoujours pas \u00e9teint\u00bb, a d\u00e9clar\u00e9 \u00e0 l&rsquo;AFP un porte-parole des pompiers du Var, faisant \u00e9tat de \u00abdifficult\u00e9s pour monter \u00e0 bord du navire\u00bb. Selon des images diffus\u00e9es sur les r\u00e9seaux sociaux, l&rsquo;incendie d\u00e9gageait d&rsquo;\u00e9paisses fum\u00e9es noires dans le ciel de Saint-Tropez, o\u00f9 de nombreux badauds filmaient la sc\u00e8ne le long du quai. \u00abLes yachts alentour ont pu \u00eatre rapidement d\u00e9gag\u00e9s et nous avons mis en place des barri\u00e8res antipollution\u00bb, a pr\u00e9cis\u00e9 le porte-parole des pompiers, jugeant \u00abprobable que le bateau coule dans le port\u00bb.<\/p>\n<p>                                    <a class=\"fig-a11y-skip a11y-hidden\" href=\"#fig-a11y-skip-main-inarticle\"><br \/>\n        Passer la publicit\u00e9<br \/>\n    <\/a><\/p>\n<p class=\"fig-paragraph\">Une trentaine de sapeurs pompiers assist\u00e9s de quatre engins sont mobilis\u00e9s pour lutter contre l&rsquo;incendie. Deux hommes se sont pr\u00e9sent\u00e9s aux secours se plaignant d&rsquo;avoir inhal\u00e9 des fum\u00e9es, sans qu&rsquo;il puisse \u00eatre pr\u00e9cis\u00e9 s&rsquo;il s&rsquo;agit de passagers du yacht. Le Sea Lady II est un superyacht de 41,2 m\u00e8tres battant pavillon maltais. Construit en 1986 et r\u00e9nov\u00e9 en 2024, il est propos\u00e9 \u00e0 la location 80.000 euros la semaine hors frais en haute saison. Outre ses huit membres d&rsquo;\u00e9quipage, il peut accueillir jusqu&rsquo;\u00e0 dix passagers avec ses cinq cabines, toutes \u00e9quip\u00e9es d&rsquo;une salle de bains priv\u00e9e, selon le site de location de yachts Charterindex.<\/p>\n","protected":false},"excerpt":{"rendered":"Construit en 1986 et r\u00e9nov\u00e9 en 2024, le superyacht, propos\u00e9 \u00e0 la location 80.000 euros la semaine hors&hellip;\n","protected":false},"author":2,"featured_media":241285,"comment_status":"","ping_status":"","sticky":false,"template":"","format":"standard","meta":{"footnotes":""},"categories":[4],"tags":[11,1011,27,1310,12,25,21075],"class_list":{"0":"post-241284","1":"post","2":"type-post","3":"status-publish","4":"format-standard","5":"has-post-thumbnail","7":"category-france","8":"tag-actualites","9":"tag-fr","10":"tag-france","11":"tag-incendie","12":"tag-news","13":"tag-republique-francaise","14":"tag-yacht"},"share_on_mastodon":{"url":"https:\/\/pubeurope.com\/@fr\/114831808458513424","error":""},"_links":{"self":[{"href":"https:\/\/www.europesays.com\/fr\/wp-json\/wp\/v2\/posts\/241284","targetHints":{"allow":["GET"]}}],"collection":[{"href":"https:\/\/www.europesays.com\/fr\/wp-json\/wp\/v2\/posts"}],"about":[{"href":"https:\/\/www.europesays.com\/fr\/wp-json\/wp\/v2\/types\/post"}],"author":[{"embeddable":true,"href":"https:\/\/www.europesays.com\/fr\/wp-json\/wp\/v2\/users\/2"}],"replies":[{"embeddable":true,"href":"https:\/\/www.europesays.com\/fr\/wp-json\/wp\/v2\/comments?post=241284"}],"version-history":[{"count":0,"href":"https:\/\/www.europesays.com\/fr\/wp-json\/wp\/v2\/posts\/241284\/revisions"}],"wp:featuredmedia":[{"embeddable":true,"href":"https:\/\/www.europesays.com\/fr\/wp-json\/wp\/v2\/media\/241285"}],"wp:attachment":[{"href":"https:\/\/www.europesays.com\/fr\/wp-json\/wp\/v2\/media?parent=241284"}],"wp:term":[{"taxonomy":"category","embeddable":true,"href":"https:\/\/www.europesays.com\/fr\/wp-json\/wp\/v2\/categories?post=241284"},{"taxonomy":"post_tag","embeddable":true,"href":"https:\/\/www.europesays.com\/fr\/wp-json\/wp\/v2\/tags?post=241284"}],"curies":[{"name":"wp","href":"https:\/\/api.w.org\/{rel}","templated":true}]}}