{"id":241296,"date":"2025-07-11T00:43:13","date_gmt":"2025-07-11T00:43:13","guid":{"rendered":"https:\/\/www.europesays.com\/fr\/241296\/"},"modified":"2025-07-11T00:43:13","modified_gmt":"2025-07-11T00:43:13","slug":"il-est-un-gage-de-valeur-pour-le-consommateur-cette-fleuriste-du-var-recoit-une-prestigieuse-distinction","status":"publish","type":"post","link":"https:\/\/www.europesays.com\/fr\/241296\/","title":{"rendered":"\u00ab\u00a0Il est un gage de valeur pour le consommateur\u00a0\u00bb: cette fleuriste du Var re\u00e7oit une prestigieuse distinction"},"content":{"rendered":"<p><strong>Le titre de ma\u00eetre artisan, d\u00e9cern\u00e9 par la Chambre de m\u00e9tiers et de l\u2019artisanat (CMA) Provence-Alpes-C\u00f4te d\u2019Azur, est la plus haute distinction de l\u2019artisanat.<\/strong> <strong>Cathy D\u00e9pret<\/strong>, fleuriste \u00e0 Carqueiranne, vient de compl\u00e9ter la liste des dix Carqueirannais titulaires du prestigieux label. Ils sont au total <strong>500 sur 61.000 entreprises<\/strong> artisanales dans le Var.<\/p>\n<p>\u00c0 la t\u00eate de l\u2019enseigne bien connue <strong>\u00ab\u00a0Au Muguet\u00a0\u00bb<\/strong> depuis l\u2019an 2000, Cathy D\u00e9pret est une fleuriste passionn\u00e9e. Titulaire d\u2019un CAP et d\u2019un BP, elle n\u2019a cess\u00e9 de se former et de former les nouvelles g\u00e9n\u00e9rations. \u00c9mue, elle a repens\u00e9 aux vingt-cinq derni\u00e8res ann\u00e9es. \u00ab\u00a0Une boutique \u00e0 g\u00e9rer est un gros investissement, mais il y a tellement de moments gratifiants, notamment dans la transmission du m\u00e9tier\u00a0\u00bb, explique celle qui a d\u00e9j\u00e0 form\u00e9 huit apprentis. Cathie D\u00e9pret s\u2019investit non seulement pour son entreprise mais \u00e9galement dans la vie de la commune en tant que secr\u00e9taire de l\u2019Association pour la d\u00e9fense des int\u00e9r\u00eats des commer\u00e7ants et artisans carqueirannais (ADICAC).<\/p>\n<p>Le Var ne compte que neuf ma\u00eetres artisans fleuristes <\/p>\n<p>Roland Rolfo, pr\u00e9sident de la CMA pour le Var, lui a remis la distinction, \u00ab\u00a0symbole du savoir-faire artisanal et de la qualit\u00e9 des produits et services que les artisans proposent\u00a0\u00bb. \u00ab\u00a0Ce titre est un gage de valeur pour le consommateur et permet aux artisans de se d\u00e9marquer sur leur territoire\u00a0\u00bb, a-t-il soulign\u00e9 en f\u00e9licitant celle qui devient la 9e ma\u00eetre artisan fleuriste du d\u00e9partement.<\/p>\n<p>Le maire, Arnaud Latil a chaleureusement f\u00e9licit\u00e9 la commer\u00e7ante, soulignant son engagement, son amour du m\u00e9tier et de sa transmission. Il en a profit\u00e9 pour rappeler son admiration pour les entrepreneurs, qui prennent des risques tous les jours et pour qui chaque matin r\u00e9serve de nouveaux challenges. Enfin, Roland Rolfo a profit\u00e9 de la pr\u00e9sence d\u2019autres commer\u00e7ants pour rappeler que la CMA accompagne les entreprises sur toutes les probl\u00e9matiques tout au long de leur vie, de leur cr\u00e9ation \u00e0 leur transmission. Toute entreprise a la possibilit\u00e9 de b\u00e9n\u00e9ficier d\u2019un diagnostic puis d\u2019un accompagnement personnalis\u00e9.<\/p>\n<p>Aujourd\u2019hui, cette distinction vient couronner le parcours exemplaire d\u2019une professionnelle investie et attach\u00e9e aux valeurs de l\u2019artisanat.\u00a0<\/p>\n<p><strong>Savoir+<\/strong><br \/>&#13;<br \/>\nAu Muguet, 13 avenue de la Gare. T\u00e9l.: 04.94.58.71.08.<\/p>\n","protected":false},"excerpt":{"rendered":"Le titre de ma\u00eetre artisan, d\u00e9cern\u00e9 par la Chambre de m\u00e9tiers et de l\u2019artisanat (CMA) Provence-Alpes-C\u00f4te d\u2019Azur, est&hellip;\n","protected":false},"author":2,"featured_media":241297,"comment_status":"","ping_status":"","sticky":false,"template":"","format":"standard","meta":{"footnotes":""},"categories":[9619],"tags":[1111,11,1777,674,1011,27,12,882,25,2310,3366],"class_list":{"0":"post-241296","1":"post","2":"type-post","3":"status-publish","4":"format-standard","5":"has-post-thumbnail","7":"category-toulon","8":"tag-actu","9":"tag-actualites","10":"tag-eu","11":"tag-europe","12":"tag-fr","13":"tag-france","14":"tag-news","15":"tag-provence-alpes-cote-dazur","16":"tag-republique-francaise","17":"tag-toulon","18":"tag-vie-locale"},"share_on_mastodon":{"url":"https:\/\/pubeurope.com\/@fr\/114831832072416400","error":""},"_links":{"self":[{"href":"https:\/\/www.europesays.com\/fr\/wp-json\/wp\/v2\/posts\/241296","targetHints":{"allow":["GET"]}}],"collection":[{"href":"https:\/\/www.europesays.com\/fr\/wp-json\/wp\/v2\/posts"}],"about":[{"href":"https:\/\/www.europesays.com\/fr\/wp-json\/wp\/v2\/types\/post"}],"author":[{"embeddable":true,"href":"https:\/\/www.europesays.com\/fr\/wp-json\/wp\/v2\/users\/2"}],"replies":[{"embeddable":true,"href":"https:\/\/www.europesays.com\/fr\/wp-json\/wp\/v2\/comments?post=241296"}],"version-history":[{"count":0,"href":"https:\/\/www.europesays.com\/fr\/wp-json\/wp\/v2\/posts\/241296\/revisions"}],"wp:featuredmedia":[{"embeddable":true,"href":"https:\/\/www.europesays.com\/fr\/wp-json\/wp\/v2\/media\/241297"}],"wp:attachment":[{"href":"https:\/\/www.europesays.com\/fr\/wp-json\/wp\/v2\/media?parent=241296"}],"wp:term":[{"taxonomy":"category","embeddable":true,"href":"https:\/\/www.europesays.com\/fr\/wp-json\/wp\/v2\/categories?post=241296"},{"taxonomy":"post_tag","embeddable":true,"href":"https:\/\/www.europesays.com\/fr\/wp-json\/wp\/v2\/tags?post=241296"}],"curies":[{"name":"wp","href":"https:\/\/api.w.org\/{rel}","templated":true}]}}