{"id":241298,"date":"2025-07-11T00:44:10","date_gmt":"2025-07-11T00:44:10","guid":{"rendered":"https:\/\/www.europesays.com\/fr\/241298\/"},"modified":"2025-07-11T00:44:10","modified_gmt":"2025-07-11T00:44:10","slug":"une-jeune-marocaine-diplomee-dun-master-a-toulon-menacee-dexpulsion-de-la-france-en-octobre","status":"publish","type":"post","link":"https:\/\/www.europesays.com\/fr\/241298\/","title":{"rendered":"Une jeune marocaine dipl\u00f4m\u00e9e d\u2019un master \u00e0 Toulon, menac\u00e9e d\u2019expulsion de la France en octobre"},"content":{"rendered":"\n<p>Arriv\u00e9e en France en 2019 pour \u00e9tudier \u00e0 l\u2019Universit\u00e9 de Toulon, o\u00f9 elle a achev\u00e9, en 2024, un master Discours, politique et m\u00e9dias, apr\u00e8s une licence de Lettres, Nadia Jali a tout de l\u2019\u00e9tudiante mod\u00e8le. R\u00e9siliente, travailleuse et d\u00e9termin\u00e9e, elle n\u2019a pas l\u00e9sin\u00e9 sur les efforts pour r\u00e9ussir. \u00ab\u00a0Je ne fais pas \u00e7a que pour moi, mais aussi pour mes parents. J\u2019ai fait un emprunt de 8\u00a0000\u00a0euros, car pour le visa, il faut un garant ou un minimum de 615\u00a0euros par mois. J\u2019ai travaill\u00e9 en restauration rapide, 20h par semaine. Je n\u2019avais pas le temps de rentrer chez moi apr\u00e8s les cours, je devais m\u00eame parfois partir avant la fin\u00a0\u00bb, ressasse-t-elle.<\/p>\n<p>Elle n\u2019est pourtant pas s\u00fbre de rester dans l\u2019Hexagone. Son titre de s\u00e9jour \u201crecherche d\u2019emploi et cr\u00e9ation d\u2019entreprises\u201d court jusqu\u2019\u00e0 octobre. Pour obtenir une carte de s\u00e9jour, elle doit cr\u00e9er son entreprise ou trouver un emploi dont la r\u00e9mun\u00e9ration brute est sup\u00e9rieure \u00e0 2\u00a0702,70\u00a0euros, ou bien trouver un emploi dans un m\u00e9tier en tension. Mais, pour l\u2019instant, rien \u00e0 l\u2019horizon\u00a0: \u00ab\u00a0J\u2019ai envoy\u00e9 de nombreuses candidatures en communication. Je n\u2019ai jamais de r\u00e9ponse. Je suis venue avec plein d\u2019espoirs, de r\u00eaves, et je me retrouve dans cette situation\u00a0\u00bb, d\u00e9plore-t-elle.<\/p>\n<p> \u00ab\u00a0Je ne suis pas venue en vacances\u00a0\u00bb\n              <\/p>\n<p>Travailler dans un m\u00e9tier en tension ne l\u2019int\u00e9resse pas\u00a0: elle veut profiter du fruit de son labeur\u00a0: \u00ab\u00a0Le fran\u00e7ais n\u2019est pas ma langue maternelle, j\u2019ai d\u00fb faire beaucoup d\u2019efforts. J\u2019ai \u00e9t\u00e9 concentr\u00e9e sur les \u00e9tudes et mon travail \u00e9tudiant. Je peux compter le nombre de fois o\u00f9 je suis sortie depuis que je suis l\u00e0. Je trouve \u00e7a injuste.\u00a0\u00bb Elle r\u00e9fl\u00e9chit donc \u00e0 cr\u00e9er son entreprise\u00a0: \u00ab\u00a0Des associations n\u2019ont pas le budget pour un service communication. \u00c7a m\u2019a donn\u00e9 une id\u00e9e.\u00a0\u00bb<\/p>\n<p>Un ultime recours pour lequel elle est pr\u00eate \u00e0 suivre une formation de six mois, afin de se former \u00e0 l\u2019entrepreneuriat. Une solution imparfaite pour celle qui travaille chez Lidl depuis la fin de son master, pour vivre, mais aussi aider sa famille, et qui devrait encore cumuler les obligations. \u00ab\u00a0J\u2019ai demand\u00e9 des solutions \u00e0 la pr\u00e9fecture, ils ne peuvent rien faire. C\u2019est dommage de ne pas pouvoir aider les gens qui font tout pour s\u2019ins\u00e9rer dans la soci\u00e9t\u00e9\u00a0\u00bb, regrette Keny Pyneandee, du syndicat Unsa Lidl.<\/p>\n<p>\u00ab\u00a0Je m\u00e9rite une opportunit\u00e9, car j\u2019ai tout donn\u00e9. Je ne suis pas venue en vacances ou avoir des aides, j\u2019ai un objectif clair. D\u00e8s que j\u2019ai pos\u00e9 le pied sur le territoire, je me suis dit que j\u2019allais tout faire pour l\u2019atteindre\u00a0\u00bb, conclut Nadia Jali, qui n\u2019a pas dit son dernier mot.<\/p>\n","protected":false},"excerpt":{"rendered":"Arriv\u00e9e en France en 2019 pour \u00e9tudier \u00e0 l\u2019Universit\u00e9 de Toulon, o\u00f9 elle a achev\u00e9, en 2024, un&hellip;\n","protected":false},"author":2,"featured_media":241299,"comment_status":"","ping_status":"","sticky":false,"template":"","format":"standard","meta":{"footnotes":""},"categories":[9619],"tags":[1111,11,24324,1777,674,1011,27,12,882,25,2310],"class_list":{"0":"post-241298","1":"post","2":"type-post","3":"status-publish","4":"format-standard","5":"has-post-thumbnail","7":"category-toulon","8":"tag-actu","9":"tag-actualites","10":"tag-candidatures","11":"tag-eu","12":"tag-europe","13":"tag-fr","14":"tag-france","15":"tag-news","16":"tag-provence-alpes-cote-dazur","17":"tag-republique-francaise","18":"tag-toulon"},"share_on_mastodon":{"url":"https:\/\/pubeurope.com\/@fr\/114831835999828003","error":""},"_links":{"self":[{"href":"https:\/\/www.europesays.com\/fr\/wp-json\/wp\/v2\/posts\/241298","targetHints":{"allow":["GET"]}}],"collection":[{"href":"https:\/\/www.europesays.com\/fr\/wp-json\/wp\/v2\/posts"}],"about":[{"href":"https:\/\/www.europesays.com\/fr\/wp-json\/wp\/v2\/types\/post"}],"author":[{"embeddable":true,"href":"https:\/\/www.europesays.com\/fr\/wp-json\/wp\/v2\/users\/2"}],"replies":[{"embeddable":true,"href":"https:\/\/www.europesays.com\/fr\/wp-json\/wp\/v2\/comments?post=241298"}],"version-history":[{"count":0,"href":"https:\/\/www.europesays.com\/fr\/wp-json\/wp\/v2\/posts\/241298\/revisions"}],"wp:featuredmedia":[{"embeddable":true,"href":"https:\/\/www.europesays.com\/fr\/wp-json\/wp\/v2\/media\/241299"}],"wp:attachment":[{"href":"https:\/\/www.europesays.com\/fr\/wp-json\/wp\/v2\/media?parent=241298"}],"wp:term":[{"taxonomy":"category","embeddable":true,"href":"https:\/\/www.europesays.com\/fr\/wp-json\/wp\/v2\/categories?post=241298"},{"taxonomy":"post_tag","embeddable":true,"href":"https:\/\/www.europesays.com\/fr\/wp-json\/wp\/v2\/tags?post=241298"}],"curies":[{"name":"wp","href":"https:\/\/api.w.org\/{rel}","templated":true}]}}