{"id":241300,"date":"2025-07-11T00:45:14","date_gmt":"2025-07-11T00:45:14","guid":{"rendered":"https:\/\/www.europesays.com\/fr\/241300\/"},"modified":"2025-07-11T00:45:14","modified_gmt":"2025-07-11T00:45:14","slug":"en-attendant-olivier-faure-le-ps-au-secours-de-michael-delafosse","status":"publish","type":"post","link":"https:\/\/www.europesays.com\/fr\/241300\/","title":{"rendered":"en attendant Olivier Faure, le PS au secours de Micha\u00ebl Delafosse"},"content":{"rendered":"<p>            Par<br \/>\n        <strong><br \/>\n            <a href=\"https:\/\/actu.fr\/auteur\/c-nithard\" title=\"Consulter tous les articles de C\u00e9dric Nithard\" rel=\"nofollow noopener\" target=\"_blank\">C\u00e9dric Nithard<\/a><br \/>\n        <\/strong><\/p>\n<p>        Publi\u00e9 le<\/p>\n<p>            10 juil. 2025 \u00e0 17h39        <\/p>\n<p><strong>Les municipales<\/strong> se pr\u00e9parent \u00e0 <strong>Montpellier<\/strong> non sans d\u00e9j\u00e0 provoquer quelques secousses. \u00c0 <strong>gauche<\/strong>, La France Insoumise et les \u00c9cologistes ont act\u00e9, de part et d\u2019autre, leur strat\u00e9gie en visant <strong>le maire socialiste Micha\u00ebl Delafosse et sa majorit\u00e9<\/strong> comptant encore quelques \u00e9cologistes. Apr\u00e8s le ralliement des militants de l\u2019<strong>APR\u00c8S 34<\/strong> \u00e0 la mobilisation lanc\u00e9 justement par <strong>les \u00c9cologistes<\/strong>, le secr\u00e9taire f\u00e9d\u00e9ral du <strong>Parti Socialiste de l\u2019H\u00e9rault<\/strong> Julien Pradel fustige \u00ab\u00a0la division de la gauche\u00a0\u00bb et d\u00e9fend le bilan de l\u2019\u00e9quipe municipale. La pr\u00e9sidente de la r\u00e9gion Occitanie Carole Delga et d\u2019autres socialistes sont \u00e9galement mont\u00e9 au cr\u00e9neau. En attendant le Premier secr\u00e9taire Olivier Faure\u2026<\/p>\n<p>D\u00e9fense du bilan<\/p>\n<p class=\" wall-content\">Au second tour en 2020, <a href=\"https:\/\/actu.fr\/occitanie\/montpellier_34172\/montpellier-municipales-en-campagne-eelv-fusionne-avec-michael-delafosse_33919240.html\" rel=\"nofollow noopener\" target=\"_blank\">Micha\u00ebl Delafosse l\u2019avait emport\u00e9 en r\u00e9unissant au-del\u00e0 du PS, le PC et le PRG, eux pr\u00e9sents d\u00e8s le d\u00e9but, puis les \u00c9cologistes<\/a> dont certains, comme d\u2019autres de La France Insoumise, <a href=\"https:\/\/actu.fr\/occitanie\/montpellier_34172\/municipales-montpellier-mohed-altrad-en-manager-d-un-attelage-detonant_34043283.html\" rel=\"nofollow noopener\" target=\"_blank\">avaient commis une alliance de circonstance avec Mohed Altrad<\/a>. Cinq ans plus tard, \u00e0 quelques mois de remettre le couvert, les clivages sont toujours aussi marqu\u00e9s, voire se sont accentu\u00e9s du c\u00f4t\u00e9 des \u00e9cologistes dont ceux encore dans la majorit\u00e9 semblent d\u00e9sormais isol\u00e9s au sein du groupe local. <a href=\"https:\/\/actu.fr\/occitanie\/montpellier_34172\/montpellier-les-ecologistes-partiront-aux-municipales-sans-michael-delafosse-et-le-parti-socialiste_62817815.html\" rel=\"nofollow noopener\" target=\"_blank\">Les militants ont donn\u00e9 les pouvoirs \u00e0 la motion mixte conduite par Jean-Louis Roum\u00e9gas pour mener une strat\u00e9gie anti-Delafosse<\/a> et les discussions pour, d\u2019une part, agr\u00e9ger d\u2019autres forces autour des \u00e9cologistes et, d\u2019autre part, peser dans celle \u00e0 venir avec La France Insoumise qui a un plan et des objectifs identiques. \u00c0 ce jeu, les \u00c9cologistes ont enregistr\u00e9 le soutien de <a href=\"https:\/\/actu.fr\/occitanie\/montpellier_34172\/montpellier-elections-l-apres-34-veut-faire-vivre-l-espoir-ne-avec-le-nfp_62569237.html\" rel=\"nofollow noopener\" target=\"_blank\">l\u2019APR\u00c8S, mouvement n\u00e9 apr\u00e8s les exclusions de LFI des d\u00e9put\u00e9s Cl\u00e9mentine Autain et Alexis Corbi\u00e8res<\/a>.<\/p>\n<p class=\" wall-content\">Un \u00e9tat des lieux qui ne convient pas \u00e0 Julien Pradel qui la fait savoir dans un communiqu\u00e9. \u00ab\u00a0Le Parti socialiste de l\u2019H\u00e9rault constate avec regrets les ferments de la division de la gauche \u00e0 Montpellier, dans les remous des ambitions personnelles de quelques personnalit\u00e9s du pass\u00e9\u00a0\u00bb observe le secr\u00e9taire f\u00e9d\u00e9ral en visant plus particuli\u00e8rement : \u00ab\u00a0Une partie des \u00e9cologistes, emmen\u00e9s par Jean-Louis Roum\u00e9gas, sont donc pr\u00eats \u00e0 toutes les v\u00e9rit\u00e9s alternatives, en compagnie des purg\u00e9s de la meute (ndlr : en r\u00e9f\u00e9rence au r\u00e9cent livre sur LFI), pour tenter d\u2019assombrir le bilan de la majorit\u00e9 d\u2019union de la gauche de Montpellier\u00a0\u00bb. Venant en soutien \u00e0 Micha\u00ebl Delafosse, il d\u00e9fend : \u00ab\u00a0Une majorit\u00e9 qui a mis en place la gratuit\u00e9 des transports, le soutien scolaire gratuit, public et la\u00efque, l\u2019encadrement des loyers, la mutuelle communale, qui a d\u00e9fendu la la\u00efcit\u00e9, la culture pour tous, la s\u00e9curit\u00e9 et en particulier celle des femmes, l\u2019adaptation climatique et la r\u00e9novation des quartiers populaires\u00a0\u00bb.<\/p>\n<p>Le rassemblement de la gauche\u2026<\/p>\n<p class=\" wall-content\">Et si plusieurs dirigeants de la gauche (Cl\u00e9mentine Autain (APR\u00c8S), Olivier Faure (PS), Benjamin Lucas (G\u00e9n\u00e9ration.s), Fran\u00e7ois Ruffin (Debout !) et Marine Tondelier (Les Verts) accompagn\u00e9s de Lucie Castets) ont r\u00e9cemment lanc\u00e9 le Front populaire 2027 avec l\u2019id\u00e9e d\u2019une candidature commune \u00e0 la pr\u00e9sidentielle, le secr\u00e9taire f\u00e9d\u00e9ral regrette une situation diff\u00e9rente \u00e0 Montpellier. \u00ab\u00a0Ainsi donc, les m\u00eames qui d\u00e9fendent l\u2019unit\u00e9 pour les \u00e9ch\u00e9ances de 2027, s\u2019organisent minutieusement pour affaiblir les ex\u00e9cutifs de gauche dans les villes, au bilan connu et reconnu. Ils n\u2019y parviendront pas\u00a0\u00bb pr\u00e9vient-il.<\/p>\n<p>Vid\u00e9os : en ce moment sur Actu<\/p>\n<p class=\" wall-content\">Et de conclure offensif : \u00ab\u00a0Les socialistes de la m\u00e9tropole de Montpellier, comme ceux du d\u00e9partement, ne laisseront pas salir un bilan dans lequel nombre d\u2019\u00e9lecteurs de gauche, progressistes, simples citoyens se reconnaissent contre une radicalit\u00e9 de fa\u00e7ade, sans lendemain. Ils continueront \u00e0 \u0153uvrer en compagnie d\u2019\u00e9cologistes de la premi\u00e8re heure, d\u2019hommes et de femmes de conviction, acteurs d\u2019une gauche plurielle et r\u00e9publicaine\u00a0\u00bb. Comme pour ne pas oublier, parmi les affirmations des Insoumis et des \u00c9cologistes, que les Socialistes revendiquent aussi le rassemblement de la gauche.<\/p>\n<p>Un soutien pas tr\u00e8s Faure<\/p>\n<p class=\" wall-content\">\u00c0 la suite, les r\u00e9actions se sont encha\u00een\u00e9s sur les r\u00e9seaux sociaux. La pr\u00e9sident de la r\u00e9gion Occitanie Carole Delga a fustig\u00e9 l\u2019alliance \u00c9cologistes\/APR\u00c9S34 : \u00ab\u00a0Rien d\u2019autre \u00e0 faire que d\u2019attaquer un maire de gauche, qui est en train de transformer sa ville, la 7e de France, en conciliant social et \u00e9cologie ? Micha\u00ebl Delafosse redonne \u00e0 Montpellier le dynamisme et le rang qu\u2019elle m\u00e9rite. Il sera en t\u00eate et gagnera. La gauche responsable\u00a0\u00bb.<\/p>\n<p><img decoding=\"async\" src=\"https:\/\/www.europesays.com\/fr\/wp-content\/uploads\/2025\/07\/boris-chenaud-jean-louis-roumegas-apres-ecologistes-montpellier-640x427.jpg\" alt=\"\" width=\"640\" height=\"427\" loading=\"lazy\"\/>Jean-Louis Roum\u00e9gas r\u00e9agit<\/p>\n<p>Jean-Louis Roum\u00e9gas a semble-t-il peu go\u00fbt\u00e9 les attaques de la pr\u00e9sidente de la r\u00e9gion Occitanie. \u00ab\u00a0Carole Delga s\u2019inqui\u00e8te pour Mikael Delafosse \u00e0 l\u2019annonce du lancement du Rassemblement \u00e9cologiste, social et citoyen pr\u00e9sent\u00e9 par les \u00c9cologistes et l\u2019Apres. On est d\u2019abord heureux d\u2019\u00eatre la cause d\u2019une solidarit\u00e9 retrouv\u00e9e entre socialistes quand on se rappelle qu\u2019en 2020 Madame Delga a h\u00e9sit\u00e9 \u00e0 soutenir Mikael Delafosse lui pr\u00e9f\u00e9rant un temps Mohed Altrad. Mais il est vrai que Madame Delga est experte en union de la gauche elle qui en 2022 a pr\u00e9sent\u00e9 des dissidents face \u00e0 la NUPES provoquant la d\u00e9faite de candidats de gauche comme en Ari\u00e8ge\u00a0\u00bb ironise l&rsquo;\u00c9cologiste en sp\u00e9cialiste des alliances avec le Parti Socialiste&#8230;<\/p>\n<p>Le d\u00e9put\u00e9 poursuit par ailleurs : \u00ab\u00a0Delga et Delafosse r\u00e9clament l&rsquo;union mais ne respectent pas le programme du NFP quand ils soutiennent l&rsquo;A69 et le COM alors que le NFP s&rsquo;est prononc\u00e9 pour un moratoire sur les projets autoroutiers. Menant la strat\u00e9gie des \u00e9cologistes anti-Delafosse, Jean-Louis Roum\u00e9gas juge \u00ab\u00a0En tout cas \u00e0 Montpellier, qui a accord\u00e9 2\/3 des suffrages \u00e0 la gauche, le risque RN ou m\u00eame de droite n\u2019existe pas\u00a0\u00bb et d&rsquo;affirmer : \u00ab\u00a0Et notre ambition est justement de construire une nouvelle majorit\u00e9 vraiment de gauche et vraiment \u00e9cologiste !\u00a0\u00bb.<\/p>\n<p class=\" wall-content\">Parmi les autres \u00e9lus de toute la France, le d\u00e9put\u00e9 socialiste de l\u2019Eure Philippe Brun apporte son \u00ab\u00a0soutien plein et entier \u00e0 Micha\u00ebl Delafosse qui a fait de Montpellier la plus grande m\u00e9tropole d\u2019Europe assurant la gratuit\u00e9 des transports publics\u00a0\u00bb. Le maire de Rouen, porteur de la motion majoritairement soutenu en Occitanie qui \u00e9choua \u00e0 prendre la t\u00eate du PS, Nicolas Mayer-Rossignol souligne : \u00ab\u00a0\u00c0 Montpellier, Micha\u00ebl Delafosse est un maire extraordinaire, qui m\u00e8ne des politiques exemplaires sur les transports, la s\u00e9curit\u00e9, la culture, le social\u2026 Quand on est de gauche et qu\u2019on a la chance d\u2019avoir un maire de gauche de cette trempe, on ne m\u00e9gote pas, on le soutient \u00e0 fond !\u00a0\u00bb.<\/p>\n<p class=\" wall-content\">Dans la perspective du Front populaire 2027, quelques-uns ne manquent pas \u00e9galement de s\u2019interroger, face \u00e0 l\u2019alliance entre les \u00c9cologistes et l\u2019APR\u00c8S 34, qui eux ont expliqu\u00e9 placer les municipales hors de la d\u00e9marche d\u2019une union de la gauche pour les pr\u00e9sidentielles, quant au silence de Cl\u00e9mentine Autain, Marine Tondellier et bien s\u00fbr Olivier Faure. Un Premier secr\u00e9taire du Parti Socialiste qui a rarement apport\u00e9 son soutien \u00e0 Micha\u00ebl Delafosse. Face \u00e0 la situation, partag\u00e9e \u00e0 peu de choses pr\u00e8s dans d\u2019autres villes, il serait tout de m\u00eame \u00e9tonnant que ces responsables politiques d\u00e9tournent les yeux de Montpellier.<\/p>\n<p class=\" wall-content\">Suivez toute l\u2019actualit\u00e9 de vos villes et m\u00e9dias favoris en vous inscrivant \u00e0 <a href=\"https:\/\/moncompte.actu.fr\" title=\"D\u00e9couvez Mon Actu\" rel=\"nofollow noopener\" data-trk=\"{&quot;cta&quot;:{&quot;action&quot;:&quot;https:\\\/\\\/moncompte.actu.fr&quot;,&quot;category&quot;:&quot;mon compte&quot;,&quot;from&quot;:&quot;article footer&quot;,&quot;name&quot;:&quot;Mon actu&quot;,&quot;type&quot;:&quot;cta&quot;}}\" target=\"_blank\">Mon Actu<\/a>.<\/p>\n","protected":false},"excerpt":{"rendered":"Par C\u00e9dric Nithard Publi\u00e9 le 10 juil. 2025 \u00e0 17h39 Les municipales se pr\u00e9parent \u00e0 Montpellier non sans&hellip;\n","protected":false},"author":2,"featured_media":241301,"comment_status":"","ping_status":"","sticky":false,"template":"","format":"standard","meta":{"footnotes":""},"categories":[9599],"tags":[1111,11,4188,1777,674,1011,27,2208,12,2680,316,25],"class_list":{"0":"post-241300","1":"post","2":"type-post","3":"status-publish","4":"format-standard","5":"has-post-thumbnail","7":"category-montpellier","8":"tag-actu","9":"tag-actualites","10":"tag-elections-municipales","11":"tag-eu","12":"tag-europe","13":"tag-fr","14":"tag-france","15":"tag-montpellier","16":"tag-news","17":"tag-occitanie","18":"tag-politique","19":"tag-republique-francaise"},"share_on_mastodon":{"url":"https:\/\/pubeurope.com\/@fr\/114831839954463376","error":""},"_links":{"self":[{"href":"https:\/\/www.europesays.com\/fr\/wp-json\/wp\/v2\/posts\/241300","targetHints":{"allow":["GET"]}}],"collection":[{"href":"https:\/\/www.europesays.com\/fr\/wp-json\/wp\/v2\/posts"}],"about":[{"href":"https:\/\/www.europesays.com\/fr\/wp-json\/wp\/v2\/types\/post"}],"author":[{"embeddable":true,"href":"https:\/\/www.europesays.com\/fr\/wp-json\/wp\/v2\/users\/2"}],"replies":[{"embeddable":true,"href":"https:\/\/www.europesays.com\/fr\/wp-json\/wp\/v2\/comments?post=241300"}],"version-history":[{"count":0,"href":"https:\/\/www.europesays.com\/fr\/wp-json\/wp\/v2\/posts\/241300\/revisions"}],"wp:featuredmedia":[{"embeddable":true,"href":"https:\/\/www.europesays.com\/fr\/wp-json\/wp\/v2\/media\/241301"}],"wp:attachment":[{"href":"https:\/\/www.europesays.com\/fr\/wp-json\/wp\/v2\/media?parent=241300"}],"wp:term":[{"taxonomy":"category","embeddable":true,"href":"https:\/\/www.europesays.com\/fr\/wp-json\/wp\/v2\/categories?post=241300"},{"taxonomy":"post_tag","embeddable":true,"href":"https:\/\/www.europesays.com\/fr\/wp-json\/wp\/v2\/tags?post=241300"}],"curies":[{"name":"wp","href":"https:\/\/api.w.org\/{rel}","templated":true}]}}