{"id":241304,"date":"2025-07-11T00:49:04","date_gmt":"2025-07-11T00:49:04","guid":{"rendered":"https:\/\/www.europesays.com\/fr\/241304\/"},"modified":"2025-07-11T00:49:04","modified_gmt":"2025-07-11T00:49:04","slug":"tour-de-france-un-homme-arme-dun-couteau-et-menacant-interpelle-a-rouen-un-policier-blesse","status":"publish","type":"post","link":"https:\/\/www.europesays.com\/fr\/241304\/","title":{"rendered":"Tour de France : un homme arm\u00e9 d&rsquo;un couteau et mena\u00e7ant interpell\u00e9 \u00e0 Rouen, un policier bless\u00e9"},"content":{"rendered":"<p>\tTour de France : un homme arm\u00e9 d&rsquo;un couteau et mena\u00e7ant interpell\u00e9 \u00e0 Rouen, un policier bless\u00e9 &#8211; Valeurs actuelles<\/p>\n<p><a href=\"https:\/\/www.valeursactuelles.com\/\" rel=\"nofollow noopener\" target=\"_blank\">Accueil<\/a> \u00bb <a href=\"https:\/\/www.valeursactuelles.com\/faits-divers\" rel=\"nofollow noopener\" target=\"_blank\">Faits divers<\/a> \u00bb Tour de France : un homme arm\u00e9 d\u2019un couteau et mena\u00e7ant interpell\u00e9 \u00e0 Rouen, un policier bless\u00e9<\/p>\n<p>            la boutique <img decoding=\"async\" class=\"lazy\" src=\"https:\/\/www.valeursactuelles.com\/assets\/themes\/krea-theme\/images\/valeurs-actuelles-yellow.svg\" title=\"Valeurs actuelles\"\/><\/p>\n<p>                                                            <img decoding=\"async\" class=\"lazy\" src=\"https:\/\/www.europesays.com\/fr\/wp-content\/uploads\/2025\/06\/VA_HS39_001B.jpg\"\/><\/p>\n<p>                                                    Voir le produit<\/p>\n<p>                                                            <img decoding=\"async\" class=\"lazy\" src=\"https:\/\/www.europesays.com\/fr\/wp-content\/uploads\/2025\/06\/WhatsApp-Image-2024-05-28-a-11.48.56_25edefee-1.jpg\"\/><\/p>\n<p>                                                    Voir le produit<\/p>\n<p>                                                            <img decoding=\"async\" class=\"lazy\" src=\"https:\/\/www.europesays.com\/fr\/wp-content\/uploads\/2025\/06\/SM017_001.jpg\"\/><\/p>\n<p>                                                    Voir le produit<\/p>\n","protected":false},"excerpt":{"rendered":"Tour de France : un homme arm\u00e9 d&rsquo;un couteau et mena\u00e7ant interpell\u00e9 \u00e0 Rouen, un policier bless\u00e9 &#8211;&hellip;\n","protected":false},"author":2,"featured_media":241305,"comment_status":"","ping_status":"","sticky":false,"template":"","format":"standard","meta":{"footnotes":""},"categories":[9587],"tags":[1111,11,14118,1777,674,1011,27,12,5161,1072,25,9590,210],"class_list":{"0":"post-241304","1":"post","2":"type-post","3":"status-publish","4":"format-standard","5":"has-post-thumbnail","7":"category-rouen","8":"tag-actu","9":"tag-actualites","10":"tag-attaque-au-couteau","11":"tag-eu","12":"tag-europe","13":"tag-fr","14":"tag-france","15":"tag-news","16":"tag-normandie","17":"tag-police","18":"tag-republique-francaise","19":"tag-rouen","20":"tag-tour-de-france"},"share_on_mastodon":{"url":"https:\/\/pubeurope.com\/@fr\/114831855859244572","error":""},"_links":{"self":[{"href":"https:\/\/www.europesays.com\/fr\/wp-json\/wp\/v2\/posts\/241304","targetHints":{"allow":["GET"]}}],"collection":[{"href":"https:\/\/www.europesays.com\/fr\/wp-json\/wp\/v2\/posts"}],"about":[{"href":"https:\/\/www.europesays.com\/fr\/wp-json\/wp\/v2\/types\/post"}],"author":[{"embeddable":true,"href":"https:\/\/www.europesays.com\/fr\/wp-json\/wp\/v2\/users\/2"}],"replies":[{"embeddable":true,"href":"https:\/\/www.europesays.com\/fr\/wp-json\/wp\/v2\/comments?post=241304"}],"version-history":[{"count":0,"href":"https:\/\/www.europesays.com\/fr\/wp-json\/wp\/v2\/posts\/241304\/revisions"}],"wp:featuredmedia":[{"embeddable":true,"href":"https:\/\/www.europesays.com\/fr\/wp-json\/wp\/v2\/media\/241305"}],"wp:attachment":[{"href":"https:\/\/www.europesays.com\/fr\/wp-json\/wp\/v2\/media?parent=241304"}],"wp:term":[{"taxonomy":"category","embeddable":true,"href":"https:\/\/www.europesays.com\/fr\/wp-json\/wp\/v2\/categories?post=241304"},{"taxonomy":"post_tag","embeddable":true,"href":"https:\/\/www.europesays.com\/fr\/wp-json\/wp\/v2\/tags?post=241304"}],"curies":[{"name":"wp","href":"https:\/\/api.w.org\/{rel}","templated":true}]}}