{"id":241308,"date":"2025-07-11T00:51:11","date_gmt":"2025-07-11T00:51:11","guid":{"rendered":"https:\/\/www.europesays.com\/fr\/241308\/"},"modified":"2025-07-11T00:51:11","modified_gmt":"2025-07-11T00:51:11","slug":"grenoble-impressionnant-incendie-dans-un-immeuble-la-piste-criminelle-privilegiee","status":"publish","type":"post","link":"https:\/\/www.europesays.com\/fr\/241308\/","title":{"rendered":"Grenoble. Impressionnant incendie dans un immeuble : la piste criminelle privil\u00e9gi\u00e9e"},"content":{"rendered":"<p>            Par<br \/>\n        <strong><br \/>\n            <a href=\"https:\/\/actu.fr\/auteur\/lisa-rodrigues\" title=\"Consulter tous les articles de Lisa Rodrigues\" rel=\"nofollow noopener\" target=\"_blank\">Lisa Rodrigues<\/a><br \/>\n        <\/strong><\/p>\n<p>        Publi\u00e9 le<\/p>\n<p>            10 juil. 2025 \u00e0 15h29        <\/p>\n<p>Les \u00e9paisses fum\u00e9es noires \u00e9taient visibles de loin dans le centre de <a href=\"https:\/\/actu.fr\/auvergne-rhone-alpes\/grenoble_38185\" rel=\"nofollow noopener\" target=\"_blank\">Grenoble<\/a>. Samedi 5 juillet, un <strong>violent incendie<\/strong> s\u2019est d\u00e9clar\u00e9 dans un immeuble d\u2019habitation du quartier Hoche, all\u00e9e des Jardins.<\/p>\n<p>    <a href=\"https:\/\/www.google.com\/maps\/embed?pb=!1m18!1m12!1m3!1d2812.1686114706554!2d5.725795076135257!3d45.18368297107078!2m3!1f0!2f0!3f0!3m2!1i1024!2i768!4f13.1!3m3!1m2!1s0x478af49279006993%3A0x44f4fac453b0b6e8!2sAll.%20du%20Jardin%20Hoche%2C%2038000%20Grenoble!5e0!3m2!1sfr!2sfr!4v1752152306990!5m2!1sfr!2sfr\" title=\"Ouvrie le lien\" rel=\"nofollow noopener\" target=\"_blank\">Cliquez ici pour visualiser le contenu<\/a><\/p>\n<p class=\" wall-content\">D\u2019apr\u00e8s plusieurs t\u00e9moins, le feu est parti d\u2019un appartement du rez-de-chauss\u00e9e habit\u00e9 par un rabbin.<\/p>\n<p class=\" wall-content\">Au total, <strong>11 personnes ont \u00e9t\u00e9 bless\u00e9es<\/strong>, huit pompiers et trois policiers municipaux, notamment apr\u00e8s l\u2019explosion de bouteilles de gaz. Ils sont ressortis de l\u2019h\u00f4pital d\u00e8s le samedi soir.<\/p>\n<p>Un \u00ab\u00a0incendie volontaire\u00a0\u00bb<\/p>\n<p class=\" wall-content\">Presque une semaine apr\u00e8s l\u2019incendie, l\u2019enqu\u00eate sur les circonstances du sinistre se poursuit. Et il semble bien que ce ne soit pas un simple accident\u2026<\/p>\n<p>Vid\u00e9os : en ce moment sur Actu<\/p>\n<p class=\" wall-content\">En effet, jeudi 10 juillet, le parquet de Grenoble a annonc\u00e9 que \u00ab\u00a0les premi\u00e8res analyses font appara\u00eetre <strong>la trace d\u2019acc\u00e9l\u00e9rant de combustible<\/strong>\u00ab\u00a0.<\/p>\n<p class=\" wall-content\">Une d\u00e9couverte qui renforce donc \u00ab\u00a0la <strong>piste de l\u2019incendie volontaire<\/strong>\u00a0\u00bb aujourd\u2019hui privil\u00e9gi\u00e9e par les enqu\u00eateurs.<\/p>\n<p>Pas un acte antis\u00e9mite<\/p>\n<p class=\" wall-content\">L\u2019appartement d\u2019o\u00f9 est parti l\u2019incendie \u00e9tant habit\u00e9 par un rabbin, la piste d\u2019un acte antis\u00e9mite a \u00e9t\u00e9 \u00e9voqu\u00e9e ces derniers jours.<\/p>\n<p class=\" wall-content\">Celle-ci n\u2019est <strong>pas confirm\u00e9e<\/strong> par le parquet, aucune revendication ou menace en ce sens n\u2019ayant \u00e9t\u00e9 relev\u00e9e.<\/p>\n<p class=\" wall-content\">Suivez toute l\u2019actualit\u00e9 de vos villes et m\u00e9dias favoris en vous inscrivant \u00e0 <a href=\"https:\/\/moncompte.actu.fr\" title=\"D\u00e9couvez Mon Actu\" rel=\"nofollow noopener\" data-trk=\"{&quot;cta&quot;:{&quot;action&quot;:&quot;https:\\\/\\\/moncompte.actu.fr&quot;,&quot;category&quot;:&quot;mon compte&quot;,&quot;from&quot;:&quot;article footer&quot;,&quot;name&quot;:&quot;Mon actu&quot;,&quot;type&quot;:&quot;cta&quot;}}\" target=\"_blank\">Mon Actu<\/a>.<\/p>\n","protected":false},"excerpt":{"rendered":"Par Lisa Rodrigues Publi\u00e9 le 10 juil. 2025 \u00e0 15h29 Les \u00e9paisses fum\u00e9es noires \u00e9taient visibles de loin&hellip;\n","protected":false},"author":2,"featured_media":232243,"comment_status":"","ping_status":"","sticky":false,"template":"","format":"standard","meta":{"footnotes":""},"categories":[9566],"tags":[1111,11,2430,1777,674,118,1011,27,2731,1310,303,12,1311,25],"class_list":{"0":"post-241308","1":"post","2":"type-post","3":"status-publish","4":"format-standard","5":"has-post-thumbnail","7":"category-grenoble","8":"tag-actu","9":"tag-actualites","10":"tag-auvergne-rhone-alpes","11":"tag-eu","12":"tag-europe","13":"tag-faits-divers","14":"tag-fr","15":"tag-france","16":"tag-grenoble","17":"tag-incendie","18":"tag-justice","19":"tag-news","20":"tag-pompiers","21":"tag-republique-francaise"},"share_on_mastodon":{"url":"https:\/\/pubeurope.com\/@fr\/114831863553909454","error":""},"_links":{"self":[{"href":"https:\/\/www.europesays.com\/fr\/wp-json\/wp\/v2\/posts\/241308","targetHints":{"allow":["GET"]}}],"collection":[{"href":"https:\/\/www.europesays.com\/fr\/wp-json\/wp\/v2\/posts"}],"about":[{"href":"https:\/\/www.europesays.com\/fr\/wp-json\/wp\/v2\/types\/post"}],"author":[{"embeddable":true,"href":"https:\/\/www.europesays.com\/fr\/wp-json\/wp\/v2\/users\/2"}],"replies":[{"embeddable":true,"href":"https:\/\/www.europesays.com\/fr\/wp-json\/wp\/v2\/comments?post=241308"}],"version-history":[{"count":0,"href":"https:\/\/www.europesays.com\/fr\/wp-json\/wp\/v2\/posts\/241308\/revisions"}],"wp:featuredmedia":[{"embeddable":true,"href":"https:\/\/www.europesays.com\/fr\/wp-json\/wp\/v2\/media\/232243"}],"wp:attachment":[{"href":"https:\/\/www.europesays.com\/fr\/wp-json\/wp\/v2\/media?parent=241308"}],"wp:term":[{"taxonomy":"category","embeddable":true,"href":"https:\/\/www.europesays.com\/fr\/wp-json\/wp\/v2\/categories?post=241308"},{"taxonomy":"post_tag","embeddable":true,"href":"https:\/\/www.europesays.com\/fr\/wp-json\/wp\/v2\/tags?post=241308"}],"curies":[{"name":"wp","href":"https:\/\/api.w.org\/{rel}","templated":true}]}}