{"id":241309,"date":"2025-07-11T00:54:32","date_gmt":"2025-07-11T00:54:32","guid":{"rendered":"https:\/\/www.europesays.com\/fr\/241309\/"},"modified":"2025-07-11T00:54:32","modified_gmt":"2025-07-11T00:54:32","slug":"mercato-rennes-azor-matusiwa-en-partance-pour-ipswich","status":"publish","type":"post","link":"https:\/\/www.europesays.com\/fr\/241309\/","title":{"rendered":"Mercato Rennes\u00a0: Azor Matusiwa en partance pour Ipswich"},"content":{"rendered":"<p class=\"paragraph text_align_left lp-f-body-02\">Le Stade Rennais devrait voir partir un nouvel \u00e9l\u00e9ment dans les heures \u00e0 venir. Alors que les dirigeants s\u2019activent pour r\u00e9duire un effectif pl\u00e9thorique pour la prochaine saison de <a href=\"https:\/\/www.leparisien.fr\/sports\/football\/ligue-1\/\" target=\"_blank\" rel=\"noreferrer nofollow noopener\">Ligue\u00a01<\/a>, ils ne sont plus tr\u00e8s loin d\u2019acter le d\u00e9part d\u2019Azor Matusiwa.<\/p>\n<p class=\"paragraph text_align_left lp-f-body-02\">Selon nos informations, le milieu de terrain n\u00e9erlandais, sous contrat jusqu\u2019en 2028, est en contacts tr\u00e8s avanc\u00e9s avec le club d\u2019Ipswich Town qui vient d\u2019\u00eatre rel\u00e9gu\u00e9 en Championship. Il n\u2019a d\u2019ailleurs pas particip\u00e9 au match amical du club breton ce jeudi matin contre Saint-Brieuc (1-1).<\/p>\n<p class=\"paragraph text_align_left lp-f-body-02\"><a href=\"https:\/\/www.leparisien.fr\/sports\/football\/ligue-1\/mercato-rennes-va-recruter-le-milieu-de-reims-matusiwa-17-01-2024-SW3TZXCACZALPJGUGUDYTQAORA.php\" target=\"_blank\" rel=\"noreferrer nofollow noopener\">Recrut\u00e9 pour 16\u00a0millions d\u2019euros \u00e0 Reims<\/a> \u00e0 l\u2019hiver 2024, le joueur de 27\u00a0ans n\u2019avait pas la certitude de jouer les premiers r\u00f4les cette saison sous les ordres d\u2019Habib Beye.<\/p>\n","protected":false},"excerpt":{"rendered":"Le Stade Rennais devrait voir partir un nouvel \u00e9l\u00e9ment dans les heures \u00e0 venir. Alors que les dirigeants&hellip;\n","protected":false},"author":2,"featured_media":241310,"comment_status":"","ping_status":"","sticky":false,"template":"","format":"standard","meta":{"footnotes":""},"categories":[2821],"tags":[1111,11,829,1777,674,63,1011,27,66,12,584,25,60],"class_list":{"0":"post-241309","1":"post","2":"type-post","3":"status-publish","4":"format-standard","5":"has-post-thumbnail","7":"category-rennes","8":"tag-actu","9":"tag-actualites","10":"tag-bretagne","11":"tag-eu","12":"tag-europe","13":"tag-football","14":"tag-fr","15":"tag-france","16":"tag-ligue-1","17":"tag-news","18":"tag-rennes","19":"tag-republique-francaise","20":"tag-sports"},"share_on_mastodon":{"url":"https:\/\/pubeurope.com\/@fr\/114831875511557706","error":""},"_links":{"self":[{"href":"https:\/\/www.europesays.com\/fr\/wp-json\/wp\/v2\/posts\/241309","targetHints":{"allow":["GET"]}}],"collection":[{"href":"https:\/\/www.europesays.com\/fr\/wp-json\/wp\/v2\/posts"}],"about":[{"href":"https:\/\/www.europesays.com\/fr\/wp-json\/wp\/v2\/types\/post"}],"author":[{"embeddable":true,"href":"https:\/\/www.europesays.com\/fr\/wp-json\/wp\/v2\/users\/2"}],"replies":[{"embeddable":true,"href":"https:\/\/www.europesays.com\/fr\/wp-json\/wp\/v2\/comments?post=241309"}],"version-history":[{"count":0,"href":"https:\/\/www.europesays.com\/fr\/wp-json\/wp\/v2\/posts\/241309\/revisions"}],"wp:featuredmedia":[{"embeddable":true,"href":"https:\/\/www.europesays.com\/fr\/wp-json\/wp\/v2\/media\/241310"}],"wp:attachment":[{"href":"https:\/\/www.europesays.com\/fr\/wp-json\/wp\/v2\/media?parent=241309"}],"wp:term":[{"taxonomy":"category","embeddable":true,"href":"https:\/\/www.europesays.com\/fr\/wp-json\/wp\/v2\/categories?post=241309"},{"taxonomy":"post_tag","embeddable":true,"href":"https:\/\/www.europesays.com\/fr\/wp-json\/wp\/v2\/tags?post=241309"}],"curies":[{"name":"wp","href":"https:\/\/api.w.org\/{rel}","templated":true}]}}