{"id":24131,"date":"2025-04-14T11:31:03","date_gmt":"2025-04-14T11:31:03","guid":{"rendered":"https:\/\/www.europesays.com\/fr\/24131\/"},"modified":"2025-04-14T11:31:03","modified_gmt":"2025-04-14T11:31:03","slug":"les-ub-90-du-racing-club-de-strasbourg-sortent-du-silence","status":"publish","type":"post","link":"https:\/\/www.europesays.com\/fr\/24131\/","title":{"rendered":"les UB 90 du Racing Club de Strasbourg sortent du silence"},"content":{"rendered":"<p class=\"p1\"><b>Ce samedi 12 avril, le Racing Club de Strasbourg retrouve son chaudron de la Meinau pour un match qui sent bon l\u2019Europe face \u00e0 Nice. Une Meinau qui sera toujours plus ou moins silencieuse les 15 premi\u00e8res minutes, apr\u00e8s la gr\u00e8ve d\u00e9cid\u00e9e par les UB 90 en ao\u00fbt dernier. Une gr\u00e8ve qui a beaucoup fait parler cette saison, sans pour autant donner la parole aux personnes concern\u00e9es, c\u2019est-\u00e0-dire les UB 90. C\u2019est le cas ici, pour un long entretien. <\/b><\/p>\n<p class=\"p1\">Avec les tr\u00e8s bons r\u00e9sultats du Racing, on en aurait presque oubli\u00e9 la gr\u00e8ve. <b>Objet de toutes les discussions ces derniers mois, elle n\u2019a cess\u00e9 d\u2019alimenter les d\u00e9bats familiaux, les r\u00e9seaux et m\u00eame les m\u00e9dias<\/b>. Des d\u00e9bats tr\u00e8s virulents, qui se sont immisc\u00e9s dans une Meinau qui n\u2019\u00e9tait plus aussi unie que les ann\u00e9es pass\u00e9es, et o\u00f9 la baisse d\u2019ambiance s\u2019est faite fortement ressentir.<\/p>\n<p>                <a href=\"https:\/\/pokaa.fr\/2024\/09\/19\/racing-club-de-strasbourg-cest-quoi-cette-ambiance-toxique-qui-sinstalle-a-la-meinau-2024\/\" target=\"_blank\" rel=\"noopener\"><br \/>\n                    <img width=\"450\" height=\"270\" src=\"https:\/\/www.europesays.com\/fr\/wp-content\/uploads\/2025\/04\/meinau-450x270.png\" class=\"attachment-card-horizontal--same-subject size-card-horizontal--same-subject wp-post-image\" alt=\"\" decoding=\"async\" loading=\"lazy\"\/>                <\/a><\/p>\n<p>Alors que la bande \u00e0 Liam Rosenior m\u00e8ne une ann\u00e9e 2025 exceptionnelle [10 victoires, 2 nuls et une seule d\u00e9faite en Ligue 1, 2e \u00e9quipe de France derri\u00e8re le PSG, ndlr], la Meinau pousse \u00e0 nouveau presque ensemble pour accompagner le Racing le plus haut possible.<b> Et c\u2019est dans ce climat plus apais\u00e9 que l\u2019on a voulu donner la parole aux Ultra Boys 90 (UB 90), par la voix de Maxime leur porte-parole, pour revenir sur cette ann\u00e9e mouvement\u00e9e et expliquer leur position<\/b>. Parce que si on en a beaucoup entendu parler cette saison, on a trop souvent parl\u00e9 d\u2019eux, sans eux.<\/p>\n<p>    <img width=\"800\" height=\"599\" src=\"https:\/\/www.europesays.com\/fr\/wp-content\/uploads\/2025\/04\/441941538-767458265538384-8361532178336073382-n-800x599.jpg\" class=\"attachment-image-size-L size-image-size-L\" alt=\"racing club de strasbourg meinau\" decoding=\"async\" loading=\"lazy\"  \/>         \u00a9 Nicolas Kaspar \/ Pokaa <\/p>\n<p>Une gr\u00e8ve d\u00e9cid\u00e9e apr\u00e8s une ann\u00e9e d\u2019observation<\/p>\n<p class=\"p1\">La gr\u00e8ve d\u00e9cid\u00e9e par les UB 90 avant le d\u00e9but de la saison a tellement occup\u00e9 l\u2019espace m\u00e9diatique qu\u2019on a presque tendance \u00e0 oublier que la contestation n\u2019a pas d\u00e9but\u00e9 par l\u00e0. <b>En f\u00e9vrier 2023, des rumeurs courent sur l\u2019int\u00e9r\u00eat de BlueCo de racheter le Racing<\/b>. \u00c0 ce moment-l\u00e0, <a href=\"https:\/\/www.facebook.com\/permalink.php?story_fbid=pfbid02vxrCReNrp8exQPq5us9SFgMpRFeGL2n24uH7Kc8ykDgWfuu4npkSeZbiYiD8LHpql&amp;id=100064517539658\" target=\"_blank\" rel=\"noopener\">les UB r\u00e9digent une charte avec la F\u00e9d\u00e9ration des supporters et la transmettent au club<\/a>, \u00ab avec les valeurs qui nous sont ch\u00e8res, au niveau de l\u2019ind\u00e9pendance, des valeurs locales \u00bb.<\/p>\n<p class=\"p1\">Au printemps, les rumeurs se font plus s\u00e9rieuses, et les UB 90 sortent des banderoles contre la multipropri\u00e9t\u00e9 lors du dernier match de la saison, \u00e0 Troyes. Finalement, <strong>en juin 2023, le club est enti\u00e8rement rachet\u00e9 par BlueCo,<\/strong> <a href=\"https:\/\/www.pappers.fr\/entreprise\/blueco-alsace-952912491\" target=\"_blank\" rel=\"noopener\">qui cr\u00e9e une soci\u00e9t\u00e9 en France nomm\u00e9e BlueCo Alsace<\/a> avec notamment comme dirigeants Paul Winstanley et Laurence Stewart, tous les deux directeurs sportifs de Chelsea. Un premier signal d\u2019alarme concernant l\u2019ind\u00e9pendance du Racing.<\/p>\n<blockquote><p>\n        On souhaite un club qui prenne ses d\u00e9cisions \u00e0 Strasbourg, et non \u00e0 Chelsea.    <\/p><\/blockquote>\n<p>            Maxime, porte-parole et vice-pr\u00e9sident des UB 90<\/p>\n<p class=\"p1\">\u00c0 ce moment-l\u00e0, selon Maxime : \u00ab\u00a0On se pose autour d\u2019une table avec le club <b>qui nous dit que ce sont deux clubs diff\u00e9rents, qui ne sont pas destin\u00e9s \u00e0 fonctionner ensemble et que ce n\u2019est pas une multipropri\u00e9t\u00e9 comme les autres<\/b>.\u00a0\u00bb Surtout, le club dit aux UB 90 que BlueCo souhaite les rencontrer. \u00c0 ce moment-l\u00e0, les UB jouent d\u2019abord la carte de l\u2019observation : \u00ab On a su \u00eatre ouverts au dialogue et aux diff\u00e9rents arguments expos\u00e9s par le club. Donc, on a d\u2019abord d\u00e9cid\u00e9 d\u2019\u00eatre attentifs \u00e0 ce qu\u2019il se passe, et ne pas prendre de d\u00e9cisions h\u00e2tives. \u00bb<\/p>\n<p class=\"p1\">Les premiers mois sont pass\u00e9s, toujours avec des banderoles contre la multipropri\u00e9t\u00e9. Sur le terrain, l\u2019\u00e9quipe de Patrick Vieira (l\u2019entra\u00eeneur pr\u00e9c\u00e9dent) ne brille pas. En coulisses, les UB n\u2019ont toujours pas pu rencontrer Behdad Eghbali, la personne la plus influente de BlueCo. Ce d\u00e9sir de rencontre est simple : \u00ab\u00a0<b>On souhaite parler aux personnes qui ont le dernier mot, pour savoir quel est leur int\u00e9r\u00eat pour Strasbourg et qu\u2019est-ce qu\u2019ils souhaitent faire \u00e0 Strasbourg<\/b>. Car ces personnes-l\u00e0 ne se sont jamais exprim\u00e9es ni pr\u00e9sent\u00e9es aux supporters, ou aux employ\u00e9s du club.\u00a0\u00bb<\/p>\n<blockquote><p>\n        On estime que c\u2019est BlueCo qui a le dernier mot, plus la direction \u00e0 Strasbourg.    <\/p><\/blockquote>\n<p>            Maxime, porte-parole et vice-pr\u00e9sident des UB 90<\/p>\n<p class=\"p1\">Selon Maxime, le club notifie aux UB que la demande va \u00eatre trait\u00e9e, mais ils n\u2019ont jamais eu de retour. Alors, \u00e0 partir de mars 2024,<b> ils passent une \u00e9tape sup\u00e9rieure dans la contestation : une banderole \u00ab BlueCo Out \u00bb est sortie, \u00ab\u00a0un message fort, qui correspond \u00e0 nos valeurs\u00a0\u00bb selon Maxime<\/b>. Une marche contre l\u2019actionnaire du Racing est m\u00eame organis\u00e9e \u00e0 l\u2019aune du match contre Rennes le 31 mars, une action tr\u00e8s mal v\u00e9cue en interne par le club.<\/p>\n<p>                <a href=\"https:\/\/pokaa.fr\/2024\/04\/01\/blueco-degage-a-strasbourg-les-ultras-dans-la-rue-contre-lactionnaire-du-racing\/\" target=\"_blank\" rel=\"noopener\"><br \/>\n                    <img width=\"450\" height=\"270\" src=\"https:\/\/www.europesays.com\/fr\/wp-content\/uploads\/2025\/04\/24033-pka-ub90-vs-blueco-1-450x270.jpg\" class=\"attachment-card-horizontal--same-subject size-card-horizontal--same-subject wp-post-image\" alt=\"\" decoding=\"async\" loading=\"lazy\"\/>                <\/a><\/p>\n<p>Finalement, \u00e0 l\u2019\u00e9t\u00e9 2024 l\u2019association se r\u00e9unit : \u00ab On discute de nombreuses fa\u00e7ons de faire ressortir notre m\u00e9contentement. D\u2019autres fa\u00e7ons de protester ont \u00e9t\u00e9 \u00e9voqu\u00e9es, certaines plus radicales que d\u2019autres, mais c\u2019est la gr\u00e8ve qui est ressortie comme la solution : <b>cela fait parler, c\u2019est un moyen pacifique de s\u2019exprimer mais qui fait passer un message clair<\/b>.\u00a0\u00bb En somme : s\u2019opposer \u00e0 la politique de BlueCo, qui repose sur un recrutement ax\u00e9 sur des jeunes \u00e0 fort potentiel, une perte d\u2019autonomie d\u00e9cisionnelle et la d\u00e9gradation de l\u2019attachement \u00e0 l\u2019institution Racing.<\/p>\n<p>    <img width=\"800\" height=\"532\" src=\"https:\/\/www.europesays.com\/fr\/wp-content\/uploads\/2025\/04\/24033-pka-ub90-vs-blueco-6-800x532.jpg\" class=\"attachment-image-size-L size-image-size-L\" alt=\"Marche Ultra Boys 90 contre BlueCo Ultras Racing Club de Strasbourg Football\" decoding=\"async\" loading=\"lazy\"  \/>         \u00a9 Adrien Labit \/ Pokaa <\/p>\n<p>Une perception de la gr\u00e8ve qui a \u00e9volu\u00e9 dans le temps<\/p>\n<p class=\"p1\">Lors du premier match face \u00e0 Rennes, la gr\u00e8ve ne se fait pas trop sentir \u00e0 la Meinau, m\u00eame si les d\u00e9bats ont d\u00e9j\u00e0 enflamm\u00e9 les r\u00e9seaux : il y a d\u2019abord une sensation de nouveaut\u00e9 et surtout, le Racing l\u2019emporte 3-1. Mais face \u00e0 Angers, lors d\u2019un triste match nul, <b>le d\u00e9but de cassure prend forme et surprend, surtout celles et ceux qui n\u2019ont pas connu la Meinau frondeuse des ann\u00e9es 2000<\/b>.<\/p>\n<blockquote><p>\n        Certes on fait une gr\u00e8ve, mais on se d\u00e9place toujours \u00e0 l\u2019autre bout de la France.    <\/p><\/blockquote>\n<p>            Maxime, porte-parole et vice-pr\u00e9sident des UB 90<\/p>\n<p class=\"p1\">Tr\u00e8s vite, <b>La gr\u00e8ve devient ainsi l\u2019alpha et l\u2019omega de l\u2019analyse des matchs du Racing \u00e0 domicile<\/b> : si tout va bien, elle n\u2019a aucune importance sur les joueurs (c\u2019est faux) ; si tout va mal, c\u2019est l\u2019unique raison des d\u00e9faites et c\u2019est \u00ab\u00a0la faute des UB\u00a0\u00bb (c\u2019est faux). Le proc\u00e9d\u00e9 verse dans le caricatural <b>et l\u2019hostilit\u00e9 grandit envers les UB, qui sont d\u00e9sormais siffl\u00e9s lorsqu\u2019ils arrivent dans le Kop<\/b>. Des moments difficiles \u00e0 vivre selon Maxime : \u00ab\u00a0Ce n\u2019est pas agr\u00e9able de se faire siffler, quand une partie des tribunes ne comprend pas notre message. On ne demande pas d\u2019\u00eatre en accord, mais on demande un respect, et que chacun puisse revendiquer ses id\u00e9es.\u00a0\u00bb<\/p>\n<p class=\"p1\">N\u00e9anmoins, pour lui, le combat men\u00e9 passe avant toute autre chose : \u00ab\u00a0Ce n\u2019est pas quelque chose qui est agr\u00e9able pour nous de faire la gr\u00e8ve, ce n\u2019est pas un plaisir. <b>Mais c\u2019est quelque chose qui est l\u00e0 pour manifester nos id\u00e9es ; donc faire la gr\u00e8ve \u00e7a passe au-dessus<\/b>.\u00a0\u00bb Le porte-parole des UB rappelle \u00e9galement que de nombreux\/ses supporters\/rices adverses \u00e9tant venu(e)s \u00e0 la Meinau ont soutenu leur combat [Lens, Auxerre, Toulouse, Nantes, ndlr] : \u00ab\u00a0Nous ne sommes pas seuls dans ce combat, c\u2019est un probl\u00e8me qui est fran\u00e7ais voire m\u00eame europ\u00e9en.\u00a0\u00bb<\/p>\n<p>    <img width=\"800\" height=\"600\" src=\"https:\/\/www.europesays.com\/fr\/wp-content\/uploads\/2025\/04\/img-7867-grande-800x600.jpeg\" class=\"attachment-image-size-L size-image-size-L\" alt=\"stade de la meinau racing\" decoding=\"async\" loading=\"lazy\"  \/>         \u00a9 Nicolas Kaspar \/ Pokaa <\/p>\n<p>Le \u00ab\u00a0coup de pression\u00a0\u00bb du mois de janvier, lanc\u00e9 dans une guerre de communication<\/p>\n<p class=\"p1\">La perception de la gr\u00e8ve prend un deuxi\u00e8me tournant le 25 janvier dernier : \u00e0 l\u2019issue du match remport\u00e9 face \u00e0 Lille, <b>le capitaine Habib Diarra prend la parole et demande aux supporters\/rices de soutenir les joueurs de la premi\u00e8re \u00e0 la derni\u00e8re minute<\/b>. Ovation dans le stade, et du pain b\u00e9ni pour les d\u00e9tracteurs\/rices les plus virulent(e)s de la gr\u00e8ve. Selon Maxime : \u00ab\u00a0\u00c0 ce moment-l\u00e0, il n\u2019y a pas de sujet : <b>\u00e7a peut \u00eatre pr\u00e9m\u00e9dit\u00e9 comme \u00eatre spontan\u00e9, mais \u00e7a reste les joueurs qui ont l\u2019envie d\u2019aller chercher les r\u00e9sultats<\/b>. Le message est pass\u00e9 : qu\u2019on l\u2019accepte ou non, c\u2019est un autre sujet, mais il n\u2019y a aucun souci l\u00e0-dessus. \u00bb<\/p>\n<p class=\"p1\">Mais derri\u00e8re, engag\u00e9 dans une bataille de communication sur le sujet, le club prend le relais pour enfoncer la porte qui a \u00e9t\u00e9 ouverte : le lundi matin, Marc Keller prend la parole <a href=\"https:\/\/www.rcstrasbourgalsace.fr\/message-du-president\/\" target=\"_blank\" rel=\"noopener\">via un communiqu\u00e9<\/a>, qui demande \u00ab\u00a0le soutien inconditionnel de nos supporters de la premi\u00e8re \u00e0 la derni\u00e8re minute\u00a0\u00bb. <b>Une prise de parole en vase clos, par le servie com\u2019 du club, o\u00f9 le narratif est ma\u00eetris\u00e9, et qui est relay\u00e9 ensuite par la quasi-totalit\u00e9 de la presse locale et sportive nationale<\/b>. Surtout, un message est envoy\u00e9 aux UB, avec la pression qui va avec dans l\u2019opinion publique. Dans un seul but : qu\u2019ils arr\u00eatent la gr\u00e8ve.<\/p>\n<blockquote><p>\n        C\u2019est un coup de pression, parce que le club revendique un monde o\u00f9 chacun vit sa passion comme il le souhaite, alors que le message pass\u00e9 ne va pas trop dans ce sens.    <\/p><\/blockquote>\n<p>            Maxime, porte-parole et vice-pr\u00e9sident des UB 90<\/p>\n<p class=\"p1\">Maxime d\u00e9taille : \u00ab On s\u2019est senti clairement vis\u00e9. M\u00eame si on n\u2019est pas cit\u00e9, on ne peut qu\u2019\u00eatre les seuls \u00e0 recevoir directement ce message.<strong> Surtout lorsque M. Keller a des sorties dans la presse qui sont tr\u00e8s tr\u00e8s r\u00e9gul\u00e9es, et rares. Donc on estime que quand il fait une sortie comme celle-ci, c\u2019est pour passer un message tr\u00e8s pr\u00e9cis<\/strong>. \u00bb Une preuve, s\u2019il en est, que la gr\u00e8ve fonctionne, puisque, au-del\u00e0 d\u2019occuper constamment les conversations, elle force le club \u00e0 se positionner.<\/p>\n<p class=\"p1\">Apr\u00e8s cette p\u00e9riode de tourbillon, les UB 90 rencontrent Liam Rosenior et Habib Diarra, leur r\u00e9affirmant leur soutien et leur expliquant que le message est dirig\u00e9 contre la direction, et non pas sur le volet sportif. Mais le lendemain, <strong>le coach anglais<\/strong> <b>demande lui aussi en conf\u00e9rence de presse l\u2019arr\u00eat de la gr\u00e8ve, en attendant des UB qu\u2019ils montrent leurs revendications d\u2019une mani\u00e8re diff\u00e9rente<\/b>. Une prise de parole peu appr\u00e9ci\u00e9e par les ultras, expliquant que les UB aient fait passer un message plus long que d\u2019habitude au micro lors du match face \u00e0 Angers afin \u00ab d\u2019expliquer notre position \u00e0 tout le Kop \u00bb, selon Maxime.<\/p>\n<blockquote><p>\n        Notre combat on le m\u00e8ne, dans les tribunes il est plus ou moins accept\u00e9. Est-ce qu\u2019ensuite il y a un travail fait pour nous \u00e9couter, je ne pense pas.&#13;\n    <\/p><\/blockquote>\n<p>            Maxime, porte-parole et vice-pr\u00e9sident des UB 90<\/p>\n<p class=\"p1\">Depuis, les relations entre les UB et le club n\u2019ont pas \u00e9volu\u00e9. Selon Maxime, elles restent cordiales, mais ne se concentrent plus sur la gouvernance du club parce que, d\u2019apr\u00e8s lui, \u00ab on a fait le tour de la question \u00bb : \u00ab\u00a0Nos messages passent, on a la libert\u00e9 de le faire au stade. <strong>Est-ce qu\u2019on est \u00e9cout\u00e9 ensuite, est-ce que notre message est remont\u00e9 plus haut, est-ce que nos dol\u00e9ances ont \u00e9t\u00e9 remont\u00e9es \u00e0 BlueCo, est-ce que notre demande de rencontrer BlueCo a \u00e9t\u00e9 r\u00e9ellement faite ?<\/strong> On ne pourra jamais savoir, mais ce sont des \u00e9l\u00e9ments sur lesquels on se questionne.\u00a0\u00bb<\/p>\n<p>    <img width=\"800\" height=\"600\" src=\"https:\/\/www.europesays.com\/fr\/wp-content\/uploads\/2025\/04\/img-2897-800x600.jpg\" class=\"attachment-image-size-L size-image-size-L\" alt=\"meinau travaux\" decoding=\"async\" loading=\"lazy\"  \/>         \u00a9 Nicolas Kaspar \/ Pokaa <\/p>\n<p>\u00ab\u00a0Pourquoi faire gr\u00e8ve alors que les r\u00e9sultats sont bons ?\u00a0\u00bb : le sportif et le mod\u00e8le, deux choses diff\u00e9rentes  <\/p>\n<p class=\"p1\">Dans le fond, le r\u00e9el point de discorde est celui-ci : Strasbourg joue bien, se trouve aux portes de l\u2019Europe mais il y a une gr\u00e8ve. <b>La f\u00eate n\u2019est pas totale, et beaucoup de supporters\/rices ne comprennent pas, ou n\u2019acceptent pas, cette prise de position<\/b> : \u00ab\u00a0On sent la pression populaire, on n\u2019est pas aveugles. On le sent par les sifflets, par certains messages pass\u00e9s, par les r\u00e9seaux sociaux \u00e9videmment. <b>Finalement, on nous dit \u00ab\u00a0Tout se passe bien, pourquoi vous \u00eates contre ?\u00a0\u00bb \u00bb<\/b>.<\/p>\n<p class=\"p1\">Les UB le disent : ils protestent contre la direction, et non pas contre le sportif. Une nuance qui n\u2019est pas forc\u00e9ment \u00e9vidente et un point sur lequel la direction du Racing appuie particuli\u00e8rement : \u00ab Le message du club c\u2019est \u00ab\u00a0On vous a prouv\u00e9, maintenant \u00e0 vous d\u2019arr\u00eater la gr\u00e8ve\u00a0\u00bb. <b>Nous, on ne leur a jamais dit qu\u2019il fallait qu\u2019ils prouvent quelque chose pour qu\u2019on arr\u00eate la gr\u00e8ve, parce que ce n\u2019est pas li\u00e9 au sportif<\/b>. Oui, les joueurs mouillent le maillot donc nous on soutient. Mais nos revendications sont autres. \u00bb<\/p>\n<blockquote><p>\n        Le sportif occulte beaucoup de choses : quand la situation est moins positive qu\u2019elle l\u2019est aujourd\u2019hui, il y a factuellement plus de personnes qui nous soutiennent.    <\/p><\/blockquote>\n<p>            Maxime, porte-parole et vice-pr\u00e9sident des UB 90<\/p>\n<p class=\"p1\">Pour Maxime, les bons r\u00e9sultats occultent le reste. Il pr\u00e9cise : \u00ab\u00a0Cela occulte la fa\u00e7on dont le club est g\u00e9r\u00e9, tout ce qu\u2019il y a derri\u00e8re. <b>Force est de constater qu\u2019il n\u2019y a plus aucun recruteur \u00e0 Strasbourg. C\u2019est une preuve suppl\u00e9mentaire pour nous que le club n\u2019est plus ind\u00e9pendant<\/b>.\u00a0\u00bb Concernant les supporters\/rices, il rajoute : \u00ab\u00a0Aujourd\u2019hui je pense, sans avoir l\u2019avis d\u00e9finitif, que beaucoup de supporters estiment que le r\u00e9sultat est premier, et qu\u2019on se concentre l\u00e0-dessus. On est dans une soci\u00e9t\u00e9 qui est dans la culture de l\u2019instant, et notamment dans le foot fran\u00e7ais.\u00a0\u00bb<\/p>\n<blockquote><p>\n        On est contre cette fa\u00e7on de g\u00e9rer le football et gouverner un club. Et \u00e7a ne change pas, m\u00eame si le club est aux portes de l\u2019Europe. On voit plus loin que juste le Racing, on a une vision centr\u00e9e sur comment on voit le football. &#13;\n    <\/p><\/blockquote>\n<p>            Maxime, porte-parole et vice-pr\u00e9sident des UB 90<\/p>\n<p class=\"p1\">Les UB se placent eux dans un temps plus long : \u00ab\u00a0<b>On a toujours \u00e9t\u00e9 assez long-termiste, en voyant au-del\u00e0 des r\u00e9sultats et en se demandant quelle est la gouvernance de notre club<\/b>, ce qu\u2019il repr\u00e9sente et surtout, quel sera son futur dans 3 ans, 5 ans\u2026 \u00bb.<\/p>\n<p class=\"p1\">Une position qui ne les emp\u00eache pas de c\u00e9l\u00e9brer les victoires : \u00ab\u00a0<b>On est heureux des r\u00e9sultats, on continue d\u2019aller au stade parce qu\u2019on d\u00e9fend notre Racing et la vision que nous avons de lui<\/b>.\u00a0\u00bb N\u00e9anmoins, il relativise : \u00ab Nous aussi on c\u00e9l\u00e8bre les succ\u00e8s, mais c\u2019est un succ\u00e8s mesur\u00e9, qui pour nous n\u2019a pas la m\u00eame saveur que 2019 [victoire en Coupe de la Ligue, ndlr], que 2022 [6e place en championnat, ndlr]. Pourquoi ? Parce qu\u2019on ne le gagne ni avec les m\u00eames armes, ni avec les m\u00eames valeurs. <b>On serait plus heureux si on \u00e9tait dans cette situation avec nos valeurs, ou m\u00eame dans une situation moindre<\/b>.\u00a0\u00bb<\/p>\n<p>    <img width=\"800\" height=\"532\" src=\"https:\/\/www.europesays.com\/fr\/wp-content\/uploads\/2025\/04\/24033-pka-ub90-vs-blueco-3-800x532.jpg\" class=\"attachment-image-size-L size-image-size-L\" alt=\"Marche Ultra Boys 90 contre BlueCo Ultras Racing Club de Strasbourg Football\" decoding=\"async\" loading=\"lazy\"  \/>         \u00a9 Adrien Labit \/ Pokaa <\/p>\n<p>La gr\u00e8ve, un combat vain ?<\/p>\n<p class=\"p1\">Parmi les critiques souvent exprim\u00e9es envers les UB, il y a celle portant sur le fait que le football a chang\u00e9, que les clubs familiaux n\u2019existent presque plus aujourd\u2019hui <strong>et qu\u2019il est vain de s\u2019opposer aux grandes mutations qui voguent vers la g\u00e9n\u00e9ralisation du format de la multipropri\u00e9t\u00e9<\/strong>.<\/p>\n<p class=\"p1\">Interrog\u00e9 sur le sujet, Maxime r\u00e9pond : \u00ab <b>Notre combat on le m\u00e8ne, en tribunes il est plus ou moins accept\u00e9. Est-ce qu\u2019ensuite il y a un travail fait pour nous \u00e9couter, je ne pense pas<\/b>. \u00bb\u00a0Il est pourtant loin de se d\u00e9courager : \u00ab <b>Si les actions en tribunes peuvent para\u00eetre vaines, pour nous elles sont tr\u00e8s importantes parce qu\u2019elles permettent de faire passer un message<\/b>. On est aussi ce garde-fou du football populaire. \u00bb<\/p>\n<p class=\"p1\">Le porte-parole des UB 90 d\u00e9taille : \u00ab\u00a0<b>On a \u00e9t\u00e9 dans une bulle les 10\/12 derni\u00e8res ann\u00e9es, avant la reprise du club<\/b>. Parce qu\u2019on \u00e9tait un club ind\u00e9pendant, fort et fier de ses valeurs, d\u2019un club qu\u2019on appelait diff\u00e9rent mais qui, selon nous, ne l\u2019est plus du tout aujourd\u2019hui. Mais il ne faut pas oublier que s\u2019il a pu rena\u00eetre de ses cendres, le club est descendu \u00e0 cause de financiers qui avaient pour objectif autre que le succ\u00e8s du Racing. Chacun jugera aujourd\u2019hui l\u2019objectif de BlueCo. \u00bb<\/p>\n<blockquote><p>\n        On est d\u00e9fenseur d\u2019un football qui nous est propre, et on le sera tant que l\u2019association sera active.    <\/p><\/blockquote>\n<p>            Maxime, porte-parole et vice-pr\u00e9sident des UB 90<\/p>\n<p class=\"p1\">S\u2019il reconna\u00eet que le combat est ardu, il n\u2019en d\u00e9mord pas : \u00ab\u00a0On fait face \u00e0 un fonds d\u2019investissement qui p\u00e8se des milliards dans le monde ; <b>nous on est une association, avec nos id\u00e9es et nous sommes parfois marginalis\u00e9s<\/b>. <b>Mais on est d\u00e9fenseur d\u2019un football qui nous est propre, et on le sera tant que l\u2019association sera active.<\/b>\u00a0\u00bb <\/p>\n<p class=\"p1\"><b>Un travail qui s\u2019accompagne d\u2019un autre, moins visible, sur la sensibilisation des politiques et des institutions<\/b> au fait que dans quelques ann\u00e9es, presque tous les clubs fran\u00e7ais pourraient \u00eatre amen\u00e9s \u00e0 faire partie de multipropri\u00e9t\u00e9s. Il conclue : \u00ab\u00a0Pour nous, ce n\u2019est pas quelque chose qui est vain, parce qu\u2019il y a un travail qui est lourd derri\u00e8re, m\u00eame s\u2019il ne se voit pas.\u00a0\u00bb<\/p>\n<p>    <img width=\"800\" height=\"532\" src=\"https:\/\/www.europesays.com\/fr\/wp-content\/uploads\/2025\/04\/24033-pka-ub90-vs-blueco-1-800x532.jpg\" class=\"attachment-image-size-L size-image-size-L\" alt=\"Marche Ultra Boys 90 contre BlueCo Ultras Racing Club de Strasbourg Football\" decoding=\"async\" loading=\"lazy\"  \/>         \u00a9 Adrien Labit \/ Pokaa <\/p>\n<p>Quel futur pour la gr\u00e8ve, le Racing et les UB ?<\/p>\n<p class=\"p1\">Alors que le Racing joue ce samedi soir contre Nice pour continuer sa folle qu\u00eate vers l\u2019Europe, une question taraude les supporters\/rices : est-ce que la gr\u00e8ve va s\u2019arr\u00eater ? La r\u00e9ponse est non, quoi qu\u2019il arrive. Maxime affirme : \u00ab\u00a0<b>Nous sommes ma\u00eetres de nos valeurs et de nos revendications, et donc de cette prise de d\u00e9cision qui ne doit pas \u00eatre influenc\u00e9e par l\u2019ext\u00e9rieur<\/b>.\u00a0\u00bb L\u2019association se r\u00e9unira comme d\u2019habitude durant l\u2019\u00e9t\u00e9, pour d\u00e9cider d\u2019une nouvelle marche \u00e0 suivre. Et pour l\u2019instant, rien ne filtre sur les prochaines actions qui seront men\u00e9es.<\/p>\n<p class=\"p1\">Une chose est s\u00fbre en revanche : la contestation contre BlueCo ne s\u2019arr\u00eatera pas de sit\u00f4t. Maxime d\u00e9taille : \u00ab\u00a0On m\u00e8ne aussi un combat de pr\u00e9vention. Quel impact aura Chelsea et BlueCo sur le Racing ? <b>\u00c7a c\u2019est la vraie question, parce que l\u2019on voit qu\u2019au fil des mois, au fil des ann\u00e9es, il y a de plus en plus d\u2019emprise<\/b>. On tend de plus en plus vers le mod\u00e8le que nous rejetons.\u00a0\u00bb<\/p>\n<blockquote><p>\n        Un club ce n\u2019est pas juste 11 joueurs, ce n\u2019est pas juste le staff ; c\u2019est un territoire, c\u2019est une ville, ce sont des valeurs.    <\/p><\/blockquote>\n<p>            Maxime, porte-parole et vice-pr\u00e9sident des UB 90<\/p>\n<p class=\"p1\">Un mod\u00e8le de multipropri\u00e9t\u00e9 qui pourrait d\u2019ailleurs peut-\u00eatre \u00e9voluer dans les ann\u00e9es \u00e0 venir : \u00ab\u00a0Le mod\u00e8le nous est pour l\u2019instant assez lucratif parce qu\u2019on est le deuxi\u00e8me club.<b> Nous on ne regarde pas \u00e7a, c\u2019est le mod\u00e8le dans son enti\u00e8ret\u00e9 que l\u2019on rejette<\/b>. Mais il existe un risque que d\u2019autres clubs se rajoutent, pour cr\u00e9er une galaxie de clubs o\u00f9 la place de Strasbourg pourra \u00eatre dilu\u00e9e.\u00a0\u00bb Avant d\u2019acheter Strasbourg, <a href=\"https:\/\/www.dailymail.co.uk\/sport\/football\/article-11210789\/Todd-Boehly-held-talks-purchasing-Portuguese-club-summer.html\" target=\"_blank\" rel=\"noopener\">BlueCo \u00e9tait en effet int\u00e9ress\u00e9 par des clubs au Portugal<\/a> ; rien ne dit qu\u2019il s\u2019arr\u00eatera \u00e0 un mod\u00e8le avec simplement deux clubs.<\/p>\n<p class=\"p1\">Alors que les UB f\u00eateront cette ann\u00e9e leurs 35 ans, les t\u00eates sont tourn\u00e9es vers le futur. Et Maxime r\u00e9sume finalement la pens\u00e9e de l\u2019association : \u00ab\u00a0Tout cela, on le fait pour le bien de notre club et ce que l\u2019on revendique. <b>On se porte comme protecteur et garant de l\u2019institution qu\u2019est le Racing Club de Strasbourg<\/b>.\u00a0\u00bb<\/p>\n<p>    <img width=\"800\" height=\"600\" src=\"https:\/\/www.europesays.com\/fr\/wp-content\/uploads\/2025\/04\/img-7870-grande-800x600.jpeg\" class=\"attachment-image-size-L size-image-size-L\" alt=\"stade de la Meinau racing\" decoding=\"async\" loading=\"lazy\"  \/>         \u00a9 Nicolas Kaspar \/ Pokaa <\/p>\n","protected":false},"excerpt":{"rendered":"Ce samedi 12 avril, le Racing Club de Strasbourg retrouve son chaudron de la Meinau pour un match&hellip;\n","protected":false},"author":2,"featured_media":24132,"comment_status":"","ping_status":"","sticky":false,"template":"","format":"standard","meta":{"footnotes":""},"categories":[2820],"tags":[1111,11,1777,674,1011,27,775,12,8708,25,640,8709,8710],"class_list":{"0":"post-24131","1":"post","2":"type-post","3":"status-publish","4":"format-standard","5":"has-post-thumbnail","7":"category-strasbourg","8":"tag-actu","9":"tag-actualites","10":"tag-eu","11":"tag-europe","12":"tag-fr","13":"tag-france","14":"tag-grand-est","15":"tag-news","16":"tag-racing-club-de-strasbourg","17":"tag-republique-francaise","18":"tag-strasbourg","19":"tag-ub-90","20":"tag-ultra-boys-90"},"share_on_mastodon":{"url":"https:\/\/pubeurope.com\/@fr\/114336096986043072","error":""},"_links":{"self":[{"href":"https:\/\/www.europesays.com\/fr\/wp-json\/wp\/v2\/posts\/24131","targetHints":{"allow":["GET"]}}],"collection":[{"href":"https:\/\/www.europesays.com\/fr\/wp-json\/wp\/v2\/posts"}],"about":[{"href":"https:\/\/www.europesays.com\/fr\/wp-json\/wp\/v2\/types\/post"}],"author":[{"embeddable":true,"href":"https:\/\/www.europesays.com\/fr\/wp-json\/wp\/v2\/users\/2"}],"replies":[{"embeddable":true,"href":"https:\/\/www.europesays.com\/fr\/wp-json\/wp\/v2\/comments?post=24131"}],"version-history":[{"count":0,"href":"https:\/\/www.europesays.com\/fr\/wp-json\/wp\/v2\/posts\/24131\/revisions"}],"wp:featuredmedia":[{"embeddable":true,"href":"https:\/\/www.europesays.com\/fr\/wp-json\/wp\/v2\/media\/24132"}],"wp:attachment":[{"href":"https:\/\/www.europesays.com\/fr\/wp-json\/wp\/v2\/media?parent=24131"}],"wp:term":[{"taxonomy":"category","embeddable":true,"href":"https:\/\/www.europesays.com\/fr\/wp-json\/wp\/v2\/categories?post=24131"},{"taxonomy":"post_tag","embeddable":true,"href":"https:\/\/www.europesays.com\/fr\/wp-json\/wp\/v2\/tags?post=24131"}],"curies":[{"name":"wp","href":"https:\/\/api.w.org\/{rel}","templated":true}]}}