{"id":241311,"date":"2025-07-11T00:55:17","date_gmt":"2025-07-11T00:55:17","guid":{"rendered":"https:\/\/www.europesays.com\/fr\/241311\/"},"modified":"2025-07-11T00:55:17","modified_gmt":"2025-07-11T00:55:17","slug":"choisir-lesperance-avec-le-festival-brother-sun","status":"publish","type":"post","link":"https:\/\/www.europesays.com\/fr\/241311\/","title":{"rendered":"Choisir l\u2019esp\u00e9rance avec le Festival Brother Sun"},"content":{"rendered":"<p>Ne cesser de remercier, de rendre gr\u00e2ce, en raison m\u00eame des ingratitudes de la vie, de ses rugosit\u00e9s, comme on creuse son sillon, confiant que le fruit viendra en son temps, telle est l\u2019invitation de ce livre.<\/p>\n<p>Tout ce que nous sommes, qui que nous soyons, d\u2019o\u00f9 que nous venions, quoi que nous ayons fait ou pens\u00e9, quelque mal que nous constations en dehors de nous et en nous, quel que soit le grand p\u00e9ril o\u00f9 se trouvent le monde et chacun de nous, tout peut \u00eatre v\u00e9cu ou interpr\u00e9t\u00e9 comme une gr\u00e2ce. Mais \u00e0 une condition : que nous ne nous mentions pas sur nous-m\u00eames.<\/p>\n<p>\u00c0 la fois m\u00e9ditation, r\u00e9flexion et essai philosophique, ce livre invite \u00e0 la lucidit\u00e9, \u00e0 regarder la trag\u00e9die de la vie en face, mais sans avoir peur de sa peur et sans d\u00e9sesp\u00e9rer de son d\u00e9sespoir. Il exhorte \u00e0 s\u2019interroger sur le myst\u00e8re de ses propres origines, l\u2019enfance, les petits bonheurs quotidiens, l\u2019amiti\u00e9, l\u2019amour, la souffrance, la mort, en redonnant c\u0153ur \u00e0 ceux qui perdent c\u0153ur.<\/p>\n<p>La c\u00e9l\u00e9bration d\u2019un vivant dans un monde en feu, d\u2019un homme dont le ressort reste la foi, la joie et l\u2019esp\u00e9rance. Une invitation \u00e0 la contemplation.<\/p>\n<p>\u00c9diteur\u00a0: Presses de la Renaissance<\/p>\n<p>Date de parution\u00a0: 7 mai 2008<\/p>\n<p>ISBN\u00a0: 102750901871<\/p>\n<p>Nombre de page\u00a0: 249<\/p>\n<p>Format\u00a0: 13,5 cm \u00d7 20,5 cm \u00d7 2,0 cm<\/p>\n","protected":false},"excerpt":{"rendered":"Ne cesser de remercier, de rendre gr\u00e2ce, en raison m\u00eame des ingratitudes de la vie, de ses rugosit\u00e9s,&hellip;\n","protected":false},"author":2,"featured_media":241312,"comment_status":"","ping_status":"","sticky":false,"template":"","format":"standard","meta":{"footnotes":""},"categories":[2820],"tags":[1111,11,1777,674,1011,27,775,12,25,38080,640],"class_list":{"0":"post-241311","1":"post","2":"type-post","3":"status-publish","4":"format-standard","5":"has-post-thumbnail","7":"category-strasbourg","8":"tag-actu","9":"tag-actualites","10":"tag-eu","11":"tag-europe","12":"tag-fr","13":"tag-france","14":"tag-grand-est","15":"tag-news","16":"tag-republique-francaise","17":"tag-slider","18":"tag-strasbourg"},"share_on_mastodon":{"url":"https:\/\/pubeurope.com\/@fr\/114831879316271778","error":""},"_links":{"self":[{"href":"https:\/\/www.europesays.com\/fr\/wp-json\/wp\/v2\/posts\/241311","targetHints":{"allow":["GET"]}}],"collection":[{"href":"https:\/\/www.europesays.com\/fr\/wp-json\/wp\/v2\/posts"}],"about":[{"href":"https:\/\/www.europesays.com\/fr\/wp-json\/wp\/v2\/types\/post"}],"author":[{"embeddable":true,"href":"https:\/\/www.europesays.com\/fr\/wp-json\/wp\/v2\/users\/2"}],"replies":[{"embeddable":true,"href":"https:\/\/www.europesays.com\/fr\/wp-json\/wp\/v2\/comments?post=241311"}],"version-history":[{"count":0,"href":"https:\/\/www.europesays.com\/fr\/wp-json\/wp\/v2\/posts\/241311\/revisions"}],"wp:featuredmedia":[{"embeddable":true,"href":"https:\/\/www.europesays.com\/fr\/wp-json\/wp\/v2\/media\/241312"}],"wp:attachment":[{"href":"https:\/\/www.europesays.com\/fr\/wp-json\/wp\/v2\/media?parent=241311"}],"wp:term":[{"taxonomy":"category","embeddable":true,"href":"https:\/\/www.europesays.com\/fr\/wp-json\/wp\/v2\/categories?post=241311"},{"taxonomy":"post_tag","embeddable":true,"href":"https:\/\/www.europesays.com\/fr\/wp-json\/wp\/v2\/tags?post=241311"}],"curies":[{"name":"wp","href":"https:\/\/api.w.org\/{rel}","templated":true}]}}