{"id":241315,"date":"2025-07-11T00:57:17","date_gmt":"2025-07-11T00:57:17","guid":{"rendered":"https:\/\/www.europesays.com\/fr\/241315\/"},"modified":"2025-07-11T00:57:17","modified_gmt":"2025-07-11T00:57:17","slug":"les-soirees-gourmandes-et-musicales-2025-a-villeneuve-loubet-village","status":"publish","type":"post","link":"https:\/\/www.europesays.com\/fr\/241315\/","title":{"rendered":"Les Soir\u00e9es Gourmandes et Musicales 2025 \u00e0 Villeneuve Loubet Village"},"content":{"rendered":"<p>Les Soir\u00e9es Gourmandes et Musicales font leur retour au c\u0153ur du village de Villeneuve Loubet les samedi19 et dimanche 20 juillet 2025 de 19h \u00e0 minuit.<\/p>\n<p><strong>SOIR\u00c9ES GOURMANDES &amp; MUSICALES 2025<\/strong> &#8211; Villeneuve-Loubet, la patrie du c\u00e9l\u00e8bre chef Auguste Escoffier, f\u00eate en musique la gastronomie dans les restaurants du village et les restaurants \u00e9ph\u00e9m\u00e8res qui jalonnent le village. Dans une ambiance festive et conviviale, chacun pourra s\u2019installer pour des moments gourmands en musique. Pour l\u2019occasion, les rues du village adoptent le nom de c\u00e9l\u00e8bres recettes (cordon-bleu, cr\u00eape Suzette ou p\u00eache Melba. L\u2019offre gastronomique vari\u00e9e sera propos\u00e9e par les associations villeneuvoises, les food trucks et les commer\u00e7ants permanents du village et l\u2019ambiance musicale sera assur\u00e9e par les formations Thalie\u2019s Men, La Triade ou encore Canzonissima\u2026 <br \/>Pour l\u2019occasion, le mus\u00e9e Escoffier de l\u2019Art culinaire proposera une ouverture exceptionnelle en nocturne de 19h \u00e0 23h (derni\u00e8re entr\u00e9e \u00e0 22h). Les visiteurs pourront b\u00e9n\u00e9ficier d\u2019un tarif r\u00e9duit \u00e0 5 \u20ac (au lieu de 7 \u20ac) et d\u2019un programme savoureux : d\u00e9gustation de la c\u00e9l\u00e8bre P\u00eache Melba offerte \u00e0 chaque visiteur, des d\u00e9monstrations culinaires \u00e0 20h sur le parvis du Mus\u00e9e et la visite guid\u00e9e \u00e0 21h (sur inscription au 04 93 20 80 51 &#8211; places limit\u00e9es \u00e0 25 personnes).<br \/>Le Bar \u00e0 Eau proposera de l\u2019eau, bien s\u00fbr mais aussi des chapeaux \u00e0 gobelets pour emp\u00eacher l\u2019introduction de drogues dans les verres et des ethylotests pour s\u2019assurer que l\u2019on est apte \u00e0 reprendre le volant. La circulation sur l\u2019avenue de la Libert\u00e9 sera ferm\u00e9e de 17h \u00e0 minuit et le stationnement sur le parking des Plans est conseill\u00e9.<\/p>\n<p><strong>Soir\u00e9es Gourmandes et Musicales<br \/>Samedi 19 Juillet 2025 de 19h \u00e0 minuit<br \/>Villeneuve Loubet Village<\/strong><br \/>Entr\u00e9e libre &#8211; infos : 04.92.02.66.16 \u2013 www.villeneuveloubet.fr<br \/>Avenue de la Libert\u00e9 ferm\u00e9e de 17h \u00e0 minuit, Parking des Plans conseill\u00e9<br \/>Navette Bord de Mer  Village jusqu\u2019\u00e0 minuit (plus d\u2019informations aupr\u00e8s de l\u2019Office de Tourisme)<\/p>\n<p><strong>Programmation musicale<\/strong><\/p>\n<p>\u00a0<strong>Samedi 19 juillet 2025<\/strong><br \/>Place de la R\u00e9publique (Piazza Forlimpopoli) : 21h \u2013 00h Canzonissima<br \/>Avenue de la Libert\u00e9 (Avenue du Cordon Bleu) : 21h15 \u2013 23h30 La Triade<br \/>Place Carnot (Place Cr\u00eape Suzette) : 19h30 \u2013 21h Anatole<br \/>Place de Verdun (Place P\u00eache Melba) :<br \/>19h30 \u2013 21h Topop<br \/>21h20 \u2013 23h45 Spoon Trio<br \/>Rue des Mesures (Rue Poire Belle H\u00e9l\u00e8ne) : 20h30 \u2013 23h KWO<\/p>\n<p><strong>Dimanche 20 Juillet 2025<\/strong><br \/>Place de la R\u00e9publique (Piazza Forlimpopoli) : 21h \u2013 00h Canzonissima<br \/>Avenue de la Libert\u00e9 (Avenue du Cordon Bleu) : 21h15 \u2013 23h30 La Triade<br \/>Place Carnot (Place Cr\u00eape Suzette) : 19h \u2013 21h Fiona Rose Duet<br \/>Place de Verdun (Place P\u00eache Melba) :19h \u2013 21h Thalie\u2019s Men &#8211; 21h20 \u2013 23h45 KWO<br \/>Rue des Mesures (Rue Poire Belle H\u00e9l\u00e8ne) : 20h30 \u2013 23h Topop<\/p>\n<p><strong>Le Bar \u00e0 Eau<\/strong><br \/>Outil de pr\u00e9vention des conduites \u00e0 risque pendant la saison estivale, le public y trouvera des \u00e9thylotests gratuits avant de prendre le volant en quittant la manifestation.<br \/>Le bar \u00e0 eau ne sert que de l\u2019eau, permettant ainsi \u00e0 une personne de \u00ab se poser \u00bb si elle se sent ivre.<br \/>Le bar a eau se veut \u00e9galement \u00eatre une \u00ab safe place \u00bb pour les femmes qui auraient un sentiment d\u2019ins\u00e9curit\u00e9.<br \/>Des \u00ab condom cup \u00bb seront \u00e9galement distribu\u00e9s sur place (pr\u00e9servatifs \u00e0 gobelets emp\u00eachant l\u2019introduction de drogues dans les verres)<\/p>\n<p>Copyright \u00a92025 NRV Nice Rendezvous. Tous droits r\u00e9serv\u00e9s. <br \/>@ actualites_nrv #Nice06<\/p>\n<p><img loading=\"lazy\" decoding=\"async\" style=\"margin-right: 20px; margin-bottom: 2px; float: left;\" alt=\"logo-nicerendezvous\" src=\"https:\/\/www.europesays.com\/fr\/wp-content\/uploads\/2025\/04\/logo-nrdv.jpg\" height=\"40\" width=\"40\"\/>Toutes les actualit\u00e9s les plus r\u00e9centes de <strong>NRV<\/strong>, <strong>NiceRendezVous<\/strong>, le site de rencontre avec les \u00e9v\u00e9nements, la culture et l&rsquo;histoire de <strong>Nice, de la C\u00f4te d&rsquo;Azur et de la Principaut\u00e9 de Monaco<\/strong>, sont pr\u00e9sent\u00e9es<a target=\"_blank\" title=\"Les actus r\u00e9centes de Nice-RendezVous sur Google actualit\u00e9s\" href=\"http:\/\/news.google.fr\/news\/search?pz=1&amp;cf=i&amp;ned=fr&amp;hl=fr&amp;q=site%3Anicerendezvous.com&amp;scoring=n&amp;ict=ln\" rel=\"noopener\"> ici par <strong>Google actualit\u00e9<\/strong><\/a><\/p>\n<p id=\"slidetag\">\u00a0<\/p>\n","protected":false},"excerpt":{"rendered":"Les Soir\u00e9es Gourmandes et Musicales font leur retour au c\u0153ur du village de Villeneuve Loubet les samedi19 et&hellip;\n","protected":false},"author":2,"featured_media":9501,"comment_status":"","ping_status":"","sticky":false,"template":"","format":"standard","meta":{"footnotes":""},"categories":[2819],"tags":[17,1111,11,1777,674,1011,27,38081,29951,12,2401,882,25,16335,6456,17688],"class_list":{"0":"post-241315","1":"post","2":"type-post","3":"status-publish","4":"format-standard","5":"has-post-thumbnail","7":"category-nice","8":"tag-17","9":"tag-actu","10":"tag-actualites","11":"tag-eu","12":"tag-europe","13":"tag-fr","14":"tag-france","15":"tag-gourmandes","16":"tag-musicales","17":"tag-news","18":"tag-nice","19":"tag-provence-alpes-cote-dazur","20":"tag-republique-francaise","21":"tag-soirees","22":"tag-village","23":"tag-villeneuve-loubet"},"share_on_mastodon":{"url":"https:\/\/pubeurope.com\/@fr\/114831887293770093","error":""},"_links":{"self":[{"href":"https:\/\/www.europesays.com\/fr\/wp-json\/wp\/v2\/posts\/241315","targetHints":{"allow":["GET"]}}],"collection":[{"href":"https:\/\/www.europesays.com\/fr\/wp-json\/wp\/v2\/posts"}],"about":[{"href":"https:\/\/www.europesays.com\/fr\/wp-json\/wp\/v2\/types\/post"}],"author":[{"embeddable":true,"href":"https:\/\/www.europesays.com\/fr\/wp-json\/wp\/v2\/users\/2"}],"replies":[{"embeddable":true,"href":"https:\/\/www.europesays.com\/fr\/wp-json\/wp\/v2\/comments?post=241315"}],"version-history":[{"count":0,"href":"https:\/\/www.europesays.com\/fr\/wp-json\/wp\/v2\/posts\/241315\/revisions"}],"wp:featuredmedia":[{"embeddable":true,"href":"https:\/\/www.europesays.com\/fr\/wp-json\/wp\/v2\/media\/9501"}],"wp:attachment":[{"href":"https:\/\/www.europesays.com\/fr\/wp-json\/wp\/v2\/media?parent=241315"}],"wp:term":[{"taxonomy":"category","embeddable":true,"href":"https:\/\/www.europesays.com\/fr\/wp-json\/wp\/v2\/categories?post=241315"},{"taxonomy":"post_tag","embeddable":true,"href":"https:\/\/www.europesays.com\/fr\/wp-json\/wp\/v2\/tags?post=241315"}],"curies":[{"name":"wp","href":"https:\/\/api.w.org\/{rel}","templated":true}]}}