{"id":241316,"date":"2025-07-11T00:58:13","date_gmt":"2025-07-11T00:58:13","guid":{"rendered":"https:\/\/www.europesays.com\/fr\/241316\/"},"modified":"2025-07-11T00:58:13","modified_gmt":"2025-07-11T00:58:13","slug":"interdiction-des-paquebots-geants-a-nice-la-prefecture-soppose-a-christian-estrosi-et-saisit-le-tribunal-administratif","status":"publish","type":"post","link":"https:\/\/www.europesays.com\/fr\/241316\/","title":{"rendered":"Interdiction des paquebots g\u00e9ants \u00e0 Nice\u00a0: la pr\u00e9fecture s\u2019oppose \u00e0 Christian Estrosi et saisit le tribunal administratif"},"content":{"rendered":"<p class=\"paragraph text_align_left lp-f-body-02\"><a href=\"https:\/\/www.leparisien.fr\/alpes-maritimes-06\/vous-navez-pas-le-droit-quand-christian-estrosi-va-a-la-rencontre-dun-paquebot-de-croisiere-pour-lui-interdire-daccoster-03-07-2025-56EPDWTZORCYPBUQAKNLLY54EE.php\" target=\"_self\" rel=\"noopener\">La pol\u00e9mique autour des bateaux de croisi\u00e8re<\/a> continue \u00e0 Nice. Le pr\u00e9fet des Alpes-Maritimes a annonc\u00e9 jeudi saisir le tribunal administratif pour contester un arr\u00eat\u00e9 pris par la M\u00e9tropole de Nice interdisant les escales des<b> <\/b>paquebots g\u00e9ants, qu\u2019il juge \u00ab ill\u00e9gal \u00bb.<\/p>\n<p class=\"paragraph text_align_left lp-f-body-02\">Apr\u00e8s avoir assoupli<a href=\"https:\/\/www.leparisien.fr\/environnement\/confrontee-au-surtourisme-nice-interdit-les-gros-bateaux-de-croisiere-24-01-2025-XVESVKRFLBFUNORXCM4EY65FAA.php\" target=\"_self\" rel=\"noopener\"> une premi\u00e8re interdiction prise fin janvier<\/a>, le maire de Nice et pr\u00e9sident de la m\u00e9tropole, <a href=\"https:\/\/www.leparisien.fr\/faits-divers\/pourquoi-christian-estrosi-son-epouse-et-la-patronne-de-france-televisions-delphine-ernotte-ont-ils-ete-places-brievement-en-garde-a-vue-01-07-2025-B5OK4A3ZFJBMJKKFHU5TDCGW7Y.php\" target=\"_blank\" rel=\"noopener\">Christian Estrosi<\/a>, a pris mercredi un nouvel arr\u00eat\u00e9 interdisant les escales de paquebot de plus de 450 passagers \u00e0 Nice, et limitant le nombre de navires transportant plus de 2 500 passagers \u00e0 Villefranche-sur-Mer \u00e0 65 par an et pas plus d\u2019un par jour.<\/p>\n<p class=\"paragraph text_align_left lp-f-body-02\">Le maire de Nice justifie cet arr\u00eat\u00e9 au nom de \u00ab l\u2019urgence climatique, la protection de la biodiversit\u00e9 marine, la promotion d\u2019un tourisme raisonn\u00e9 et la protection du patrimoine \u00bb.<\/p>\n<blockquote class=\"twitter-tweet\">\n<p lang=\"fr\" dir=\"ltr\">Les Ni\u00e7ois sont en premi\u00e8re ligne face \u00e0 la pollution des paquebots g\u00e9ants. Ce combat c\u2019est celui de la sant\u00e9 publique. <br \/>+25 % d\u2019oxydes d\u2019azote en 8 ans, propag\u00e9s directement sur Nice, avec des cons\u00e9quences sur la qualit\u00e9 de l\u2019air et la sant\u00e9 de nos habitants : asthmes, maladies\u2026 <a href=\"https:\/\/t.co\/OIkwd2NKgC\">pic.twitter.com\/OIkwd2NKgC<\/a><\/p>\n<p>\u2014 Christian Estrosi (@cestrosi) <a href=\"https:\/\/twitter.com\/cestrosi\/status\/1942652017232732366?ref_src=twsrc%5Etfw\" target=\"_blank\" rel=\"noopener\">July 8, 2025<\/a><\/p><\/blockquote>\n<p class=\"paragraph text_align_left lp-f-body-02\">Selon la M\u00e9tropole, cet arr\u00eat\u00e9, qui doit entrer en vigueur ce vendredi 11 juillet, affectera d\u2019ici la fin de l\u2019ann\u00e9e cinq escales pr\u00e9vues dans le port de Nice, et 15 en 2026 sur un total de 176 d\u00e9j\u00e0 r\u00e9serv\u00e9es.<\/p>\n<p>Un arr\u00eat\u00e9 entach\u00e9 de \u00ab plusieurs ill\u00e9galit\u00e9s \u00bb selon le pr\u00e9fet<\/p>\n<p class=\"paragraph text_align_left lp-f-body-02\">Concernant la gare maritime de <a href=\"https:\/\/www.leparisien.fr\/alpes-maritimes-06\/sur-la-cote-dazur-larrete-anti-croisieres-plonge-villefranche-sur-mer-en-eaux-troubles-06-02-2025-GUYMCYNC7RHSTGTBPA7EP2AKVA.php\" target=\"_blank\" rel=\"noopener\">Villefranche-sur-Mer<\/a>, l\u2019arr\u00eat\u00e9 concerne d\u2019ici la fin de l\u2019ann\u00e9e 12 escales de navires d\u2019une capacit\u00e9 cumul\u00e9e de plus de 38 000 passagers, et pour 2026, 53 escales d\u2019une capacit\u00e9 totale cumul\u00e9e de plus de 200 000 passagers, sur un total de 131 escales d\u00e9j\u00e0 r\u00e9serv\u00e9es.<\/p>\n<p class=\"paragraph text_align_left lp-f-body-02\">Dans un communiqu\u00e9, le pr\u00e9fet des Alpes-Maritimes dit avoir \u00ab d\u00e9cid\u00e9 de saisir le tribunal administratif de Nice pour obtenir la suspension et l\u2019annulation de cet arr\u00eat\u00e9 au motif qu\u2019il est entach\u00e9 de plusieurs ill\u00e9galit\u00e9s et de nature \u00e0 compromettre l\u2019exercice d\u2019une libert\u00e9 publique ou individuelle \u00bb.<\/p>\n<p class=\"paragraph text_align_left lp-f-body-02\">Le pr\u00e9fet annonce par ailleurs r\u00e9unir vendredi avec le pr\u00e9fet maritime une \u00ab table-ronde sur la r\u00e9gulation des navires de croisi\u00e8re r\u00e9unissant l\u2019ensemble des acteurs concern\u00e9s \u00bb.<\/p>\n<p class=\"paragraph text_align_left lp-f-body-02\">En janvier, l\u2019annonce du maire de Nice, interdisant les escales de navires de plus de 900 passagers en rade de Villefranche-sur-Mer, avait provoqu\u00e9 la \u00ab stup\u00e9faction \u00bb de l\u2019association internationale des compagnies de croisi\u00e8res (CLIA) mais aussi <a href=\"https:\/\/www.leparisien.fr\/alpes-maritimes-06\/sur-la-cote-dazur-larrete-anti-croisieres-plonge-villefranche-sur-mer-en-eaux-troubles-06-02-2025-GUYMCYNC7RHSTGTBPA7EP2AKVA.php\" target=\"_self\" rel=\"noopener\">un toll\u00e9 parmi les \u00e9lus des communes de la rade, les professionnels de la mer, les commer\u00e7ants ou les taxis<\/a>.<\/p>\n<p class=\"paragraph text_align_left lp-f-body-02\">Apr\u00e8s Nice, la ville de Cannes a elle aussi d\u00e9cid\u00e9 de limiter \u00e0 partir de 2026 les paquebots g\u00e9ants dans sa baie en n\u2019autorisant qu\u2019un seul navire de plus de 3 000 passagers \u00e0 y mouiller chaque jour.<\/p>\n<p><script async src=\"https:\/\/platform.twitter.com\/widgets.js\" charset=\"utf-8\"><\/script><\/p>\n","protected":false},"excerpt":{"rendered":"La pol\u00e9mique autour des bateaux de croisi\u00e8re continue \u00e0 Nice. Le pr\u00e9fet des Alpes-Maritimes a annonc\u00e9 jeudi saisir&hellip;\n","protected":false},"author":2,"featured_media":241317,"comment_status":"","ping_status":"","sticky":false,"template":"","format":"standard","meta":{"footnotes":""},"categories":[2819],"tags":[1111,11,6657,459,1777,674,1011,27,12,2401,882,25],"class_list":{"0":"post-241316","1":"post","2":"type-post","3":"status-publish","4":"format-standard","5":"has-post-thumbnail","7":"category-nice","8":"tag-actu","9":"tag-actualites","10":"tag-alpes-maritimes-06","11":"tag-departements-horsidfo","12":"tag-eu","13":"tag-europe","14":"tag-fr","15":"tag-france","16":"tag-news","17":"tag-nice","18":"tag-provence-alpes-cote-dazur","19":"tag-republique-francaise"},"share_on_mastodon":{"url":"https:\/\/pubeurope.com\/@fr\/114831891075845340","error":""},"_links":{"self":[{"href":"https:\/\/www.europesays.com\/fr\/wp-json\/wp\/v2\/posts\/241316","targetHints":{"allow":["GET"]}}],"collection":[{"href":"https:\/\/www.europesays.com\/fr\/wp-json\/wp\/v2\/posts"}],"about":[{"href":"https:\/\/www.europesays.com\/fr\/wp-json\/wp\/v2\/types\/post"}],"author":[{"embeddable":true,"href":"https:\/\/www.europesays.com\/fr\/wp-json\/wp\/v2\/users\/2"}],"replies":[{"embeddable":true,"href":"https:\/\/www.europesays.com\/fr\/wp-json\/wp\/v2\/comments?post=241316"}],"version-history":[{"count":0,"href":"https:\/\/www.europesays.com\/fr\/wp-json\/wp\/v2\/posts\/241316\/revisions"}],"wp:featuredmedia":[{"embeddable":true,"href":"https:\/\/www.europesays.com\/fr\/wp-json\/wp\/v2\/media\/241317"}],"wp:attachment":[{"href":"https:\/\/www.europesays.com\/fr\/wp-json\/wp\/v2\/media?parent=241316"}],"wp:term":[{"taxonomy":"category","embeddable":true,"href":"https:\/\/www.europesays.com\/fr\/wp-json\/wp\/v2\/categories?post=241316"},{"taxonomy":"post_tag","embeddable":true,"href":"https:\/\/www.europesays.com\/fr\/wp-json\/wp\/v2\/tags?post=241316"}],"curies":[{"name":"wp","href":"https:\/\/api.w.org\/{rel}","templated":true}]}}