{"id":241318,"date":"2025-07-11T00:59:28","date_gmt":"2025-07-11T00:59:28","guid":{"rendered":"https:\/\/www.europesays.com\/fr\/241318\/"},"modified":"2025-07-11T00:59:28","modified_gmt":"2025-07-11T00:59:28","slug":"trois-nouveaux-feux-en-loire-atlantique-maville-nantes","status":"publish","type":"post","link":"https:\/\/www.europesays.com\/fr\/241318\/","title":{"rendered":"Trois nouveaux feux en Loire-Atlantique &#8211; Maville Nantes"},"content":{"rendered":"<ol>\n<li><a href=\"https:\/\/news.google.com\/rss\/articles\/CBMioAFBVV95cUxPTzZ4R1pJX3d3LXJURFBrN0NIZFZkaExjM0VJLVBCamQ4WUpxMTUtcUtDdUFjUkYtV1BjcExXVW1IRTNGcjlrMkY5dkVweEthdFg0aVNxY3Y3OGcwWWd4azZLbHNNaFF2QUJwNFA4RnB2WGVxYW5FeVRVaDExdWEyYlBKWlY2UUFDZGlhWnJCeldNWVFrbGNucExUU0NVV1l6?oc=5\" target=\"_blank\" rel=\"noopener\">Trois nouveaux feux en Loire-Atlantique<\/a>&nbsp;&nbsp;Maville Nantes<\/li>\n<li><a href=\"https:\/\/news.google.com\/rss\/articles\/CBMi-wFBVV95cUxNejMxS01TblQwbXJYT2NsS3pqWHNnMXNsbERvNWdsMEJzVy1GWHotYkNudmswcEd6V0k2elgtZFktTkE3OHV4LTB6SUNuZ0ZkTENhaUFwUUtMYWtkRmptNG8zYTlpa1RiUTZJMWZ3Ym9DZHJnb1FLMXo3TF8tXzk5TE5fQ0g4MDJ6M01tN2VMRC1Xc2prRFlXZkdVWlFxZHI4bmE1WTR5cENBMjNXdTl3Z1NOa0g0XzAtejlWS1lQNWtwbzNmeER2LVZGMG5OY21ZRUJoYlUzaEQ1OE94SWdOTEtldWw1ODJpeENGX05iY0QyV1FwcGxUTWNBVQ?oc=5\" target=\"_blank\" rel=\"noopener\">Avec les moissons et les fortes chaleurs, pompiers et agriculteurs sur le qui-vive<\/a>&nbsp;&nbsp;Ouest-France<\/li>\n<li><a href=\"https:\/\/news.google.com\/rss\/articles\/CBMizgFBVV95cUxOeTc1d2x3Q0kzV2Q1T2FPLTZwb0tzX2h3MVhybWdJMDdCWkt5N1o5RGM4ZzB6S1p2SmdReTZycmlxS1dFSVlGQVZOR3Z4MjhGZmk3Y1MxREFaZVlrSnUzdUxlRUN5d1ZRYVhwRUFmYTRmUl90Yl82OWhuZ3FrOVdtMm5hdTBHNUtDc0NNQURPU1d5aTFmSnlpcHFMLXc0RFZ1UVVjMXd3dDBldzhFa3ViVFltcXluWDg3eFBBX3p1WUNKTlQwbmVzYVhnZnVyZw?oc=5\" target=\"_blank\" rel=\"noopener\">La s\u00e9cheresse provoque de nouveaux feux en Loire-Atlantique et en Vend\u00e9e<\/a>&nbsp;&nbsp;francebleu.fr<\/li>\n<li><a href=\"https:\/\/news.google.com\/rss\/articles\/CBMi2gFBVV95cUxOOURYZzZPZ0E1SFVKbUNDc1MtNUtIOFdXbHJodERCUkF4eGJCZm5SY3E1S2oxSWdGOFJWRldJMkVYMUhuZnBQNTIxSWdmanNmbTFBRHpiMlM1WU9xd3I1X29ONjJTcExoajFLSUxaajJmc1NsQ1ZSSTBJcUtzR00zMzNCR2RHdklNblRnNGtDMi02TVNQeHlaNkxOUldXQ2pOdXByYXhXMllrUnc2NWVGX214WXpNN1dXMXpZSElWYUR1MHBfU2VNN05iSTlGSGNhNGV2eFptN3JZdw?oc=5\" target=\"_blank\" rel=\"noopener\">1 500 m2 d\u2019une r\u00e9colte de bl\u00e9 ont \u00e9t\u00e9 br\u00fbl\u00e9s dans cette commune de Loire-Atlantique<\/a>&nbsp;&nbsp;Actu.fr<\/li>\n<li><a href=\"https:\/\/news.google.com\/rss\/articles\/CBMi9AFBVV95cUxOR2Q0S0hHeXpIUW8wVXFwM0ZHVG1wZHo0WVFWT1FOVTdQVXRZU1lBRGpWOEhucXIteV82ZU4zQlVlZlNYTlZoc1hzUi1uaVlhNTJOTHQzczRSRWNNcUUzUXdZOXlxWWZwOWFCQTlhSzU1NWl5aS1tYUIxOEJGenZsa3NxazJjOXJvWXhnYVVnSkg4dF9fdWtLTV9XajVycE9pMEZMakpHU3ktSXZmLVdiSlNkamdnQy1ZQmdMV1hlQmNGMEd3czdCZ2ptZkFOaUMxQmRvWTlUeUNuanRBenNHNks0ZXo0VUZMLUxrWi04eVYtMHFI?oc=5\" target=\"_blank\" rel=\"noopener\">REPORTAGE. Dans la r\u00e9gion de Ch\u00e2teaubriant, \u00ab j\u2019ai vu le feu se d\u00e9clencher o\u00f9 j\u2019avais moissonn\u00e9 \u00bb<\/a>&nbsp;&nbsp;Maville<\/li>\n<\/ol>\n","protected":false},"excerpt":{"rendered":"Trois nouveaux feux en Loire-Atlantique&nbsp;&nbsp;Maville Nantes Avec les moissons et les fortes chaleurs, pompiers et agriculteurs sur le&hellip;\n","protected":false},"author":2,"featured_media":241319,"comment_status":"","ping_status":"","sticky":false,"template":"","format":"standard","meta":{"footnotes":""},"categories":[2818],"tags":[1111,11,1777,674,18844,1011,27,3047,766,12,2845,2636,25],"class_list":{"0":"post-241318","1":"post","2":"type-post","3":"status-publish","4":"format-standard","5":"has-post-thumbnail","7":"category-nantes","8":"tag-actu","9":"tag-actualites","10":"tag-eu","11":"tag-europe","12":"tag-feux","13":"tag-fr","14":"tag-france","15":"tag-loire-atlantique","16":"tag-nantes","17":"tag-news","18":"tag-nouveaux","19":"tag-pays-de-la-loire","20":"tag-republique-francaise"},"share_on_mastodon":{"url":"https:\/\/pubeurope.com\/@fr\/114831895047593744","error":""},"_links":{"self":[{"href":"https:\/\/www.europesays.com\/fr\/wp-json\/wp\/v2\/posts\/241318","targetHints":{"allow":["GET"]}}],"collection":[{"href":"https:\/\/www.europesays.com\/fr\/wp-json\/wp\/v2\/posts"}],"about":[{"href":"https:\/\/www.europesays.com\/fr\/wp-json\/wp\/v2\/types\/post"}],"author":[{"embeddable":true,"href":"https:\/\/www.europesays.com\/fr\/wp-json\/wp\/v2\/users\/2"}],"replies":[{"embeddable":true,"href":"https:\/\/www.europesays.com\/fr\/wp-json\/wp\/v2\/comments?post=241318"}],"version-history":[{"count":0,"href":"https:\/\/www.europesays.com\/fr\/wp-json\/wp\/v2\/posts\/241318\/revisions"}],"wp:featuredmedia":[{"embeddable":true,"href":"https:\/\/www.europesays.com\/fr\/wp-json\/wp\/v2\/media\/241319"}],"wp:attachment":[{"href":"https:\/\/www.europesays.com\/fr\/wp-json\/wp\/v2\/media?parent=241318"}],"wp:term":[{"taxonomy":"category","embeddable":true,"href":"https:\/\/www.europesays.com\/fr\/wp-json\/wp\/v2\/categories?post=241318"},{"taxonomy":"post_tag","embeddable":true,"href":"https:\/\/www.europesays.com\/fr\/wp-json\/wp\/v2\/tags?post=241318"}],"curies":[{"name":"wp","href":"https:\/\/api.w.org\/{rel}","templated":true}]}}