{"id":241320,"date":"2025-07-11T01:00:16","date_gmt":"2025-07-11T01:00:16","guid":{"rendered":"https:\/\/www.europesays.com\/fr\/241320\/"},"modified":"2025-07-11T01:00:16","modified_gmt":"2025-07-11T01:00:16","slug":"fc-nantes-le-defenseur-central-jean-charles-castelletto-part-au-qatar-sport","status":"publish","type":"post","link":"https:\/\/www.europesays.com\/fr\/241320\/","title":{"rendered":"FC Nantes. Le d\u00e9fenseur central Jean-Charles Castelletto part au Qatar . Sport"},"content":{"rendered":"<p>Le d\u00e9fenseur central Jean-Charles Castelletto (30\u00a0ans) vient de passer des vacances en famille au Qatar. Un pays o\u00f9 il va d\u00e9sormais poursuivre sa carri\u00e8re professionnelle. L\u2019ancien Auxerrois et Brestois va quitter le FC Nantes, dont il portait le maillot depuis 2020 et auquel il \u00e9tait encore li\u00e9 jusqu\u2019en juin\u00a02028, pour rejoindre le club qatari d\u2019Al-Wakrah, bas\u00e9 dans le sud de Doha, 8e de son championnat en 2024-2025.<\/p>\n<p>Ce jeudi 10\u00a0juillet, le FCN et Al-Wakrah ont trouv\u00e9 un accord pour le transfert de l\u2019international camerounais moyennant une indemnit\u00e9 estim\u00e9e \u00e0 3,5\u00a0millions d\u2019euros. Jean-Charles Castelletto va s\u2019engager pour quatre ans avec la formation qatarie alors qu\u2019il \u00e9tait aussi courtis\u00e9 par Al-Jazira (Emirats arables unis).<\/p>\n<p>Apr\u00e8s Moses Simon, Nicolas Pallois et Pedro Chirivella, Jean-Charles Castelletto est le quatri\u00e8me joueur majeur \u00e0 quitter l\u2019effectif des Canaris cet \u00e9t\u00e9.<\/p>\n<p>\u00a0<\/p>\n","protected":false},"excerpt":{"rendered":"Le d\u00e9fenseur central Jean-Charles Castelletto (30\u00a0ans) vient de passer des vacances en famille au Qatar. Un pays o\u00f9&hellip;\n","protected":false},"author":2,"featured_media":241321,"comment_status":"","ping_status":"","sticky":false,"template":"","format":"standard","meta":{"footnotes":""},"categories":[2818],"tags":[1111,11,2063,1777,674,1011,27,1922,1393,2487,766,12,2636,1404,25,2923,3272,4251,853],"class_list":{"0":"post-241320","1":"post","2":"type-post","3":"status-publish","4":"format-standard","5":"has-post-thumbnail","7":"category-nantes","8":"tag-actu","9":"tag-actualites","10":"tag-annonces","11":"tag-eu","12":"tag-europe","13":"tag-fr","14":"tag-france","15":"tag-info","16":"tag-loisirs","17":"tag-meteo","18":"tag-nantes","19":"tag-news","20":"tag-pays-de-la-loire","21":"tag-quotidien","22":"tag-republique-francaise","23":"tag-restaurants","24":"tag-saint-nazaire","25":"tag-sortir","26":"tag-spectacles"},"share_on_mastodon":{"url":"https:\/\/pubeurope.com\/@fr\/114831898924376373","error":""},"_links":{"self":[{"href":"https:\/\/www.europesays.com\/fr\/wp-json\/wp\/v2\/posts\/241320","targetHints":{"allow":["GET"]}}],"collection":[{"href":"https:\/\/www.europesays.com\/fr\/wp-json\/wp\/v2\/posts"}],"about":[{"href":"https:\/\/www.europesays.com\/fr\/wp-json\/wp\/v2\/types\/post"}],"author":[{"embeddable":true,"href":"https:\/\/www.europesays.com\/fr\/wp-json\/wp\/v2\/users\/2"}],"replies":[{"embeddable":true,"href":"https:\/\/www.europesays.com\/fr\/wp-json\/wp\/v2\/comments?post=241320"}],"version-history":[{"count":0,"href":"https:\/\/www.europesays.com\/fr\/wp-json\/wp\/v2\/posts\/241320\/revisions"}],"wp:featuredmedia":[{"embeddable":true,"href":"https:\/\/www.europesays.com\/fr\/wp-json\/wp\/v2\/media\/241321"}],"wp:attachment":[{"href":"https:\/\/www.europesays.com\/fr\/wp-json\/wp\/v2\/media?parent=241320"}],"wp:term":[{"taxonomy":"category","embeddable":true,"href":"https:\/\/www.europesays.com\/fr\/wp-json\/wp\/v2\/categories?post=241320"},{"taxonomy":"post_tag","embeddable":true,"href":"https:\/\/www.europesays.com\/fr\/wp-json\/wp\/v2\/tags?post=241320"}],"curies":[{"name":"wp","href":"https:\/\/api.w.org\/{rel}","templated":true}]}}