{"id":241331,"date":"2025-07-11T01:07:10","date_gmt":"2025-07-11T01:07:10","guid":{"rendered":"https:\/\/www.europesays.com\/fr\/241331\/"},"modified":"2025-07-11T01:07:10","modified_gmt":"2025-07-11T01:07:10","slug":"previsions-du-vendredi-11-juillet-2025-8","status":"publish","type":"post","link":"https:\/\/www.europesays.com\/fr\/241331\/","title":{"rendered":"pr\u00e9visions du vendredi 11 juillet 2025"},"content":{"rendered":"<p>La journ\u00e9e qui s&rsquo;annonce \u00e0 Marseille, promet d&rsquo;\u00eatre superbe et ensoleill\u00e9e ! Le mercure affichera 23\u00b0C en moyenne. Les maximales pourront atteindre 25\u00b0C dans la matin\u00e9e et les minimales seront de 22\u00b0C. Une l\u00e9g\u00e8re brise de sud-est sera ressentie par les habitants. Les temp\u00e9ratures seront comprises entre 24 et 25\u00b0C l&rsquo;apr\u00e8s-midi. La soir\u00e9e sera marqu\u00e9e par des pluies \u00e9parses. Il fera environ 23\u00b0C. On pr\u00e9voit une nuit claire entre vendredi et samedi.<\/p>\n<p>Pour Marseille, un temps plus chaud est attendu demain puisque le mercure va conna\u00eetre une hausse. Les valeurs afficheront entre 22 et 25\u00b0C. Un vent de sud-est rafra\u00eechira l\u00e9g\u00e8rement l&rsquo;atmosph\u00e8re. On notera la pr\u00e9sence persistante de petits nuages le matin. Les temp\u00e9ratures seront de 24\u00b0C. Demain apr\u00e8s-midi, les Marseillais vont pouvoir b\u00e9n\u00e9ficier d&rsquo;un soleil magnifique. Les valeurs s&rsquo;\u00e9chelonneront entre 24 et 25\u00b0C. Demain soir, on anticipe des temp\u00e9ratures d&rsquo;environ 23\u00b0C.<\/p>\n<p>Pour les prochains jours, la m\u00e9t\u00e9o ne bougera pas. Une m\u00e9t\u00e9o ensoleill\u00e9e, avec des temp\u00e9ratures de 27\u00b0C en moyenne, est \u00e0 pr\u00e9voir.<\/p>\n<p><\/p>\n","protected":false},"excerpt":{"rendered":"La journ\u00e9e qui s&rsquo;annonce \u00e0 Marseille, promet d&rsquo;\u00eatre superbe et ensoleill\u00e9e ! Le mercure affichera 23\u00b0C en moyenne.&hellip;\n","protected":false},"author":2,"featured_media":241332,"comment_status":"","ping_status":"","sticky":false,"template":"","format":"standard","meta":{"footnotes":""},"categories":[2814],"tags":[1111,11,885,1777,674,1011,27,884,12,883,2119,882,25],"class_list":{"0":"post-241331","1":"post","2":"type-post","3":"status-publish","4":"format-standard","5":"has-post-thumbnail","7":"category-marseille","8":"tag-actu","9":"tag-actualites","10":"tag-bouches-du-rhone","11":"tag-eu","12":"tag-europe","13":"tag-fr","14":"tag-france","15":"tag-marseille","16":"tag-news","17":"tag-paca","18":"tag-previsions-meteo","19":"tag-provence-alpes-cote-dazur","20":"tag-republique-francaise"},"share_on_mastodon":{"url":"https:\/\/pubeurope.com\/@fr\/114831926468518226","error":""},"_links":{"self":[{"href":"https:\/\/www.europesays.com\/fr\/wp-json\/wp\/v2\/posts\/241331","targetHints":{"allow":["GET"]}}],"collection":[{"href":"https:\/\/www.europesays.com\/fr\/wp-json\/wp\/v2\/posts"}],"about":[{"href":"https:\/\/www.europesays.com\/fr\/wp-json\/wp\/v2\/types\/post"}],"author":[{"embeddable":true,"href":"https:\/\/www.europesays.com\/fr\/wp-json\/wp\/v2\/users\/2"}],"replies":[{"embeddable":true,"href":"https:\/\/www.europesays.com\/fr\/wp-json\/wp\/v2\/comments?post=241331"}],"version-history":[{"count":0,"href":"https:\/\/www.europesays.com\/fr\/wp-json\/wp\/v2\/posts\/241331\/revisions"}],"wp:featuredmedia":[{"embeddable":true,"href":"https:\/\/www.europesays.com\/fr\/wp-json\/wp\/v2\/media\/241332"}],"wp:attachment":[{"href":"https:\/\/www.europesays.com\/fr\/wp-json\/wp\/v2\/media?parent=241331"}],"wp:term":[{"taxonomy":"category","embeddable":true,"href":"https:\/\/www.europesays.com\/fr\/wp-json\/wp\/v2\/categories?post=241331"},{"taxonomy":"post_tag","embeddable":true,"href":"https:\/\/www.europesays.com\/fr\/wp-json\/wp\/v2\/tags?post=241331"}],"curies":[{"name":"wp","href":"https:\/\/api.w.org\/{rel}","templated":true}]}}