{"id":241333,"date":"2025-07-11T01:08:11","date_gmt":"2025-07-11T01:08:11","guid":{"rendered":"https:\/\/www.europesays.com\/fr\/241333\/"},"modified":"2025-07-11T01:08:11","modified_gmt":"2025-07-11T01:08:11","slug":"cma-cgm-debloque-750-000-euros-pour-les-sinistres-et-la-reforestation","status":"publish","type":"post","link":"https:\/\/www.europesays.com\/fr\/241333\/","title":{"rendered":"CMA CGM d\u00e9bloque 750.000 euros pour les sinistr\u00e9s et la reforestation"},"content":{"rendered":"<p>Le g\u00e9ant fran\u00e7ais du transport maritime, install\u00e9 dans la cit\u00e9 Phoc\u00e9enne, entend r\u00e9pondre pr\u00e9sent, alors que les flammes ont ravag\u00e9 pr\u00e8s de 750 hectares et contraint des milliers d\u2019habitants \u00e0 fuir ou se confiner.<\/p>\n<p class=\"fig-paragraph\">Apr\u00e8s le passage des flammes, la solidarit\u00e9 s\u2019organise. Face \u00e0 l\u2019ampleur des incendies qui ont r\u00e9cemment ravag\u00e9 les Pennes-Mirabeau et plusieurs quartiers de Marseille, le\u00a0<a href=\"http:\/\/www.lefigaro.fr\/conjoncture\/fret-fin-des-accords-entre-air-france-klm-et-cma-cgm-qui-reste-actionnaire-du-groupe-aerien-20240116\" data-fig-type=\"NewsFlash\" data-gtm-custom-categorie=\"navigation\" data-gtm-custom-action=\"crossclick\" data-gtm-custom-label=\"Contextuel\" data-gtm-event=\"customEventSPE\" data-fig-domain=\"LEFIGARO\" rel=\"nofollow noopener\" target=\"_blank\">groupe CMA CGM<\/a>, annonce une aide exceptionnelle de 750.000 euros. Ce soutien financier vise \u00e0 accompagner les efforts de reconstruction et de restauration des \u00e9cosyst\u00e8mes d\u00e9truits, mais aussi \u00e0 venir en aide aux populations durement touch\u00e9es.<\/p>\n<p class=\"fig-paragraph\">\u00abProfond\u00e9ment solidaire de son territoire, et face \u00e0 l\u2019ampleur de cette catastrophe, le Groupe CMA CGM se mobilise sans attendre\u00bb, souligne le communiqu\u00e9 du g\u00e9ant du\u00a0<a href=\"http:\/\/www.lefigaro.fr\/conjoncture\/guerre-commerciale-malgre-le-climat-incertain-le-transport-maritime-resiste-bien-aux-droits-de-douane-20250709\" data-fig-type=\"Article\" data-gtm-custom-categorie=\"navigation\" data-gtm-custom-action=\"crossclick\" data-gtm-custom-label=\"Contextuel\" data-gtm-event=\"customEventSPE\" data-fig-domain=\"LEFIGARO\" rel=\"nofollow noopener\" target=\"_blank\">transport maritime<\/a>, dont le si\u00e8ge est \u00e0 Marseille. L\u2019entreprise pr\u00e9cise que cette mobilisation s\u2019effectue \u00aben coordination \u00e9troite avec la Pr\u00e9fecture des Bouches-du-Rh\u00f4ne, la Ville de Marseille, le D\u00e9partement des Bouches-du-Rh\u00f4ne et la R\u00e9gion Sud Provence-Alpes-C\u00f4te d\u2019Azur\u00bb.<\/p>\n<p>                                    <a class=\"fig-a11y-skip a11y-hidden\" href=\"#fig-a11y-skip-main-inarticle\"><br \/>\n        Passer la publicit\u00e9<br \/>\n    <\/a><\/p>\n<p><strong>M\u00e9c\u00e8ne priv\u00e9 de l\u2019ONF<\/strong><\/p>\n<p class=\"fig-paragraph\">Le bilan des incendies est lourd\u00a0: entre 700 et 750 hectares de v\u00e9g\u00e9tation d\u00e9truits, environ 400 personnes \u00e9vacu\u00e9es, plus de 15.000 confin\u00e9es, pr\u00e8s de 70 b\u00e2timents endommag\u00e9s et une centaine de bless\u00e9s l\u00e9gers, principalement par inhalation de fum\u00e9e. \u00abCette mobilisation vise \u00e0 r\u00e9pondre aux besoins les plus urgents et \u00e0 accompagner, dans la dur\u00e9e, la r\u00e9silience du territoire face \u00e0 cette catastrophe\u00bb, insiste le groupe.<\/p>\n<p class=\"fig-paragraph\">L\u2019aide de CMA CGM sera r\u00e9partie entre plusieurs axes\u00a0: soutien aux populations sinistr\u00e9es, r\u00e9paration des infrastructures et participation aux prochaines campagnes de reforestation. Depuis 2021, le groupe s\u2019est engag\u00e9 aux c\u00f4t\u00e9s de l\u2019Office national des for\u00eats (ONF) pour restaurer les for\u00eats d\u00e9truites par les incendies. Gr\u00e2ce \u00e0 un m\u00e9c\u00e9nat triennal, CMA CGM a d\u00e9j\u00e0 permis la r\u00e9g\u00e9n\u00e9ration de 16 massifs forestiers sur l\u2019ensemble du territoire, devenant ainsi le premier m\u00e9c\u00e8ne priv\u00e9 de l\u2019ONF.<\/p>\n","protected":false},"excerpt":{"rendered":"Le g\u00e9ant fran\u00e7ais du transport maritime, install\u00e9 dans la cit\u00e9 Phoc\u00e9enne, entend r\u00e9pondre pr\u00e9sent, alors que les flammes&hellip;\n","protected":false},"author":2,"featured_media":241334,"comment_status":"","ping_status":"","sticky":false,"template":"","format":"standard","meta":{"footnotes":""},"categories":[2814],"tags":[1111,11,15289,1777,674,1011,27,884,12,882,25],"class_list":{"0":"post-241333","1":"post","2":"type-post","3":"status-publish","4":"format-standard","5":"has-post-thumbnail","7":"category-marseille","8":"tag-actu","9":"tag-actualites","10":"tag-cma-cgm","11":"tag-eu","12":"tag-europe","13":"tag-fr","14":"tag-france","15":"tag-marseille","16":"tag-news","17":"tag-provence-alpes-cote-dazur","18":"tag-republique-francaise"},"share_on_mastodon":{"url":"https:\/\/pubeurope.com\/@fr\/114831930361563646","error":""},"_links":{"self":[{"href":"https:\/\/www.europesays.com\/fr\/wp-json\/wp\/v2\/posts\/241333","targetHints":{"allow":["GET"]}}],"collection":[{"href":"https:\/\/www.europesays.com\/fr\/wp-json\/wp\/v2\/posts"}],"about":[{"href":"https:\/\/www.europesays.com\/fr\/wp-json\/wp\/v2\/types\/post"}],"author":[{"embeddable":true,"href":"https:\/\/www.europesays.com\/fr\/wp-json\/wp\/v2\/users\/2"}],"replies":[{"embeddable":true,"href":"https:\/\/www.europesays.com\/fr\/wp-json\/wp\/v2\/comments?post=241333"}],"version-history":[{"count":0,"href":"https:\/\/www.europesays.com\/fr\/wp-json\/wp\/v2\/posts\/241333\/revisions"}],"wp:featuredmedia":[{"embeddable":true,"href":"https:\/\/www.europesays.com\/fr\/wp-json\/wp\/v2\/media\/241334"}],"wp:attachment":[{"href":"https:\/\/www.europesays.com\/fr\/wp-json\/wp\/v2\/media?parent=241333"}],"wp:term":[{"taxonomy":"category","embeddable":true,"href":"https:\/\/www.europesays.com\/fr\/wp-json\/wp\/v2\/categories?post=241333"},{"taxonomy":"post_tag","embeddable":true,"href":"https:\/\/www.europesays.com\/fr\/wp-json\/wp\/v2\/tags?post=241333"}],"curies":[{"name":"wp","href":"https:\/\/api.w.org\/{rel}","templated":true}]}}