{"id":241335,"date":"2025-07-11T01:09:10","date_gmt":"2025-07-11T01:09:10","guid":{"rendered":"https:\/\/www.europesays.com\/fr\/241335\/"},"modified":"2025-07-11T01:09:10","modified_gmt":"2025-07-11T01:09:10","slug":"previsions-du-vendredi-11-juillet-2025-9","status":"publish","type":"post","link":"https:\/\/www.europesays.com\/fr\/241335\/","title":{"rendered":"pr\u00e9visions du vendredi 11 juillet 2025"},"content":{"rendered":"<p>C&rsquo;est un soleil splendide qui va briller aujourd&rsquo;hui sur Lyon. Il va faire 22\u00b0C en moyenne. Une brise de nord-ouest soufflera l\u00e9g\u00e8rement. Le temps va se r\u00e9chauffer l&rsquo;apr\u00e8s-midi avec une augmentation de plusieurs degr\u00e9s. La ville va conna\u00eetre un passage d&rsquo;importantes chaleurs avec des valeurs qui atteindront parfois les 30\u00b0C. Les temp\u00e9ratures seront de 28\u00b0C au minimum et de 30\u00b0C au maximum. Durant la nuit de vendredi \u00e0 samedi, le ciel sera limpide.<\/p>\n<p>Demain, les Lyonnais vont pouvoir profiter d&rsquo;un soleil magnifique. C&rsquo;est une hausse de quelques degr\u00e9s que vont enregistrer les temp\u00e9ratures. Les grosses chaleurs sont install\u00e9es. Avec des valeurs comprises entre 16 et 31\u00b0C. Les temp\u00e9ratures seront comprises entre 16 et 31\u00b0C. Un l\u00e9ger vent de nord-est sera ressenti par les habitants. Les valeurs seront de 24\u00b0C dans la matin\u00e9e. Les temp\u00e9ratures vont grimper pendant l&rsquo;apr\u00e8s-midi de plusieurs degr\u00e9s. Attention \u00e0 la vague de chaud. Des temp\u00e9ratures de 29 \u00e0 31\u00b0C sont annonc\u00e9es. Les valeurs afficheront entre 29\u00b0C et 31\u00b0C. La soir\u00e9e sera marqu\u00e9e par des pluies \u00e9parses. Le thermom\u00e8tre affichera 25\u00b0C en moyenne.<\/p>\n<p>La m\u00e9t\u00e9o restera stable les jours \u00e0 venir. Une m\u00e9t\u00e9o ensoleill\u00e9e, avec des temp\u00e9ratures de 33\u00b0C environ, est attendue.<\/p>\n<p><\/p>\n","protected":false},"excerpt":{"rendered":"C&rsquo;est un soleil splendide qui va briller aujourd&rsquo;hui sur Lyon. Il va faire 22\u00b0C en moyenne. Une brise&hellip;\n","protected":false},"author":2,"featured_media":241336,"comment_status":"","ping_status":"","sticky":false,"template":"","format":"standard","meta":{"footnotes":""},"categories":[1889],"tags":[1111,11,2430,1777,674,1011,27,2428,12,2119,25,2429,2431],"class_list":{"0":"post-241335","1":"post","2":"type-post","3":"status-publish","4":"format-standard","5":"has-post-thumbnail","7":"category-lyon","8":"tag-actu","9":"tag-actualites","10":"tag-auvergne-rhone-alpes","11":"tag-eu","12":"tag-europe","13":"tag-fr","14":"tag-france","15":"tag-lyon","16":"tag-news","17":"tag-previsions-meteo","18":"tag-republique-francaise","19":"tag-rhone","20":"tag-rhone-alpes"},"share_on_mastodon":{"url":"https:\/\/pubeurope.com\/@fr\/114831934290059165","error":""},"_links":{"self":[{"href":"https:\/\/www.europesays.com\/fr\/wp-json\/wp\/v2\/posts\/241335","targetHints":{"allow":["GET"]}}],"collection":[{"href":"https:\/\/www.europesays.com\/fr\/wp-json\/wp\/v2\/posts"}],"about":[{"href":"https:\/\/www.europesays.com\/fr\/wp-json\/wp\/v2\/types\/post"}],"author":[{"embeddable":true,"href":"https:\/\/www.europesays.com\/fr\/wp-json\/wp\/v2\/users\/2"}],"replies":[{"embeddable":true,"href":"https:\/\/www.europesays.com\/fr\/wp-json\/wp\/v2\/comments?post=241335"}],"version-history":[{"count":0,"href":"https:\/\/www.europesays.com\/fr\/wp-json\/wp\/v2\/posts\/241335\/revisions"}],"wp:featuredmedia":[{"embeddable":true,"href":"https:\/\/www.europesays.com\/fr\/wp-json\/wp\/v2\/media\/241336"}],"wp:attachment":[{"href":"https:\/\/www.europesays.com\/fr\/wp-json\/wp\/v2\/media?parent=241335"}],"wp:term":[{"taxonomy":"category","embeddable":true,"href":"https:\/\/www.europesays.com\/fr\/wp-json\/wp\/v2\/categories?post=241335"},{"taxonomy":"post_tag","embeddable":true,"href":"https:\/\/www.europesays.com\/fr\/wp-json\/wp\/v2\/tags?post=241335"}],"curies":[{"name":"wp","href":"https:\/\/api.w.org\/{rel}","templated":true}]}}