{"id":241337,"date":"2025-07-11T01:10:11","date_gmt":"2025-07-11T01:10:11","guid":{"rendered":"https:\/\/www.europesays.com\/fr\/241337\/"},"modified":"2025-07-11T01:10:11","modified_gmt":"2025-07-11T01:10:11","slug":"a-lyon-une-modification-favorable-a-jean-michel-aulas","status":"publish","type":"post","link":"https:\/\/www.europesays.com\/fr\/241337\/","title":{"rendered":"\u00e0 Lyon, une modification \u00abfavorable\u00bb \u00e0 Jean-Michel Aulas"},"content":{"rendered":"<p><strong>D\u00c9CRYPTAGE <\/strong>&#8211; La r\u00e9forme, en cr\u00e9ant un scrutin direct pour la mairie de Lyon, devrait personnaliser un peu plus l\u2019\u00e9lection municipale de 2026. Un changement accueilli positivement par le camp de l\u2019ancien patron de l\u2019OL.<\/p>\n<p class=\"fig-paragraph\">\u00c0 Lyon, les \u00ab\u00a0quand\u00a0\u00bb ont remplac\u00e9 les \u00ab\u00a0si\u00a0\u00bb. \u00c0 huit mois des \u00e9lections municipales, la candidature\u00a0<a href=\"http:\/\/www.lefigaro.fr\/lyon\/il-va-y-aller-on-en-est-certain-a-lyon-generation-aulas-organise-sa-premiere-soiree-pour-pousser-la-candidature-de-l-ancien-president-de-l-ol-20250612\" data-fig-type=\"NewsFlash\" data-gtm-custom-categorie=\"navigation\" data-gtm-custom-action=\"crossclick\" data-gtm-custom-label=\"Contextuel\" data-gtm-event=\"customEventSPE\" data-fig-domain=\"LEFIGARO\" target=\"_blank\" rel=\"noopener\">de Jean-Michel Aulas ne fait plus vraiment de doute<\/a>, et tout le monde attend d\u00e9sormais l\u2019annonce officielle de son entr\u00e9e en politique. L\u2019horizon semble se d\u00e9gager pour l\u2019ancien patron de l\u2019Olympique Lyonnais \u00e0\u00a0<a href=\"http:\/\/www.lefigaro.fr\/sports\/football\/ligue-1\/ligue-1-les-ennuis-s-accumulent-pour-l-ol-qui-devrait-perdre-le-naming-groupama-pour-son-stade-20250709\" data-fig-type=\"NewsFlash\" data-gtm-custom-categorie=\"navigation\" data-gtm-custom-action=\"crossclick\" data-gtm-custom-label=\"Contextuel\" data-gtm-event=\"customEventSPE\" data-fig-domain=\"LEFIGARO\" target=\"_blank\" rel=\"noopener\">la faveur du maintien du club en Ligue\u00a01<\/a>\u00a0et de l\u2019adoption de la loi PLM par l\u2019Assembl\u00e9e nationale. Deux incertitudes que \u00ab\u00a0JMA\u00a0\u00bb observaient de pr\u00e8s avant de se lancer. \u00ab\u00a0Ce n\u2019\u00e9tait pas vraiment une condition pour lui, cette r\u00e9forme du scrutin, mais plut\u00f4t une volont\u00e9 de conna\u00eetre les r\u00e8gles du jeu\u00a0\u00bb, temp\u00e8re un de ses proches.<\/p>\n<p class=\"fig-paragraph\"><a href=\"https:\/\/www.lefigaro.fr\/politique\/le-scan\/municipales-anne-hidalgo-gregory-doucet-et-benoit-payan-auraient-ils-ete-battus-avec-un-vote-a-l-echelle-de-la-ville-20231114\" data-fig-type=\"Article\" data-gtm-custom-categorie=\"navigation\" data-gtm-custom-action=\"crossclick\" data-gtm-custom-label=\"Contextuel\" data-gtm-event=\"customEventSPE\" data-fig-domain=\"LEFIGARO\" target=\"_blank\" rel=\"noopener\">Selon les estimations du Figaro<\/a>, la r\u00e9forme\u00a0<a href=\"http:\/\/www.lefigaro.fr\/politique\/reforme-de-la-loi-plm-la-droite-parisienne-alerte-francois-bayrou-sur-l-absence-de-consensus-20250307\" data-fig-type=\"Article\" data-gtm-custom-categorie=\"navigation\" data-gtm-custom-action=\"crossclick\" data-gtm-custom-label=\"Contextuel\" data-gtm-event=\"customEventSPE\" data-fig-domain=\"LEFIGARO\" target=\"_blank\" rel=\"noopener\">pr\u00e9vue par la loi PLM<\/a>\u00a0n\u2019aurait eu \u00e0 Lyon qu\u2019un impact minime lors du scrutin de 2020, en privant la majorit\u00e9 en place de quatre si\u00e8ges, contrairement \u00e0 Paris ou \u00e0 Marseille. Pourtant, c\u2019est peut-\u00eatre Jean-Michel Aulas qui pourrait b\u00e9n\u00e9ficier le plus de cette modification \u00e9lectorale au sein des trois\u2026<\/p>\n<p class=\"fig-premium-paywall__infos\">\n        Cet article est r\u00e9serv\u00e9 aux abonn\u00e9s.        Il vous reste 82% \u00e0 d\u00e9couvrir.\n    <\/p>\n<p>                <img  data- alt=\"Le Figaro\" class=\"fig-img--complete fig-img\"\/><\/p>\n<p class=\"fig-premium-paywall__title\">Vous avez envie de lire la suite ?<\/p>\n<p class=\"fig-premium-paywall__subtitle\">D\u00e9bloquez tous les articles imm\u00e9diatement.<\/p>\n<p class=\"fig-premium-paywall__connect\">\n                D\u00e9j\u00e0 abonn\u00e9\u00a0?                <a class=\"fig-premium-paywall__connect-link\" href=\"https:\/\/connect.lefigaro.fr\/login?client=horizon_web&amp;type=main&amp;redirect_uri=https%3A%2F%2Fwww.lefigaro.fr%2Felections%2Fmunicipales%2Floi-plm-a-lyon-une-modification-favorable-a-jean-michel-aulas-20250710\" data-js-gtm=\"{&quot;customCategorie&quot;: &quot;conversion&quot;, &quot;customAction&quot;: &quot;before_Landing_Connexion_paywall_auto&quot;, &quot;customLabel&quot;: &quot;bGVmaWdhcm8uZnJfXzFmMDVkNmJjLTRiNmMtNjVjYy04ODdlLTg5M2ZjZDZmNjVlMF9fTmV3c0ZsYXNo_Loi PLM\u00a0: \u00e0 Lyon, une modification \u00abfavorable\u00bb \u00e0 Jean-Michel Aulas_339&quot;, &quot;customIDSPE&quot;: &quot;bGVmaWdhcm8uZnJfXzFmMDVkNmJjLTRiNmMtNjVjYy04ODdlLTg5M2ZjZDZmNjVlMF9fTmV3c0ZsYXNo&quot;, &quot;event&quot;: &quot;customEventSPE&quot;}\" target=\"_blank\" rel=\"noopener\"><br \/>\n                    Connectez-vous<br \/>\n                <\/a>\n            <\/p>\n","protected":false},"excerpt":{"rendered":"D\u00c9CRYPTAGE &#8211; La r\u00e9forme, en cr\u00e9ant un scrutin direct pour la mairie de Lyon, devrait personnaliser un peu&hellip;\n","protected":false},"author":2,"featured_media":241338,"comment_status":"","ping_status":"","sticky":false,"template":"","format":"standard","meta":{"footnotes":""},"categories":[1889],"tags":[1111,11,2430,4188,1777,674,1011,27,5226,5227,2428,12,25],"class_list":{"0":"post-241337","1":"post","2":"type-post","3":"status-publish","4":"format-standard","5":"has-post-thumbnail","7":"category-lyon","8":"tag-actu","9":"tag-actualites","10":"tag-auvergne-rhone-alpes","11":"tag-elections-municipales","12":"tag-eu","13":"tag-europe","14":"tag-fr","15":"tag-france","16":"tag-gregory-doucet","17":"tag-jean-michel-aulas","18":"tag-lyon","19":"tag-news","20":"tag-republique-francaise"},"share_on_mastodon":{"url":"https:\/\/pubeurope.com\/@fr\/114831938213269486","error":""},"_links":{"self":[{"href":"https:\/\/www.europesays.com\/fr\/wp-json\/wp\/v2\/posts\/241337","targetHints":{"allow":["GET"]}}],"collection":[{"href":"https:\/\/www.europesays.com\/fr\/wp-json\/wp\/v2\/posts"}],"about":[{"href":"https:\/\/www.europesays.com\/fr\/wp-json\/wp\/v2\/types\/post"}],"author":[{"embeddable":true,"href":"https:\/\/www.europesays.com\/fr\/wp-json\/wp\/v2\/users\/2"}],"replies":[{"embeddable":true,"href":"https:\/\/www.europesays.com\/fr\/wp-json\/wp\/v2\/comments?post=241337"}],"version-history":[{"count":0,"href":"https:\/\/www.europesays.com\/fr\/wp-json\/wp\/v2\/posts\/241337\/revisions"}],"wp:featuredmedia":[{"embeddable":true,"href":"https:\/\/www.europesays.com\/fr\/wp-json\/wp\/v2\/media\/241338"}],"wp:attachment":[{"href":"https:\/\/www.europesays.com\/fr\/wp-json\/wp\/v2\/media?parent=241337"}],"wp:term":[{"taxonomy":"category","embeddable":true,"href":"https:\/\/www.europesays.com\/fr\/wp-json\/wp\/v2\/categories?post=241337"},{"taxonomy":"post_tag","embeddable":true,"href":"https:\/\/www.europesays.com\/fr\/wp-json\/wp\/v2\/tags?post=241337"}],"curies":[{"name":"wp","href":"https:\/\/api.w.org\/{rel}","templated":true}]}}