{"id":24134,"date":"2025-04-14T11:35:11","date_gmt":"2025-04-14T11:35:11","guid":{"rendered":"https:\/\/www.europesays.com\/fr\/24134\/"},"modified":"2025-04-14T11:35:11","modified_gmt":"2025-04-14T11:35:11","slug":"une-personne-percutee-par-un-train-entre-nantes-et-angers","status":"publish","type":"post","link":"https:\/\/www.europesays.com\/fr\/24134\/","title":{"rendered":"une personne percut\u00e9e par un train entre Nantes et Angers"},"content":{"rendered":"<p>            Par<br \/>\n        <strong><br \/>\n            <a href=\"https:\/\/actu.fr\/auteur\/gwendal-lepriellec\" title=\"Consulter tous les articles de Gwendal Le Priellec\" target=\"_blank\" rel=\"noopener\">Gwendal Le Priellec<\/a><br \/>\n        <\/strong><\/p>\n<p>        Publi\u00e9 le<\/p>\n<p>            14 avr. 2025 \u00e0 13h20        <\/p>\n<p>Ce lundi 14\u00a0avril 2025, un peu avant 13\u2009h, une personne a \u00e9t\u00e9 <b>heurt\u00e9e par un train <\/b>entre <b>Nantes <\/b>(Loire-Atlantique) et <b>Angers <\/b>(Maine-et-Loire), au niveau de la commune d\u00e9l\u00e9gu\u00e9e de Varades, \u00e0 <b>Loireauxence<\/b>.<\/p>\n<p>Loire-Atlantique\u2009: une personne percut\u00e9e par un train<\/p>\n<p class=\" wall-content\">On ignore pour le moment les <b>circonstances <\/b>de l\u2019accident et l\u2019\u00e9tat de sant\u00e9 de la victime.<br \/>Sur ses r\u00e9seaux sociaux, le service des TER des Pays de la Loire pr\u00e9cise que \u00ab\u2009le <b>trafic est interrompu <\/b>entre Nantes et Angers jusqu\u2019\u00e0 15\u2009h\u2009\u00bb.<\/p>\n<p class=\" wall-content\">\n<p class=\" wall-content\">Suivez toute l\u2019actualit\u00e9 de vos villes et m\u00e9dias favoris en vous inscrivant \u00e0 <a href=\"https:\/\/moncompte.actu.fr\" title=\"D\u00e9couvez Mon Actu\" rel=\"nofollow noopener\" data-trk=\"{&quot;cta&quot;:{&quot;action&quot;:&quot;https:\\\/\\\/moncompte.actu.fr&quot;,&quot;category&quot;:&quot;mon compte&quot;,&quot;from&quot;:&quot;article footer&quot;,&quot;name&quot;:&quot;Mon actu&quot;,&quot;type&quot;:&quot;cta&quot;}}\" target=\"_blank\">Mon Actu<\/a>.<\/p>\n","protected":false},"excerpt":{"rendered":"Par Gwendal Le Priellec Publi\u00e9 le 14 avr. 2025 \u00e0 13h20 Ce lundi 14\u00a0avril 2025, un peu avant&hellip;\n","protected":false},"author":2,"featured_media":24135,"comment_status":"","ping_status":"","sticky":false,"template":"","format":"standard","meta":{"footnotes":""},"categories":[2818],"tags":[119,1111,11,1777,674,118,1011,27,766,12,2636,25,2214],"class_list":{"0":"post-24134","1":"post","2":"type-post","3":"status-publish","4":"format-standard","5":"has-post-thumbnail","7":"category-nantes","8":"tag-accident","9":"tag-actu","10":"tag-actualites","11":"tag-eu","12":"tag-europe","13":"tag-faits-divers","14":"tag-fr","15":"tag-france","16":"tag-nantes","17":"tag-news","18":"tag-pays-de-la-loire","19":"tag-republique-francaise","20":"tag-tgv"},"share_on_mastodon":{"url":"https:\/\/pubeurope.com\/@fr\/114336112893428307","error":""},"_links":{"self":[{"href":"https:\/\/www.europesays.com\/fr\/wp-json\/wp\/v2\/posts\/24134","targetHints":{"allow":["GET"]}}],"collection":[{"href":"https:\/\/www.europesays.com\/fr\/wp-json\/wp\/v2\/posts"}],"about":[{"href":"https:\/\/www.europesays.com\/fr\/wp-json\/wp\/v2\/types\/post"}],"author":[{"embeddable":true,"href":"https:\/\/www.europesays.com\/fr\/wp-json\/wp\/v2\/users\/2"}],"replies":[{"embeddable":true,"href":"https:\/\/www.europesays.com\/fr\/wp-json\/wp\/v2\/comments?post=24134"}],"version-history":[{"count":0,"href":"https:\/\/www.europesays.com\/fr\/wp-json\/wp\/v2\/posts\/24134\/revisions"}],"wp:featuredmedia":[{"embeddable":true,"href":"https:\/\/www.europesays.com\/fr\/wp-json\/wp\/v2\/media\/24135"}],"wp:attachment":[{"href":"https:\/\/www.europesays.com\/fr\/wp-json\/wp\/v2\/media?parent=24134"}],"wp:term":[{"taxonomy":"category","embeddable":true,"href":"https:\/\/www.europesays.com\/fr\/wp-json\/wp\/v2\/categories?post=24134"},{"taxonomy":"post_tag","embeddable":true,"href":"https:\/\/www.europesays.com\/fr\/wp-json\/wp\/v2\/tags?post=24134"}],"curies":[{"name":"wp","href":"https:\/\/api.w.org\/{rel}","templated":true}]}}