{"id":241343,"date":"2025-07-11T01:14:12","date_gmt":"2025-07-11T01:14:12","guid":{"rendered":"https:\/\/www.europesays.com\/fr\/241343\/"},"modified":"2025-07-11T01:14:12","modified_gmt":"2025-07-11T01:14:12","slug":"psg-real-madrid-4-0-paris-continue-de-repeindre-la-planete-en-rouge-et-bleu-derniere-couche-attendue-dimanche","status":"publish","type":"post","link":"https:\/\/www.europesays.com\/fr\/241343\/","title":{"rendered":"PSG-Real Madrid (4-0)\u00a0: Paris continue de repeindre la plan\u00e8te en Rouge et Bleu, derni\u00e8re couche attendue dimanche"},"content":{"rendered":"<p class=\"paragraph text_align_left lp-f-body-02\"><a href=\"https:\/\/www.leparisien.fr\/sports\/football\/luis-enrique\/\" target=\"_blank\" rel=\"noreferrer noopener\">Luis Enrique<\/a> doit encore se demander comment il a pu rater l\u2019accession <a href=\"https:\/\/www.leparisien.fr\/sports\/football\/ligue-des-champions\/psg-dortmund-0-1-tout-simplement-desesperant-07-05-2024-DLKOYDDK3FBUPASRZXMGZE33PQ.php\" target=\"_blank\" rel=\"noreferrer noopener\">en finale de la Ligue des champions en 2024<\/a>, au terme de sa premi\u00e8re saison au <a href=\"https:\/\/www.leparisien.fr\/sports\/football\/psg\/\" target=\"_blank\" rel=\"noreferrer noopener\">PSG<\/a>. Pour le reste, l\u2019entra\u00eeneur asturien est devenu l\u2019assurance pour le club de la capitale de participer \u00e0 la derni\u00e8re marche de chaque comp\u00e9tition qu\u2019il dispute : deux finales de Coupe de France (2024, 2025), une finale de <a href=\"https:\/\/www.leparisien.fr\/sports\/football\/ligue-des-champions\/\" target=\"_blank\" rel=\"noreferrer noopener\">Ligue des champions<\/a> et maintenant une <a href=\"https:\/\/www.leparisien.fr\/sports\/football\/coupe-du-monde-des-clubs\/\" target=\"_blank\" rel=\"noreferrer noopener\">Coupe du monde des clubs<\/a>. Un quatre sur cinq avec, pour l\u2019instant, trois sacres.<\/p>\n<p class=\"paragraph text_align_left lp-f-body-02\">Non seulement, il emm\u00e8ne quasi toujours sa formation en finale mais il ne revient pas les poches vides. Chelsea, son adversaire dimanche (21 heures) en finale du 21e Mondial du genre mais le premier dans ce format \u00e9largi, peut commencer \u00e0 se ventiler. Ses nuits seront chaudes jusqu\u2019au 13 juillet.<\/p>\n","protected":false},"excerpt":{"rendered":"Luis Enrique doit encore se demander comment il a pu rater l\u2019accession en finale de la Ligue des&hellip;\n","protected":false},"author":2,"featured_media":241344,"comment_status":"","ping_status":"","sticky":false,"template":"","format":"standard","meta":{"footnotes":""},"categories":[1888],"tags":[1111,1928,11,1927,7151,1777,674,63,1011,27,12,1926,626,1925,25,60],"class_list":{"0":"post-241343","1":"post","2":"type-post","3":"status-publish","4":"format-standard","5":"has-post-thumbnail","7":"category-paris","8":"tag-actu","9":"tag-actu-paris","10":"tag-actualites","11":"tag-actualites-paris","12":"tag-coupe-du-monde-des-clubs","13":"tag-eu","14":"tag-europe","15":"tag-football","16":"tag-fr","17":"tag-france","18":"tag-news","19":"tag-news-paris","20":"tag-paris","21":"tag-paris-news","22":"tag-republique-francaise","23":"tag-sports"},"share_on_mastodon":{"url":"https:\/\/pubeurope.com\/@fr\/114831953992921376","error":""},"_links":{"self":[{"href":"https:\/\/www.europesays.com\/fr\/wp-json\/wp\/v2\/posts\/241343","targetHints":{"allow":["GET"]}}],"collection":[{"href":"https:\/\/www.europesays.com\/fr\/wp-json\/wp\/v2\/posts"}],"about":[{"href":"https:\/\/www.europesays.com\/fr\/wp-json\/wp\/v2\/types\/post"}],"author":[{"embeddable":true,"href":"https:\/\/www.europesays.com\/fr\/wp-json\/wp\/v2\/users\/2"}],"replies":[{"embeddable":true,"href":"https:\/\/www.europesays.com\/fr\/wp-json\/wp\/v2\/comments?post=241343"}],"version-history":[{"count":0,"href":"https:\/\/www.europesays.com\/fr\/wp-json\/wp\/v2\/posts\/241343\/revisions"}],"wp:featuredmedia":[{"embeddable":true,"href":"https:\/\/www.europesays.com\/fr\/wp-json\/wp\/v2\/media\/241344"}],"wp:attachment":[{"href":"https:\/\/www.europesays.com\/fr\/wp-json\/wp\/v2\/media?parent=241343"}],"wp:term":[{"taxonomy":"category","embeddable":true,"href":"https:\/\/www.europesays.com\/fr\/wp-json\/wp\/v2\/categories?post=241343"},{"taxonomy":"post_tag","embeddable":true,"href":"https:\/\/www.europesays.com\/fr\/wp-json\/wp\/v2\/tags?post=241343"}],"curies":[{"name":"wp","href":"https:\/\/api.w.org\/{rel}","templated":true}]}}