{"id":241345,"date":"2025-07-11T01:15:11","date_gmt":"2025-07-11T01:15:11","guid":{"rendered":"https:\/\/www.europesays.com\/fr\/241345\/"},"modified":"2025-07-11T01:15:11","modified_gmt":"2025-07-11T01:15:11","slug":"previsions-du-vendredi-11-juillet-2025-10","status":"publish","type":"post","link":"https:\/\/www.europesays.com\/fr\/241345\/","title":{"rendered":"pr\u00e9visions du vendredi 11 juillet 2025"},"content":{"rendered":"<p>Paris va conna\u00eetre une belle journ\u00e9e particuli\u00e8rement ensoleill\u00e9e. Les valeurs tourneront autour des 24\u00b0C. Un vent de nord-est soufflera l\u00e9g\u00e8rement, avec 12 km\/h. Dans la matin\u00e9e, les temp\u00e9ratures tourneront autour des 24\u00b0C. Les valeurs vont enregistrer une hausse de plusieurs degr\u00e9s durant l&rsquo;apr\u00e8s-midi. La ville va subir une vague de grosses chaleurs avec des temp\u00e9ratures qui rejoindront parfois les 30\u00b0C. Les valeurs afficheront entre 29 et 30\u00b0C. Durant la nuit de vendredi \u00e0 samedi, le ciel sera clair.<\/p>\n<p>Demain, les Parisiens vont pouvoir b\u00e9n\u00e9ficier d&rsquo;un soleil magnifique. Attention \u00e0 la vague de chaud. Des temp\u00e9ratures de 17 \u00e0 31\u00b0C sont pr\u00e9vues. Les valeurs seront comprises entre 17 et 31\u00b0C. Un vent de nord-est rafra\u00eechira l\u00e9g\u00e8rement l&rsquo;atmosph\u00e8re. Le matin, le thermom\u00e8tre affichera 24\u00b0C en moyenne. La m\u00e9t\u00e9o va se r\u00e9chauffer demain apr\u00e8s-midi avec une augmentation de plusieurs degr\u00e9s. Les fortes chaleurs sont pr\u00e9sentes. Avec des temp\u00e9ratures situ\u00e9es entre 29 et 31\u00b0C. Les valeurs s&rsquo;\u00e9chelonneront entre 29\u00b0C et 31\u00b0C. Il fera 27\u00b0C en moyenne demain soir.<\/p>\n<p>Pour les prochains jours, la m\u00e9t\u00e9o ne changera pas. Pr\u00e9voyez 32\u00b0C en moyenne qui accompagneront des journ\u00e9es ensoleill\u00e9es.<\/p>\n<p><\/p>\n","protected":false},"excerpt":{"rendered":"Paris va conna\u00eetre une belle journ\u00e9e particuli\u00e8rement ensoleill\u00e9e. Les valeurs tourneront autour des 24\u00b0C. Un vent de nord-est&hellip;\n","protected":false},"author":2,"featured_media":241346,"comment_status":"","ping_status":"","sticky":false,"template":"","format":"standard","meta":{"footnotes":""},"categories":[1888],"tags":[11,1777,674,1011,27,662,12,626,2119,25],"class_list":{"0":"post-241345","1":"post","2":"type-post","3":"status-publish","4":"format-standard","5":"has-post-thumbnail","7":"category-paris","8":"tag-actualites","9":"tag-eu","10":"tag-europe","11":"tag-fr","12":"tag-france","13":"tag-ile-de-france","14":"tag-news","15":"tag-paris","16":"tag-previsions-meteo","17":"tag-republique-francaise"},"share_on_mastodon":{"url":"https:\/\/pubeurope.com\/@fr\/114831957916523756","error":""},"_links":{"self":[{"href":"https:\/\/www.europesays.com\/fr\/wp-json\/wp\/v2\/posts\/241345","targetHints":{"allow":["GET"]}}],"collection":[{"href":"https:\/\/www.europesays.com\/fr\/wp-json\/wp\/v2\/posts"}],"about":[{"href":"https:\/\/www.europesays.com\/fr\/wp-json\/wp\/v2\/types\/post"}],"author":[{"embeddable":true,"href":"https:\/\/www.europesays.com\/fr\/wp-json\/wp\/v2\/users\/2"}],"replies":[{"embeddable":true,"href":"https:\/\/www.europesays.com\/fr\/wp-json\/wp\/v2\/comments?post=241345"}],"version-history":[{"count":0,"href":"https:\/\/www.europesays.com\/fr\/wp-json\/wp\/v2\/posts\/241345\/revisions"}],"wp:featuredmedia":[{"embeddable":true,"href":"https:\/\/www.europesays.com\/fr\/wp-json\/wp\/v2\/media\/241346"}],"wp:attachment":[{"href":"https:\/\/www.europesays.com\/fr\/wp-json\/wp\/v2\/media?parent=241345"}],"wp:term":[{"taxonomy":"category","embeddable":true,"href":"https:\/\/www.europesays.com\/fr\/wp-json\/wp\/v2\/categories?post=241345"},{"taxonomy":"post_tag","embeddable":true,"href":"https:\/\/www.europesays.com\/fr\/wp-json\/wp\/v2\/tags?post=241345"}],"curies":[{"name":"wp","href":"https:\/\/api.w.org\/{rel}","templated":true}]}}