{"id":241355,"date":"2025-07-11T01:20:09","date_gmt":"2025-07-11T01:20:09","guid":{"rendered":"https:\/\/www.europesays.com\/fr\/241355\/"},"modified":"2025-07-11T01:20:09","modified_gmt":"2025-07-11T01:20:09","slug":"royaume-uni-un-nombre-record-de-menages-en-hebergement-temporaire-alerte-un-think-tank","status":"publish","type":"post","link":"https:\/\/www.europesays.com\/fr\/241355\/","title":{"rendered":"Royaume-Uni : un nombre record de m\u00e9nages en h\u00e9bergement temporaire, alerte un think tank"},"content":{"rendered":"<p>Le nombre de familles vivant en h\u00e9bergement temporaire en Angleterre a plus que doubl\u00e9 depuis 2010, en raison d&rsquo;un manque de logements abordables et de loyers \u00e9lev\u00e9s. Le ph\u00e9nom\u00e8ne pourrait encore s&rsquo;aggraver sans intervention du gouvernement, pr\u00e9vient un think tank dans un rapport publi\u00e9 vendredi.<\/p>\n<p>\nSelon la Resolution Foundation, le nombre de m\u00e9nages r\u00e9sidant en h\u00e9bergement temporaire est pass\u00e9 de 50\u00a0000 en 2010 \u00e0 128\u00a0000 aujourd&rsquo;hui, dont 72\u00a0000 familles rien qu&rsquo;\u00e0 Londres.<\/p>\n<p>\nLes familles monoparentales repr\u00e9sentent 35\u00a0% des m\u00e9nages en h\u00e9bergement temporaire, alors qu&rsquo;elles ne constituent que 16\u00a0% des foyers au Royaume-Uni, souligne le rapport.<\/p>\n<p>\nCameron Aref-Adib, \u00e9conomiste au sein du think tank, explique que l&rsquo;\u00e9cart entre le co\u00fbt des loyers priv\u00e9s et les aides au logement pousse de plus en plus de personnes vers des solutions temporaires.<\/p>\n<p>\nD&rsquo;apr\u00e8s le rapport, les loyers priv\u00e9s en Grande-Bretagne ont augment\u00e9 de 54\u00a0% depuis 2010, tandis que les allocations logement n&rsquo;ont progress\u00e9 que de 36\u00a0%.<\/p>\n<p>\nPar ailleurs, seulement 8\u00a0% des logements abordables construits \u00e0 Londres l&rsquo;ont \u00e9t\u00e9 pour des loyers sociaux, consid\u00e9r\u00e9s comme plus accessibles aux m\u00e9nages \u00e0 faibles revenus.<\/p>\n<p>\nAref-Adib appelle le gouvernement \u00e0 construire davantage de logements, alors que le rapport r\u00e9v\u00e8le que les permis de construire accord\u00e9s lors des trois derniers mois de 2024 sont tomb\u00e9s \u00e0 leur plus bas niveau depuis 1979, avec seulement 7\u00a0356 autorisations d\u00e9livr\u00e9es.<\/p>\n<p>\nLe gouvernement travailliste britannique, arriv\u00e9 au pouvoir il y a un an, s&rsquo;est fix\u00e9 pour objectif de construire 1,5\u00a0million de logements d&rsquo;ici 2029. Il a annonc\u00e9 un investissement de 39\u00a0milliards de livres sterling (52,81\u00a0milliards de dollars) dans le logement abordable, et la Resolution Foundation se f\u00e9licite que 60\u00a0% de cette enveloppe soit d\u00e9di\u00e9e au logement social.<\/p>\n<p>\n(1\u00a0$ = 0,7385\u00a0livre sterling)<\/p>\n","protected":false},"excerpt":{"rendered":"Le nombre de familles vivant en h\u00e9bergement temporaire en Angleterre a plus que doubl\u00e9 depuis 2010, en raison&hellip;\n","protected":false},"author":2,"featured_media":241356,"comment_status":"","ping_status":"","sticky":false,"template":"","format":"standard","meta":{"footnotes":""},"categories":[1588],"tags":[11,340,1777,674,12,473,1853,1851,1850,1852],"class_list":{"0":"post-241355","1":"post","2":"type-post","3":"status-publish","4":"format-standard","5":"has-post-thumbnail","7":"category-royaume-uni","8":"tag-actualites","9":"tag-bourse","10":"tag-eu","11":"tag-europe","12":"tag-news","13":"tag-royaume-uni","14":"tag-royaume-uni-de-grande-bretagne-et-dirlande-du-nord","15":"tag-uk","16":"tag-united-kingdom","17":"tag-united-kingdom-of-great-britain-and-northern-ireland"},"share_on_mastodon":{"url":"https:\/\/pubeurope.com\/@fr\/114831977874397545","error":""},"_links":{"self":[{"href":"https:\/\/www.europesays.com\/fr\/wp-json\/wp\/v2\/posts\/241355","targetHints":{"allow":["GET"]}}],"collection":[{"href":"https:\/\/www.europesays.com\/fr\/wp-json\/wp\/v2\/posts"}],"about":[{"href":"https:\/\/www.europesays.com\/fr\/wp-json\/wp\/v2\/types\/post"}],"author":[{"embeddable":true,"href":"https:\/\/www.europesays.com\/fr\/wp-json\/wp\/v2\/users\/2"}],"replies":[{"embeddable":true,"href":"https:\/\/www.europesays.com\/fr\/wp-json\/wp\/v2\/comments?post=241355"}],"version-history":[{"count":0,"href":"https:\/\/www.europesays.com\/fr\/wp-json\/wp\/v2\/posts\/241355\/revisions"}],"wp:featuredmedia":[{"embeddable":true,"href":"https:\/\/www.europesays.com\/fr\/wp-json\/wp\/v2\/media\/241356"}],"wp:attachment":[{"href":"https:\/\/www.europesays.com\/fr\/wp-json\/wp\/v2\/media?parent=241355"}],"wp:term":[{"taxonomy":"category","embeddable":true,"href":"https:\/\/www.europesays.com\/fr\/wp-json\/wp\/v2\/categories?post=241355"},{"taxonomy":"post_tag","embeddable":true,"href":"https:\/\/www.europesays.com\/fr\/wp-json\/wp\/v2\/tags?post=241355"}],"curies":[{"name":"wp","href":"https:\/\/api.w.org\/{rel}","templated":true}]}}