{"id":241361,"date":"2025-07-11T01:23:12","date_gmt":"2025-07-11T01:23:12","guid":{"rendered":"https:\/\/www.europesays.com\/fr\/241361\/"},"modified":"2025-07-11T01:23:12","modified_gmt":"2025-07-11T01:23:12","slug":"jai-meme-eu-ma-gueule-sur-une-montgolfiere-la-belle-joie-de-vauquelin-fete-par-ses-fans-en-normandie-2","status":"publish","type":"post","link":"https:\/\/www.europesays.com\/fr\/241361\/","title":{"rendered":"\u00ab\u00a0J\u2019ai m\u00eame eu ma gueule sur une montgolfi\u00e8re!\u00a0\u00bb, la belle joie de Vauquelin, f\u00eat\u00e9 par ses fans en Normandie"},"content":{"rendered":"<p class=\"mb-4 text-lg md:leading-8 break-words\">Il est l\u2019un des coureurs fran\u00e7ais les plus en vue depuis le d\u00e9part de la Grande Boucle. Offensif, <a href=\"https:\/\/fr.news.yahoo.com\/sport\/tour-france-2025-fait-vivre-113143506.html\" data-ylk=\"slk:K\u00e9vin Vauquelin;elm:context_link;itc:0;sec:content-canvas;outcm:mb_qualified_link;_E:mb_qualified_link;ct:story;\" class=\"link  yahoo-link\" target=\"_blank\" rel=\"noopener\">K\u00e9vin Vauquelin<\/a> est vite aussi devenu l\u2019un des chouchous du public. La cote de popularit\u00e9 du coureur Ark\u00e9a-B&amp;B Hotels ne pouvait pas retomber ce jeudi. Lui le Normand n\u00e9 \u00e0 Bayeux, ville d\u00e9part de la <a href=\"https:\/\/fr.news.yahoo.com\/sport\/tour-france-2025-classement-6e-154908749.html\" data-ylk=\"slk:6e \u00e9tape du Tour de France;elm:context_link;itc:0;sec:content-canvas;outcm:mb_qualified_link;_E:mb_qualified_link;ct:story;\" class=\"link  yahoo-link\" target=\"_blank\" rel=\"noopener\">6e \u00e9tape du Tour de France<\/a>, \u00e9tait le h\u00e9ros du jour. Le 4e au classement g\u00e9n\u00e9ral, 14e \u00e0 Vire, a gout\u00e9 avec app\u00e9tit \u00e0 sa nouvelle popularit\u00e9.<\/p>\n<p>\u00ab\u00a0M\u00eame les mecs dans le peloton avaient des frissons pour moi\u00a0\u00bb<\/p>\n<p class=\"mb-4 text-lg md:leading-8 break-words\">\u00ab\u00a0Je ne sais m\u00eame pas si on peut appeler \u00e7a du plaisir. C\u2019est un truc de malade\u00a0\u00bb, s&rsquo;est-il exclam\u00e9 sur France T\u00e9l\u00e9visions. \u00ab\u00a0J\u2019ai m\u00eame eu ma gueule sur une montgolfi\u00e8re, vous vous rendez compte? M\u00eame les mecs dans le peloton avaient des frissons pour moi. C\u2019\u00e9tait fou! J\u2019ai essay\u00e9 d\u2019en profiter au maximum mais \u00e7a roulait d\u00e9j\u00e0 bien.\u00a0\u00bb<\/p>\n<p class=\"mb-4 text-lg md:leading-8 break-words\">Et Vauquelin de poursuivre, sur son nuage: \u00ab\u00a0Les &lsquo;allez K\u00e9vin&rsquo; et &lsquo;allez Guillaume&rsquo; (Guillaume Martin-Guyonnet, l\u2019autre r\u00e9gional de l\u2019\u00e9tape, ndlr), c\u2019\u00e9tait tout le temps, toute la journ\u00e9e. C\u2019est juste incroyable. Je levais les bras partout, je ne gagnais pas l\u2019\u00e9tape mais je levais les bras quand m\u00eame. J\u2019ai essay\u00e9 d\u2019apporter de l\u2019importance \u00e0 tous ceux qui me soutenaient en leur faisant des signes. C\u2019\u00e9tait fou\u00a0\u00bb, conclut K\u00e9vin Vauquelin.<\/p>\n<p class=\"mb-4 text-lg md:leading-8 break-words\"><a href=\"https:\/\/rmcsport.bfmtv.com\/cyclisme\/tour-de-france\/tour-de-france-j-ai-meme-eu-ma-gueule-sur-une-montgolfiere-la-belle-joie-de-vauquelin-fete-par-ses-fans-en-normandie_AV-202507100686.html#xtor=AL-68\" rel=\"nofollow noopener\" target=\"_blank\" data-ylk=\"slk:Article original publi\u00e9 sur RMC Sport;elm:context_link;itc:0;sec:content-canvas\" class=\"link \">Article original publi\u00e9 sur RMC Sport<\/a><\/p>\n","protected":false},"excerpt":{"rendered":"Il est l\u2019un des coureurs fran\u00e7ais les plus en vue depuis le d\u00e9part de la Grande Boucle. Offensif,&hellip;\n","protected":false},"author":2,"featured_media":241362,"comment_status":"","ping_status":"","sticky":false,"template":"","format":"standard","meta":{"footnotes":""},"categories":[1586],"tags":[11,32033,1777,674,1779,1011,27,37876,38083,38084,12,38082,25,1778,364],"class_list":{"0":"post-241361","1":"post","2":"type-post","3":"status-publish","4":"format-standard","5":"has-post-thumbnail","7":"category-europe","8":"tag-actualites","9":"tag-cote-de-popularite","10":"tag-eu","11":"tag-europe","12":"tag-european-union","13":"tag-fr","14":"tag-france","15":"tag-grande-boucle","16":"tag-heros-du-jour","17":"tag-kevin-vauquelin","18":"tag-news","19":"tag-regional-de-letape","20":"tag-republique-francaise","21":"tag-ue","22":"tag-union-europeenne"},"share_on_mastodon":{"url":"https:\/\/pubeurope.com\/@fr\/114831989398459155","error":""},"_links":{"self":[{"href":"https:\/\/www.europesays.com\/fr\/wp-json\/wp\/v2\/posts\/241361","targetHints":{"allow":["GET"]}}],"collection":[{"href":"https:\/\/www.europesays.com\/fr\/wp-json\/wp\/v2\/posts"}],"about":[{"href":"https:\/\/www.europesays.com\/fr\/wp-json\/wp\/v2\/types\/post"}],"author":[{"embeddable":true,"href":"https:\/\/www.europesays.com\/fr\/wp-json\/wp\/v2\/users\/2"}],"replies":[{"embeddable":true,"href":"https:\/\/www.europesays.com\/fr\/wp-json\/wp\/v2\/comments?post=241361"}],"version-history":[{"count":0,"href":"https:\/\/www.europesays.com\/fr\/wp-json\/wp\/v2\/posts\/241361\/revisions"}],"wp:featuredmedia":[{"embeddable":true,"href":"https:\/\/www.europesays.com\/fr\/wp-json\/wp\/v2\/media\/241362"}],"wp:attachment":[{"href":"https:\/\/www.europesays.com\/fr\/wp-json\/wp\/v2\/media?parent=241361"}],"wp:term":[{"taxonomy":"category","embeddable":true,"href":"https:\/\/www.europesays.com\/fr\/wp-json\/wp\/v2\/categories?post=241361"},{"taxonomy":"post_tag","embeddable":true,"href":"https:\/\/www.europesays.com\/fr\/wp-json\/wp\/v2\/tags?post=241361"}],"curies":[{"name":"wp","href":"https:\/\/api.w.org\/{rel}","templated":true}]}}