{"id":241363,"date":"2025-07-11T01:24:12","date_gmt":"2025-07-11T01:24:12","guid":{"rendered":"https:\/\/www.europesays.com\/fr\/241363\/"},"modified":"2025-07-11T01:24:12","modified_gmt":"2025-07-11T01:24:12","slug":"lennart-monterlos-le-jeune-cycliste-franco-allemand-disparu-en-iran-a-ete-arrete","status":"publish","type":"post","link":"https:\/\/www.europesays.com\/fr\/241363\/","title":{"rendered":"Lennart Monterlos, le jeune cycliste franco-allemand disparu en Iran, a \u00e9t\u00e9 \u00ab\u00a0arr\u00eat\u00e9\u00a0\u00bb"},"content":{"rendered":"<p>        <img decoding=\"async\" loading=\"lazy\" src=\"https:\/\/www.europesays.com\/fr\/wp-content\/uploads\/2025\/07\/8cf5f6b_upload-1-fncgjy2gio6f-000-64xv864.jpg\"  width=\"728\" height=\"409\" alt=\"Cette capture d\u2019\u00e9cran tir\u00e9e d\u2019un post du 24\u00a0juin 2025\u00a0sur Instagram montre Lennart Monterlos, disparu depuis le 16\u00a0juin 2025, alors qu\u2019il se d\u00e9pla\u00e7ait \u00e0 v\u00e9lo en Iran.\"\/>  <\/p>\n<p>&#8211; \/ AFP<\/p>\n<p>Cette capture d\u2019\u00e9cran tir\u00e9e d\u2019un post du 24\u00a0juin 2025\u00a0sur Instagram montre Lennart Monterlos, disparu depuis le 16\u00a0juin 2025, alors qu\u2019il se d\u00e9pla\u00e7ait \u00e0 v\u00e9lo en Iran.<\/p>\n<p class=\"asset asset-text\">INTERNATIONAL &#8211; Sa trace a \u00e9t\u00e9 retrouv\u00e9e. <a href=\"https:\/\/www.huffingtonpost.fr\/international\/article\/un-jeune-francais-porte-disparu-en-iran-le-quai-d-orsay-craint-une-arrestation_252290.html\" target=\"_blank\" rel=\"noopener\" title=\"Nouvelle fen\u00eatre\">Lennart Monterlos<\/a>, le jeune cycliste franco-allemand qui voyageait en Asie et qui n\u2019avait plus donn\u00e9 de nouvelles depuis la mi-juin alors qu\u2019il parcourait l\u2019Iran a \u00e9t\u00e9 \u00ab\u00a0arr\u00eat\u00e9\u00a0\u00bb, a annonc\u00e9 la diplomatie iranienne ce jeudi 10\u00a0juillet dans un entretien accord\u00e9 au <a href=\"https:\/\/www.lemonde.fr\/international\/article\/2025\/07\/10\/abbas-araghtchi-ministre-iranien-des-affaires-etrangeres-il-faut-garantir-qu-a-l-avenir-en-pleine-negociation-les-etats-unis-ne-meneront-pas-d-attaque-militaire_6620528_3210.html\" target=\"_blank\" rel=\"noopener\" title=\"Nouvelle fen\u00eatre\">Monde<\/a>.<\/p>\n<p class=\"asset asset-text\">\u00ab\u00a0Il a \u00e9t\u00e9 arr\u00eat\u00e9 pour avoir commis un d\u00e9lit, et une notification officielle concernant sa situation a \u00e9t\u00e9 transmise \u00e0 l\u2019ambassade de France\u00a0\u00bb, a pr\u00e9cis\u00e9 au quotidien du soir Abbas Araghtchi, ministre des affaires \u00e9trang\u00e8res iranien.<\/p>\n<p class=\"asset asset-text\">Interrog\u00e9 par l\u2019AFP, le minist\u00e8re fran\u00e7ais des affaires \u00e9trang\u00e8res a r\u00e9pondu \u00eatre\u00a0\u00ab\u00a0en contact avec les autorit\u00e9s iraniennes au sujet de la situation\u00a0\u00bb\u00a0de Lennart Monterlos. \u00ab\u00a0Nous sommes \u00e9galement en lien avec la famille\u00a0\u00bb, a-t-il ajout\u00e9, se refusant \u00e0 faire d\u2019autres commentaires\u00a0\u00ab\u00a0s\u2019agissant d\u2019une affaire qui met en jeu la s\u00e9curit\u00e9\u00a0\u00bb\u00a0d\u2019un Fran\u00e7ais.<\/p>\n<p class=\"asset asset-text\">Avant d\u2019entamer son voyage, Lennart Monterlos avait pr\u00e9sent\u00e9 son projet sur une plateforme de financement participatif. Il expliquait \u00eatre alors en classe de terminale Abibac (parcours binational franco-allemand) \u00e0 Besan\u00e7on (est de la France).<\/p>\n<p>                     \u00ab\u00a0Je souhaite voyager \u00e0 travers le monde\u00a0\u00bb    <\/p>\n<p class=\"asset asset-text\">\u00ab\u00a0Je suis passionn\u00e9 de sport, notamment d\u2019escalade (&#8230;) et de v\u00e9lo\u00a0\u00bb, \u00e9crivait-il. \u00ab\u00a0J\u2019aime beaucoup lire et voyager \u00e0 travers les livres, et maintenant je souhaite voyager \u00e0 travers le monde \u00e0 v\u00e9lo\u00a0\u00bb. Il confiait pr\u00e9parer depuis fin 2023 \u00ab\u00a0un voyage \u00e0 v\u00e9lo d\u2019un an pour d\u00e9couvrir le monde, \u00e0 travers l\u2019Europe et l\u2019Asie\u00a0\u00bb. Cela devait \u00eatre \u00ab\u00a0une c\u00e9sure\u00a0\u00bb avant ses \u00e9tudes sup\u00e9rieures.<\/p>\n<p class=\"asset asset-text\">Il y a quelques jours, le ministre des Affaires \u00e9trang\u00e8res Jean-No\u00ebl Barrot avait eu un entretien avec son homologue iranien.\u00a0Il avait \u00ab\u00a0exig\u00e9 la libert\u00e9 imm\u00e9diate et inconditionnelle de <a href=\"https:\/\/www.huffingtonpost.fr\/international\/article\/cecile-kohler-et-jacques-paris-detenus-depuis-trois-ans-en-iran-inculpes-d-espionnage-au-profit-d-israel_252147.html\" target=\"_blank\" rel=\"noopener\">C\u00e9cile Kohler et Jacques Paris<\/a>, d\u00e9tenus arbitrairement dans des conditions assimilables \u00e0 de la torture depuis plus de 3\u00a0ans maintenant\u00a0\u00bb.<\/p>\n<p class=\"asset asset-text\">La professeure de lettres de 40\u00a0ans originaire de l\u2019est de la France et son compagnon Jacques Paris, 72\u00a0ans, avaient \u00e9t\u00e9 arr\u00eat\u00e9s le 7\u00a0mai\u00a02022, au dernier jour d\u2019un voyage touristique en Iran et risquent la peine de mort. Le ministre n\u2019avait pas pr\u00e9cis\u00e9 si le cas de Lennart Monterlos avait \u00e9t\u00e9 \u00e9voqu\u00e9.<\/p>\n","protected":false},"excerpt":{"rendered":"&#8211; \/ AFP Cette capture d\u2019\u00e9cran tir\u00e9e d\u2019un post du 24\u00a0juin 2025\u00a0sur Instagram montre Lennart Monterlos, disparu depuis&hellip;\n","protected":false},"author":2,"featured_media":241364,"comment_status":"","ping_status":"","sticky":false,"template":"","format":"standard","meta":{"footnotes":""},"categories":[2],"tags":[11,2441,1011,27,14,3019,12,25],"class_list":{"0":"post-241363","1":"post","2":"type-post","3":"status-publish","4":"format-standard","5":"has-post-thumbnail","7":"category-actualites","8":"tag-actualites","9":"tag-arrestation","10":"tag-fr","11":"tag-france","12":"tag-international","13":"tag-iran","14":"tag-news","15":"tag-republique-francaise"},"share_on_mastodon":{"url":"https:\/\/pubeurope.com\/@fr\/114831993372636745","error":""},"_links":{"self":[{"href":"https:\/\/www.europesays.com\/fr\/wp-json\/wp\/v2\/posts\/241363","targetHints":{"allow":["GET"]}}],"collection":[{"href":"https:\/\/www.europesays.com\/fr\/wp-json\/wp\/v2\/posts"}],"about":[{"href":"https:\/\/www.europesays.com\/fr\/wp-json\/wp\/v2\/types\/post"}],"author":[{"embeddable":true,"href":"https:\/\/www.europesays.com\/fr\/wp-json\/wp\/v2\/users\/2"}],"replies":[{"embeddable":true,"href":"https:\/\/www.europesays.com\/fr\/wp-json\/wp\/v2\/comments?post=241363"}],"version-history":[{"count":0,"href":"https:\/\/www.europesays.com\/fr\/wp-json\/wp\/v2\/posts\/241363\/revisions"}],"wp:featuredmedia":[{"embeddable":true,"href":"https:\/\/www.europesays.com\/fr\/wp-json\/wp\/v2\/media\/241364"}],"wp:attachment":[{"href":"https:\/\/www.europesays.com\/fr\/wp-json\/wp\/v2\/media?parent=241363"}],"wp:term":[{"taxonomy":"category","embeddable":true,"href":"https:\/\/www.europesays.com\/fr\/wp-json\/wp\/v2\/categories?post=241363"},{"taxonomy":"post_tag","embeddable":true,"href":"https:\/\/www.europesays.com\/fr\/wp-json\/wp\/v2\/tags?post=241363"}],"curies":[{"name":"wp","href":"https:\/\/api.w.org\/{rel}","templated":true}]}}