{"id":241365,"date":"2025-07-11T01:25:11","date_gmt":"2025-07-11T01:25:11","guid":{"rendered":"https:\/\/www.europesays.com\/fr\/241365\/"},"modified":"2025-07-11T01:25:11","modified_gmt":"2025-07-11T01:25:11","slug":"la-voiture-a-lorigine-de-lincendie-de-marseille-navait-pas-de-controle-technique-a-jour","status":"publish","type":"post","link":"https:\/\/www.europesays.com\/fr\/241365\/","title":{"rendered":"La voiture \u00e0 l&rsquo;origine de l&rsquo;incendie de Marseille n&rsquo;avait pas de contr\u00f4le technique \u00e0 jour"},"content":{"rendered":"<p>L&rsquo;incendie qui a parcouru <a href=\"https:\/\/www.laprovence.com\/article\/faits-divers-justice\/4170039030732614\/direct-laprovence-direct-incendie-a-marseille-tunnels-et-a55-fermes-trains-perturbes-feu-non-fixe-le-point-sur-la-situation\" target=\"_blank\" rel=\"nofollow noopener\">750 hectares entre les Pennes Mirabeau et Marseille<\/a> est d&rsquo;origine accidentelle, cela ne fait aucun doute. L&rsquo;enqu\u00eate confi\u00e9e par le parquet d&rsquo;Aix-en-Provence \u00e0 la CRS autorouti\u00e8re Provence, a vite permis d&rsquo;\u00e9tablir, \u00e0 l&rsquo;aide notamment des enregistrements vid\u00e9os, que le sinistre avait \u00e9t\u00e9 caus\u00e9 par un feu de v\u00e9hicule sur l&rsquo;A55, peu avant 11h, ce matin du 8 juillet 2025.<\/p>\n<p>Mais comme presque toujours en mati\u00e8re d&rsquo;accident, c&rsquo;est une succession d&rsquo;\u00e9v\u00e8nements parfois \u00e9vitables qui a conduit \u00e0 la catastrophe. Selon nos informations, la voiture en cause, une Peugeot 107 immatricul\u00e9e au nom d&rsquo;une jeune femme d&rsquo;une vingtaine d&rsquo;ann\u00e9es et domicili\u00e9e dans le 15e arrondissement de Marseille, n&rsquo;aurait pas d\u00fb prendre la route.<\/p>\n<p>En effet, les investigations ont tout aussi rapidement mis en \u00e9vidence une irr\u00e9gularit\u00e9, commune mais embarrassante, au vu de la suite des \u00e9v\u00e8nements. La petite citadine, un mod\u00e8le diesel de 2007 d\u00fbment assur\u00e9, \u00e9tait toutefois d\u00e9pourvue de contr\u00f4le technique \u00e0 jour.<\/p>\n<p>Un feu au plus mauvais endroit<\/p>\n<p>Vers 11h50, une fum\u00e9e blanche s&rsquo;est \u00e9chapp\u00e9e du capot alors que le conducteur, le compagnon de la propri\u00e9taire, se trouvait sur l&rsquo;A7 en direction de Marseille. L&rsquo;homme s&rsquo;est imm\u00e9diatement d\u00e9port\u00e9 sur la bande d&rsquo;arr\u00eat d&rsquo;urgence et a ouvert le capot. C&rsquo;est alors que des flammes ont jailli du moteur, avant de se propager \u00e0 l&rsquo;ensemble du v\u00e9hicule, puis \u00e0 la v\u00e9g\u00e9tation environnante.<\/p>\n<p>Si les expertises de la carcasse du v\u00e9hicule n&rsquo;ont pas encore permis de d\u00e9terminer l&rsquo;origine de l&rsquo;\u00e9chauffement, la malchance a \u00e9galement jou\u00e9 dans l&#8217;embrasement qui a suivi. La voiture qui \u00e9tait sur le point de br\u00fbler a effet stopp\u00e9 sa course \u00e0 proximit\u00e9 d&rsquo;un arbre, le seul pin \u00e0 la ronde sur cette portion d&rsquo;autoroute. De quoi laisser penser qu&rsquo;\u00e0 seulement quelques dizaines de m\u00e8tres pr\u00e8s, <a href=\"https:\/\/www.laprovence.com\/article\/region\/7919173597089414\/incendie-a-marseille-je-vais-proposer-une-aide-financiere-durgence-pour-les-sinistres-annonce-benoit-payan\" target=\"_blank\" rel=\"nofollow noopener\">les cons\u00e9quences de cet incident<\/a> auraient pu \u00eatre tr\u00e8s diff\u00e9rentes.<\/p>\n","protected":false},"excerpt":{"rendered":"L&rsquo;incendie qui a parcouru 750 hectares entre les Pennes Mirabeau et Marseille est d&rsquo;origine accidentelle, cela ne fait&hellip;\n","protected":false},"author":2,"featured_media":241366,"comment_status":"","ping_status":"","sticky":false,"template":"","format":"standard","meta":{"footnotes":""},"categories":[2],"tags":[17,11,1102,274,1312,1011,27,1310,38085,884,22651,12,5261,25,4752],"class_list":{"0":"post-241365","1":"post","2":"type-post","3":"status-publish","4":"format-standard","5":"has-post-thumbnail","7":"category-actualites","8":"tag-17","9":"tag-actualites","10":"tag-breakingnews","11":"tag-faits-divers-justice","12":"tag-feu","13":"tag-fr","14":"tag-france","15":"tag-incendie","16":"tag-lorigine","17":"tag-marseille","18":"tag-navait","19":"tag-news","20":"tag-pas","21":"tag-republique-francaise","22":"tag-voiture"},"share_on_mastodon":{"url":"https:\/\/pubeurope.com\/@fr\/114831997235860804","error":""},"_links":{"self":[{"href":"https:\/\/www.europesays.com\/fr\/wp-json\/wp\/v2\/posts\/241365","targetHints":{"allow":["GET"]}}],"collection":[{"href":"https:\/\/www.europesays.com\/fr\/wp-json\/wp\/v2\/posts"}],"about":[{"href":"https:\/\/www.europesays.com\/fr\/wp-json\/wp\/v2\/types\/post"}],"author":[{"embeddable":true,"href":"https:\/\/www.europesays.com\/fr\/wp-json\/wp\/v2\/users\/2"}],"replies":[{"embeddable":true,"href":"https:\/\/www.europesays.com\/fr\/wp-json\/wp\/v2\/comments?post=241365"}],"version-history":[{"count":0,"href":"https:\/\/www.europesays.com\/fr\/wp-json\/wp\/v2\/posts\/241365\/revisions"}],"wp:featuredmedia":[{"embeddable":true,"href":"https:\/\/www.europesays.com\/fr\/wp-json\/wp\/v2\/media\/241366"}],"wp:attachment":[{"href":"https:\/\/www.europesays.com\/fr\/wp-json\/wp\/v2\/media?parent=241365"}],"wp:term":[{"taxonomy":"category","embeddable":true,"href":"https:\/\/www.europesays.com\/fr\/wp-json\/wp\/v2\/categories?post=241365"},{"taxonomy":"post_tag","embeddable":true,"href":"https:\/\/www.europesays.com\/fr\/wp-json\/wp\/v2\/tags?post=241365"}],"curies":[{"name":"wp","href":"https:\/\/api.w.org\/{rel}","templated":true}]}}