{"id":241367,"date":"2025-07-11T01:26:09","date_gmt":"2025-07-11T01:26:09","guid":{"rendered":"https:\/\/www.europesays.com\/fr\/241367\/"},"modified":"2025-07-11T01:26:09","modified_gmt":"2025-07-11T01:26:09","slug":"des-migrants-arrives-au-royaume-uni-seront-renvoyes-vers-la-france","status":"publish","type":"post","link":"https:\/\/www.europesays.com\/fr\/241367\/","title":{"rendered":"Des migrants arriv\u00e9s au Royaume-Uni seront renvoy\u00e9s vers la France"},"content":{"rendered":"<p>Le Royaume-Uni et la France ont convenu jeudi d\u2019un plan pilote visant \u00e0 renvoyer en France certains migrants ayant travers\u00e9 la Manche \u00e0 bord de petites embarcations, alors que le gouvernement britannique peine \u00e0 calmer les critiques selon lesquelles il aurait perdu le contr\u00f4le des fronti\u00e8res du pays.<\/p>\n<p>Le premier ministre britannique, Keir Starmer, et le pr\u00e9sident fran\u00e7ais, Emmanuel Macron, ont annonc\u00e9 l\u2019accord jeudi matin \u00e0 Londres. Bien que le programme initial ne concerne que 50\u00a0personnes par semaine, les responsables britanniques estiment qu\u2019il s\u2019agit d\u2019une avanc\u00e9e majeure, car il cr\u00e9e un pr\u00e9c\u00e9dent permettant aux migrants arriv\u00e9s ill\u00e9galement au Royaume-Uni d\u2019\u00eatre renvoy\u00e9s vers la France.<\/p>\n<p>En vertu de cet accord, le Royaume-Uni renverra en France une partie de ceux qui traversent la Manche \u00e0 bord de petites embarcations, tout en acceptant un nombre \u00e9gal de migrants jug\u00e9s l\u00e9gitimes pour demander l\u2019asile au Royaume-Uni. <\/p>\n<p>M.\u00a0Starmer avait fait pression en faveur de cet accord dans l\u2019espoir de d\u00e9courager les gens d\u2019entreprendre cette travers\u00e9e p\u00e9rilleuse. <\/p>\n<p>\u00abNous partageons la m\u00eame volont\u00e9 de lutter contre les r\u00e9seaux d\u2019immigration clandestine gr\u00e2ce \u00e0 une coordination \u00e9troite avec les autres pays europ\u00e9ens\u00bb, a indiqu\u00e9 le pr\u00e9sident Macron.<\/p>\n<p>Les travers\u00e9es en petites embarcations sont devenues un enjeu politique majeur au Royaume-Uni, aliment\u00e9 par les images de passeurs entassant des migrants dans des canots pneumatiques surpeupl\u00e9s et perc\u00e9s d\u2019eau sur les c\u00f4tes fran\u00e7aises. <\/p>\n<p>Depuis le d\u00e9but de l\u2019ann\u00e9e, plus de 21\u00a0000\u00a0personnes sont arriv\u00e9es au Royaume-Uni \u00e0 bord de petites embarcations, soit une augmentation de 56\u00a0% par rapport \u00e0 la m\u00eame p\u00e9riode l\u2019an dernier.<\/p>\n<p>La mesure annonc\u00e9e jeudi s\u2019inscrit dans le cadre d\u2019efforts plus larges visant \u00e0 renforcer la coop\u00e9ration avec la France, ainsi qu\u2019avec les pays situ\u00e9s plus en amont sur les routes migratoires en provenance d\u2019Afrique et du Moyen-Orient.<\/p>\n<p>Les responsables britanniques ont fait pression pour que la police fran\u00e7aise intervienne plus vigoureusement pour arr\u00eater les bateaux une fois qu\u2019ils ont quitt\u00e9 le rivage, et se sont r\u00e9jouis d\u2019avoir vu des agents lac\u00e9rer des canots pneumatiques \u00e0 coups de couteau ces derniers jours.<\/p>\n<p>Emmanuel Macron avait avanc\u00e9 plus t\u00f4t cette semaine que lui et M.\u00a0Starmer viseraient des \u00abr\u00e9sultats tangibles\u00bb sur un sujet qui \u00abest un fardeau pour nos deux pays\u00bb.<\/p>\n<p>D\u00e8s 2001, les deux pays discutaient des moyens de stopper le flux de migrants, mais \u00e0 l\u2019\u00e9poque, ils se concentraient sur les personnes se cachant dans les trains et les camions entrant au Royaume-Uni par le tunnel sous la Manche.<\/p>\n<p>Au cours des ann\u00e9es suivantes, les autorit\u00e9s fran\u00e7aises ont \u00e9vacu\u00e9 des camps pr\u00e8s de Calais o\u00f9 des milliers de migrants se rassemblaient avant de tenter de rejoindre le Royaume-Uni. Le renforcement de la s\u00e9curit\u00e9 a fortement r\u00e9duit le nombre de passagers clandestins de v\u00e9hicules, mais \u00e0 partir de 2018 environ, les passeurs ont commenc\u00e9 \u00e0 proposer aux migrants une nouvelle voie maritime.<\/p>\n<p>La coop\u00e9ration pour arr\u00eater les bateaux a \u00e9t\u00e9 interrompue apr\u00e8s la s\u00e9paration acrimonieuse du Royaume-Uni de l\u2019Union europ\u00e9enne en 2020, mais ces derni\u00e8res ann\u00e9es, les deux pays ont conclu plusieurs accords pr\u00e9voyant que le Royaume-Uni finance la France pour renforcer les patrouilles polici\u00e8res et les drones le long des c\u00f4tes.<\/p>\n<p>Le pr\u00e9c\u00e9dent gouvernement conservateur britannique a pr\u00e9sent\u00e9 en 2022 un plan controvers\u00e9 visant \u00e0 expulser les demandeurs d\u2019asile arrivant par bateau vers le Rwanda. Les critiques l\u2019ont qualifi\u00e9 d\u2019impraticable et contraire \u00e0 l\u2019\u00e9thique, et M.\u00a0Starmer l\u2019a abandonn\u00e9 peu apr\u00e8s son entr\u00e9e en fonction en juillet\u00a02024.<\/p>\n","protected":false},"excerpt":{"rendered":"Le Royaume-Uni et la France ont convenu jeudi d\u2019un plan pilote visant \u00e0 renvoyer en France certains migrants&hellip;\n","protected":false},"author":2,"featured_media":241368,"comment_status":"","ping_status":"","sticky":false,"template":"","format":"standard","meta":{"footnotes":""},"categories":[4],"tags":[11,1011,27,1854,4576,15225,12,25],"class_list":{"0":"post-241367","1":"post","2":"type-post","3":"status-publish","4":"format-standard","5":"has-post-thumbnail","7":"category-france","8":"tag-actualites","9":"tag-fr","10":"tag-france","11":"tag-https-lactualite-com-sujet-international","12":"tag-https-lactualite-com-sujet-politique","13":"tag-https-lactualite-com-sujet-social","14":"tag-news","15":"tag-republique-francaise"},"share_on_mastodon":{"url":"https:\/\/pubeurope.com\/@fr\/114832001130875658","error":""},"_links":{"self":[{"href":"https:\/\/www.europesays.com\/fr\/wp-json\/wp\/v2\/posts\/241367","targetHints":{"allow":["GET"]}}],"collection":[{"href":"https:\/\/www.europesays.com\/fr\/wp-json\/wp\/v2\/posts"}],"about":[{"href":"https:\/\/www.europesays.com\/fr\/wp-json\/wp\/v2\/types\/post"}],"author":[{"embeddable":true,"href":"https:\/\/www.europesays.com\/fr\/wp-json\/wp\/v2\/users\/2"}],"replies":[{"embeddable":true,"href":"https:\/\/www.europesays.com\/fr\/wp-json\/wp\/v2\/comments?post=241367"}],"version-history":[{"count":0,"href":"https:\/\/www.europesays.com\/fr\/wp-json\/wp\/v2\/posts\/241367\/revisions"}],"wp:featuredmedia":[{"embeddable":true,"href":"https:\/\/www.europesays.com\/fr\/wp-json\/wp\/v2\/media\/241368"}],"wp:attachment":[{"href":"https:\/\/www.europesays.com\/fr\/wp-json\/wp\/v2\/media?parent=241367"}],"wp:term":[{"taxonomy":"category","embeddable":true,"href":"https:\/\/www.europesays.com\/fr\/wp-json\/wp\/v2\/categories?post=241367"},{"taxonomy":"post_tag","embeddable":true,"href":"https:\/\/www.europesays.com\/fr\/wp-json\/wp\/v2\/tags?post=241367"}],"curies":[{"name":"wp","href":"https:\/\/api.w.org\/{rel}","templated":true}]}}