{"id":241369,"date":"2025-07-11T01:29:10","date_gmt":"2025-07-11T01:29:10","guid":{"rendered":"https:\/\/www.europesays.com\/fr\/241369\/"},"modified":"2025-07-11T01:29:10","modified_gmt":"2025-07-11T01:29:10","slug":"gaetan-barlot-une-surprise-comme-capitaine-des-bleus","status":"publish","type":"post","link":"https:\/\/www.europesays.com\/fr\/241369\/","title":{"rendered":"Ga\u00ebtan Barlot, une surprise comme capitaine des Bleus"},"content":{"rendered":"\n<p>Laborantin, d\u00e9charge et passion d\u00e9vorante : Ga\u00ebtan Barlot, une surprise comme capitaine des Bleus<\/p>\n<p>Rien ne pr\u00e9destinait Ga\u00ebtan Barlot \u00e0 devenir le 100e capitaine de l&rsquo;histoire du quinze de France sinon son immense passion pour le rugby, \u00e0 l&rsquo;\u00e9chelle de sa confiance en lui. Elles l&rsquo;ont port\u00e9 jusqu&rsquo;\u00e0 la Nouvelle-Z\u00e9lande et un second test au cours duquel il \u00e9trennera ses nouveaux galons, samedi (9h05).<\/p>\n","protected":false},"excerpt":{"rendered":"Laborantin, d\u00e9charge et passion d\u00e9vorante : Ga\u00ebtan Barlot, une surprise comme capitaine des Bleus Rien ne pr\u00e9destinait Ga\u00ebtan&hellip;\n","protected":false},"author":2,"featured_media":241370,"comment_status":"","ping_status":"","sticky":false,"template":"","format":"standard","meta":{"footnotes":""},"categories":[1416],"tags":[1011,27,479,1468,60],"class_list":{"0":"post-241369","1":"post","2":"type-post","3":"status-publish","4":"format-standard","5":"has-post-thumbnail","7":"category-rugby","8":"tag-fr","9":"tag-france","10":"tag-rugby","11":"tag-rugby-football","12":"tag-sports"},"share_on_mastodon":{"url":"https:\/\/pubeurope.com\/@fr\/114832012970983374","error":""},"_links":{"self":[{"href":"https:\/\/www.europesays.com\/fr\/wp-json\/wp\/v2\/posts\/241369","targetHints":{"allow":["GET"]}}],"collection":[{"href":"https:\/\/www.europesays.com\/fr\/wp-json\/wp\/v2\/posts"}],"about":[{"href":"https:\/\/www.europesays.com\/fr\/wp-json\/wp\/v2\/types\/post"}],"author":[{"embeddable":true,"href":"https:\/\/www.europesays.com\/fr\/wp-json\/wp\/v2\/users\/2"}],"replies":[{"embeddable":true,"href":"https:\/\/www.europesays.com\/fr\/wp-json\/wp\/v2\/comments?post=241369"}],"version-history":[{"count":0,"href":"https:\/\/www.europesays.com\/fr\/wp-json\/wp\/v2\/posts\/241369\/revisions"}],"wp:featuredmedia":[{"embeddable":true,"href":"https:\/\/www.europesays.com\/fr\/wp-json\/wp\/v2\/media\/241370"}],"wp:attachment":[{"href":"https:\/\/www.europesays.com\/fr\/wp-json\/wp\/v2\/media?parent=241369"}],"wp:term":[{"taxonomy":"category","embeddable":true,"href":"https:\/\/www.europesays.com\/fr\/wp-json\/wp\/v2\/categories?post=241369"},{"taxonomy":"post_tag","embeddable":true,"href":"https:\/\/www.europesays.com\/fr\/wp-json\/wp\/v2\/tags?post=241369"}],"curies":[{"name":"wp","href":"https:\/\/api.w.org\/{rel}","templated":true}]}}