{"id":241373,"date":"2025-07-11T01:32:11","date_gmt":"2025-07-11T01:32:11","guid":{"rendered":"https:\/\/www.europesays.com\/fr\/241373\/"},"modified":"2025-07-11T01:32:11","modified_gmt":"2025-07-11T01:32:11","slug":"motogp-stefan-bradl-impitoyable-pecco-bagnaia-savait-a-quoi-sattendre-avec-marc-marquez-cetait-une-question-de-vie-ou-de-mort","status":"publish","type":"post","link":"https:\/\/www.europesays.com\/fr\/241373\/","title":{"rendered":"MotoGP, Stefan Bradl impitoyable : \u00ab\u00a0Pecco Bagnaia savait \u00e0 quoi s\u2019attendre, avec Marc Marquez, c\u2019\u00e9tait une question de vie ou de mort\u00a0\u00bb"},"content":{"rendered":"<p><strong>Alors que le Grand Prix d\u2019Allemagne bat son plein sur le<br \/>\nmythique Sachsenring, Pecco Bagnaia se pr\u00e9sente dans une situation<br \/>\nd\u00e9licate. Sur le circuit o\u00f9 il a triomph\u00e9 l\u2019an pass\u00e9, l\u2019Italien<br \/>\nsait qu\u2019il n\u2019est plus le grand favori. Son co\u00e9quipier chez Ducati,<br \/>\nMarc Marquez, s\u2019avance en leader incontest\u00e9 du championnat, fort de<br \/>\n68 points d\u2019avance sur son fr\u00e8re Alex et\u2026 126 sur Bagnaia<br \/>\nlui-m\u00eame.<\/strong><\/p>\n<p>L\u2019Espagnol, d\u00e9j\u00e0 redoutable \u00e0 l\u2019\u00e9poque de<br \/>\n<strong>Honda<\/strong>, est devenu irr\u00e9sistible depuis qu\u2019il pilote<br \/>\nla Desmosedici officielle. Sur les <strong>dix premi\u00e8res \u00e9preuves<br \/>\nde la saison<\/strong>, il a remport\u00e9 <strong>neuf courses Sprint et<br \/>\nsix Grands Prix<\/strong>, malgr\u00e9 quelques erreurs involontaires sur<br \/>\ndes trac\u00e9s qu\u2019il affectionne particuli\u00e8rement, comme<br \/>\n<strong>Assen<\/strong> et <strong>Jerez<\/strong>.<\/p>\n<p>Le fait que <strong>Marquez<\/strong> ait \u00e9clips\u00e9<br \/>\n<strong>Bagnaia<\/strong> d\u00e8s la premi\u00e8re course de la saison a pris<br \/>\nde court nombre d\u2019observateurs.<\/p>\n<p><img decoding=\"async\" class=\"aligncenter\" src=\"https:\/\/www.europesays.com\/fr\/wp-content\/uploads\/2025\/07\/8c0b86a1c160484d88825ba53e1db1c6.jpg\" alt=\"Stefan Bradl travaille au Sachsenring en tant qu'expert pour ServusTV\"\/><\/p>\n<p><strong>Stefan Bradl\u00a0:<br \/>\n\u00ab\u00a0Pecco Bagnaia a d\u00e9j\u00e0 perdu le titre mondial face \u00e0 Jorge<br \/>\nMartin\u00a0\u00bb<\/strong><\/p>\n<p><a href=\"https:\/\/www.paddock-gp.com\/motogp-stefan-bradl-le-probleme-honda-dure-depuis-longtemps-ils-ont-ete-trop-conservateurs\/\" rel=\"nofollow noopener\" target=\"_blank\"><br \/>\n<strong>Stefan Bradl<\/strong><\/a>, ancien pilote MotoGP et<br \/>\nconsultant pour ServusTV, ne m\u00e2che ainsi pas ses mots sur <a href=\"https:\/\/www.speedweek.com\/motogp\/news\/238365\/Stefan-Bradl-Marc-Marquez-ist-fuer-Bagnaia-zu-viel.html\" rel=\"nofollow noopener\" target=\"_blank\"><br \/>\nSpeedweek<\/a> : \u00ab <strong>il \u00e9tait clair que l\u2019un des deux<br \/>\nperdrait du terrain<\/strong>. En tant que leader de<br \/>\nl\u2019\u00e9quipe, <strong>Bagnaia \u00e9tait celui qui \u00e9tait en danger<\/strong><br \/>\n: il savait \u00e0 quoi s\u2019attendre. Marc avait d\u00e9j\u00e0 fait un excellent<br \/>\ntravail en GP23 l\u2019ann\u00e9e pr\u00e9c\u00e9dente. Il \u00e9tait clair qu\u2019avec le<br \/>\nsoutien de l\u2019usine, il n\u2019y aurait qu\u2019un seul pilote aux commandes\u2026<br \/>\nIl fallait l\u2019emporter : c\u2019\u00e9tait une question de vie ou de<br \/>\nmort. \u00bb<\/p>\n<p>Pour <strong>Bradl<\/strong>, l\u2019issue du championnat semble d\u00e9j\u00e0<br \/>\n\u00e9crite. \u00ab Ducati laisse les pilotes se battre. Marquez adore ce<br \/>\ngenre de comp\u00e9tition. Pecco a d\u00e9j\u00e0 perdu le titre mondial face \u00e0<br \/>\nJorge Martin. Alors<strong>, int\u00e9grer un tel candidat dans l\u2019\u00e9quipe<br \/>\nd\u2019usine \u00e9tait peut-\u00eatre aller trop loin pour lui<\/strong>.<br \/>\n\u00bb<\/p>\n<p>Sous la pression constante d\u2019un <strong>Marquez<\/strong> en<br \/>\npleine ascension, <strong>Bagnaia<\/strong> aborde le <a href=\"https:\/\/www.paddock-gp.com\/juniorgp-magny-cours-le-circuit-francais-se-prepare-a-accueillir-a-bras-ouverts-le-championnat-du-monde\/\" rel=\"nofollow noopener\" target=\"_blank\"><br \/>\n<strong>Sachsenring<\/strong><\/a> non plus comme un champion<br \/>\nsouverain, mais comme un homme en qu\u00eate de r\u00e9demption. Le duel en<br \/>\n<a href=\"https:\/\/www.paddock-gp.com\/motogp-sachsenring-les-horaires-du-grand-prix-dallemagne-2\/\" rel=\"nofollow noopener\" target=\"_blank\"><br \/>\n<strong>Allemagne<\/strong><\/a> s\u2019annonce important pour savoir si<br \/>\nle num\u00e9ro 63 peut encore sauver sa saison.<\/p>\n<p><img decoding=\"async\" class=\"aligncenter\" src=\"https:\/\/www.europesays.com\/fr\/wp-content\/uploads\/2025\/07\/Pecco-Bagnaia-2-723x482.jpg.webp.webp\" alt=\"MotoGP, Pecco Bagnaia\"\/><\/p>\n","protected":false},"excerpt":{"rendered":"Alors que le Grand Prix d\u2019Allemagne bat son plein sur le mythique Sachsenring, Pecco Bagnaia se pr\u00e9sente dans&hellip;\n","protected":false},"author":2,"featured_media":241374,"comment_status":"","ping_status":"","sticky":false,"template":"","format":"standard","meta":{"footnotes":""},"categories":[1413],"tags":[1011,27,1457,1456,60],"class_list":{"0":"post-241373","1":"post","2":"type-post","3":"status-publish","4":"format-standard","5":"has-post-thumbnail","7":"category-moto","8":"tag-fr","9":"tag-france","10":"tag-moto","11":"tag-motocycle","12":"tag-sports"},"share_on_mastodon":{"url":"https:\/\/pubeurope.com\/@fr\/114832024844382667","error":""},"_links":{"self":[{"href":"https:\/\/www.europesays.com\/fr\/wp-json\/wp\/v2\/posts\/241373","targetHints":{"allow":["GET"]}}],"collection":[{"href":"https:\/\/www.europesays.com\/fr\/wp-json\/wp\/v2\/posts"}],"about":[{"href":"https:\/\/www.europesays.com\/fr\/wp-json\/wp\/v2\/types\/post"}],"author":[{"embeddable":true,"href":"https:\/\/www.europesays.com\/fr\/wp-json\/wp\/v2\/users\/2"}],"replies":[{"embeddable":true,"href":"https:\/\/www.europesays.com\/fr\/wp-json\/wp\/v2\/comments?post=241373"}],"version-history":[{"count":0,"href":"https:\/\/www.europesays.com\/fr\/wp-json\/wp\/v2\/posts\/241373\/revisions"}],"wp:featuredmedia":[{"embeddable":true,"href":"https:\/\/www.europesays.com\/fr\/wp-json\/wp\/v2\/media\/241374"}],"wp:attachment":[{"href":"https:\/\/www.europesays.com\/fr\/wp-json\/wp\/v2\/media?parent=241373"}],"wp:term":[{"taxonomy":"category","embeddable":true,"href":"https:\/\/www.europesays.com\/fr\/wp-json\/wp\/v2\/categories?post=241373"},{"taxonomy":"post_tag","embeddable":true,"href":"https:\/\/www.europesays.com\/fr\/wp-json\/wp\/v2\/tags?post=241373"}],"curies":[{"name":"wp","href":"https:\/\/api.w.org\/{rel}","templated":true}]}}