{"id":241377,"date":"2025-07-11T01:34:05","date_gmt":"2025-07-11T01:34:05","guid":{"rendered":"https:\/\/www.europesays.com\/fr\/241377\/"},"modified":"2025-07-11T01:34:05","modified_gmt":"2025-07-11T01:34:05","slug":"tour-de-france-2025-6e-etape-mathieu-van-der-poel-reprend-le-maillot-jaune-a-fait-honneur-a-la-premiere-semaine","status":"publish","type":"post","link":"https:\/\/www.europesays.com\/fr\/241377\/","title":{"rendered":"Tour de France 2025 &#8211; 6e \u00e9tape | Mathieu Van der Poel reprend le maillot jaune a fait honneur \u00e0 la premi\u00e8re semaine"},"content":{"rendered":"<p><b data-testid=\"body-text-bold\">Le fait du jour<\/b><\/p>\n<p><a class=\"text-action-onLight-05 hover:text-action-onLight-05-hover active:text-action-onLight-05-pressed hover:underline active:underline\" data-analytics-id=\"textlink\" rel=\"noopener nofollow\" data-testid=\"atom-textlink\" href=\"https:\/\/www.eurosport.fr\/cyclisme\/tour-de-france\/2025\/ben-healy-vainqueur-en-solitaire-a-vire-mathieu-van-der-poel-reprend-le-maillot-jaune-a-tadej-pogacar_sto23200704\/story.shtml\" target=\"_blank\">De Bayeux \u00e0 Vire<\/a>, le menu paraissait un brin indigeste pour Mathieu Van der Poel, ce qui ne l&rsquo;a pas emp\u00each\u00e9 de se lancer \u00e0 l&rsquo;assaut de l&rsquo;assiette avec l&rsquo;app\u00e9tit qui le caract\u00e9rise. Qu&rsquo;il ait envie ou qu&rsquo;il soit l\u00e0 avec la t\u00eate ailleurs, \u00ab\u00a0VDP\u00a0\u00bb\u00a0ne fait jamais les choses \u00e0 moiti\u00e9 sur le Tour de France. Son mill\u00e9sime 2025 ressemble en cela \u00e0 celui de 2021 quand il avait mis le feu \u00e0 la premi\u00e8re semaine de M\u00fbr-de-Bretagne au Creusot avant de mettre la fl\u00e8che dans les Alpes.<\/p>\n<p>A vrai dire, s&rsquo;il avait fallu mettre une pi\u00e8ce sur un nouvel abandon du N\u00e9erlandais volant avant Paris, on y serait all\u00e9 m\u00eame avec une cote plut\u00f4t faiblarde, c&rsquo;est dire si l&rsquo;on croyait qu&rsquo;il avait envie de voir la Tour Eiffel, les Champs-Elys\u00e9es et Montmartre. Mais ce jeudi dans une Suisse normande que l&rsquo;on ne savait pas si inhospitali\u00e8re, Van der Poel s&rsquo;est m\u00eal\u00e9 au sprint interm\u00e9diaire. Volont\u00e9 de se d\u00e9gourdir les jambes avant de se lancer bien plus loin dans l&rsquo;\u00e9chapp\u00e9e, ou pr\u00e9mice\u00a0d&rsquo;une lutte qui pourrait une nouvelle fois le mettre aux prises avec Tadej Pogacar ?<\/p>\n<p>C&rsquo;est \u00e0 son comp\u00e8re, sinon son ami, qu&rsquo;il a chip\u00e9 le maillot jaune \u00e0 Vire. Toujours pr\u00eats \u00e0 se chambrer dans l&rsquo;aire d&rsquo;arriv\u00e9e, les duettistes ne manqueront pas de rigoler de cette seconde qui a bascul\u00e9 du c\u00f4t\u00e9 du leader des Alpecin &#8211; Deceuninck. Autour de Caen, Van der Poel avait fait le chrono \u00e0 fond avec une petite id\u00e9e derri\u00e8re la t\u00eate, une id\u00e9e toute jaune.<\/p>\n<p>Ce sera sa r\u00e9compense du jour et il a fallu s&rsquo;arracher dans un final qu&rsquo;il aurait ador\u00e9 s&rsquo;il n&rsquo;avait pas \u00e9t\u00e9 le dessert d&rsquo;un menu en sept\u00a0temps entre Bayeux et Vire. Oui mais voil\u00e0, Van der Poel a une limite et elle se situe probablement autour des 3 000 m\u00e8tres de d\u00e9nivel\u00e9. Reste qu&rsquo;en sachant qu&rsquo;il allait souffrir, le vainqueur de la 2e \u00e9tape s&rsquo;est tout de m\u00eame projet\u00e9 \u00e0 l&rsquo;avant. Les organisateurs avaient trac\u00e9 un parcours pour lui, il lui a fait honneur et s&rsquo;il n&rsquo;y avait pas un certain Slov\u00e8ne, il serait incontestablement l&rsquo;homme de la premi\u00e8re semaine.<\/p>\n<p><b data-testid=\"body-text-bold\">Le grand perdant<\/b><\/p>\n<p>Difficile de trouver un perdant dans cette 6e \u00e9tape, et encore moins un \u00ab\u00a0grand\u00a0\u00bb. C&rsquo;est peut-\u00eatre du c\u00f4t\u00e9 du cyclisme fran\u00e7ais qu&rsquo;il faut chercher. Ce pourrait \u00eatre Kevin Vauquelin mais on citera aussi Romain Gr\u00e9goire. Le puncheur de Groupama-FDJ est fort, voire tr\u00e8s fort depuis le d\u00e9but du Tour de France mais il est tomb\u00e9 \u00e0 chaque fois sur les meilleurs du monde. L&rsquo;\u00e9tape de ce jeudi laissait la porte ouverte aux autres, il a essay\u00e9 mais il n&rsquo;a pas r\u00e9ussi \u00e0 se glisser dans le bon coup.<\/p>\n<p><b data-testid=\"body-text-bold\">L&rsquo;image du jour<\/b><\/p>\n<p>Tadej Pogacar ne savait pas que son maillot jaune ne tenait qu&rsquo;\u00e0 quelques secondes quand il s&rsquo;approchait de la ligne et s&rsquo;il a tenu \u00e0 la franchir en t\u00eate du peloton, ce n&rsquo;\u00e9tait absolument pas pour le d\u00e9fendre mais plut\u00f4t pour montrer \u00e0 la Visma, qui a roul\u00e9 fort dans le final, qu&rsquo;il \u00e9tait bel et bien l\u00e0.<\/p>\n<p><b data-testid=\"body-text-bold\">On a aim\u00e9<\/b><\/p>\n<p>La victoire d\u2019un coureur \u00e9chapp\u00e9. L\u2019audace, c\u2019est toujours r\u00e9jouissant.<\/p>\n<p><img decoding=\"async\" class=\"text-transparent h-full w-full object-cover\" src=\"https:\/\/www.europesays.com\/fr\/wp-content\/uploads\/2025\/07\/image-3cc8975c-ea35-4cac-8483-a8dfb8a2911e-85-2560-1440.jpeg\" alt=\"picture\" data-testid=\"image-high-res\"\/><\/p>\n<p class=\"caption-s6-fx\">L&rsquo;arriv\u00e9e triomphale du for\u00e7at Healy, auteur d&rsquo;un solo de 42 km<\/p>\n<p class=\"caption-s6-fx\">Video credit: Eurosport<\/p>\n<p>Le profil de cette 6e \u00e9tape. Le Tour de France nous avait habitu\u00e9 \u00e0 des profils casse-pattes, usants m\u00eame parfois mais pas dans cette partie de la France. \u00ab\u00a0Tracer une diagonale du nord-est au sud-ouest de la France et \u00e0 gauche de celle-ci, nous n&rsquo;avons pas de montagne\u00a0\u00bb dit Christian Prudhomme. Les organisateurs du Tour ont trouv\u00e9 une belle parade.<\/p>\n<p><b data-testid=\"body-text-bold\">On n&rsquo;a pas aim\u00e9<\/b><\/p>\n<p>Vauquelin qui n\u2019a pas eu son bon de sortie. On r\u00eavait de l\u2019\u00e9chapp\u00e9e fleuve du Normand au d\u00e9part de sa ville natale de Bayeux. Mais UAE Emirates-XRG lui a vite fait comprendre que ce ne serait pas possible quand il a plac\u00e9 son attaque en d\u00e9but d\u2019\u00e9tape. Il a \u00e9t\u00e9 trait\u00e9 comme une menace au classement g\u00e9n\u00e9ral. Il faudra peut-\u00eatre s\u2019y faire.<\/p>\n<p><img decoding=\"async\" class=\"text-transparent h-full w-full object-cover\" src=\"https:\/\/www.europesays.com\/fr\/wp-content\/uploads\/2025\/07\/image-033797ea-a5c3-41db-8d45-4beb3eaf88ac-85-2560-1440.jpeg\" alt=\"picture\" data-testid=\"image-high-res\"\/><\/p>\n<p class=\"caption-s6-fx\">Vauquelin, \u00e0 la folie : \u00ab\u00a0Une montgolfi\u00e8re avec ma gueule dessus ! Vous imaginez ?\u00a0\u00bb<\/p>\n<p class=\"caption-s6-fx\">Video credit: Eurosport<\/p>\n<p>Ne pas voir Tim Merlier se m\u00ealer \u00e0 la lutte sur le sprint interm\u00e9diaire. Le Belge n&rsquo;a jamais vraiment pens\u00e9 au maillot vert sur ce Tour et on doute qu&rsquo;il aille jusqu&rsquo;\u00e0 Paris. Jonathan Milan et Biniam Girmay sont les deux seuls sprinteurs dans la lutte. C&rsquo;est bien peu.<\/p>\n<p><b data-testid=\"body-text-bold\">Le chiffre : 164<\/b><\/p>\n<p>Au bout de son num\u00e9ro, Ben Healy a cr\u00e9\u00e9 un \u00e9cart monstre sur ses anciens compagnons d&rsquo;\u00e9chapp\u00e9e. Sur la ligne, Quinn Simmons \u00e9tait \u00e0 2&rsquo;44\u00a0\u00bb, soit 164 secondes. Il fallait remonter \u00e0 2021 pour voir un \u00e9cart sup\u00e9rieur entre le vainqueur d&rsquo;une \u00e9tape et son dauphin. Il s&rsquo;agissait de Ben O&rsquo;Connor, vainqueur \u00e0 Tignes 5&rsquo;07\u00a0\u00bb devant Mattia Cattaneo en 2021.<\/p>\n<p><img decoding=\"async\" class=\"text-transparent h-full w-full object-cover\" src=\"https:\/\/www.europesays.com\/fr\/wp-content\/uploads\/2025\/07\/image-67c4b61d-43d4-4865-90a9-9c7025eb0e78-85-2560-1440.jpeg\" alt=\"picture\" data-testid=\"image-high-res\"\/><\/p>\n<p class=\"caption-s6-fx\">A 42 km de l&rsquo;arriv\u00e9e, Healy se lance en solo<\/p>\n<p class=\"caption-s6-fx\">Video credit: Eurosport<\/p>\n<p><b data-testid=\"body-text-bold\">La d\u00e9cla<\/b><\/p>\n<p><b data-testid=\"body-text-bold\">Mathieu Van der Poel (Alpecin-Deceuninck)<\/b><\/p>\n<p>\u00ab\u00a0Je vais peut-\u00eatre conserver ce maillot une journ\u00e9e seulement mais ce n&rsquo;est pas rien.\u00a0\u00bb<\/p>\n<p><b data-testid=\"body-text-bold\">Juste pour savoir<\/b><\/p>\n<p>Quatre-vingt-dix kilom\u00e8tres et presque deux heures de course pour que l&rsquo;\u00e9chapp\u00e9e ne sorte d\u00e9finitivement, on n&rsquo;est pas loin d&rsquo;un record, non ?<\/p>\n<p>Ses compagnons d&rsquo;\u00e9chapp\u00e9es connaissaient-ils Ben Healy pour le laisser partir ainsi ?<\/p>\n<p>Entre le maillot jaune et une \u00e9ventuelle nouvelle victoire \u00e0 M\u00fbr-de-Bretagne, Mathieu Van der Poel n&rsquo;a-t-il pas fait son choix ? Les jambes seront probablement lourdes vendredi.<\/p>\n","protected":false},"excerpt":{"rendered":"Le fait du jour De Bayeux \u00e0 Vire, le menu paraissait un brin indigeste pour Mathieu Van der&hellip;\n","protected":false},"author":2,"featured_media":241378,"comment_status":"","ping_status":"","sticky":false,"template":"","format":"standard","meta":{"footnotes":""},"categories":[1411],"tags":[1154,207,1011,27,60,210],"class_list":{"0":"post-241377","1":"post","2":"type-post","3":"status-publish","4":"format-standard","5":"has-post-thumbnail","7":"category-cyclisme","8":"tag-cycling","9":"tag-cyclisme","10":"tag-fr","11":"tag-france","12":"tag-sports","13":"tag-tour-de-france"},"share_on_mastodon":{"url":"https:\/\/pubeurope.com\/@fr\/114832032827756074","error":""},"_links":{"self":[{"href":"https:\/\/www.europesays.com\/fr\/wp-json\/wp\/v2\/posts\/241377","targetHints":{"allow":["GET"]}}],"collection":[{"href":"https:\/\/www.europesays.com\/fr\/wp-json\/wp\/v2\/posts"}],"about":[{"href":"https:\/\/www.europesays.com\/fr\/wp-json\/wp\/v2\/types\/post"}],"author":[{"embeddable":true,"href":"https:\/\/www.europesays.com\/fr\/wp-json\/wp\/v2\/users\/2"}],"replies":[{"embeddable":true,"href":"https:\/\/www.europesays.com\/fr\/wp-json\/wp\/v2\/comments?post=241377"}],"version-history":[{"count":0,"href":"https:\/\/www.europesays.com\/fr\/wp-json\/wp\/v2\/posts\/241377\/revisions"}],"wp:featuredmedia":[{"embeddable":true,"href":"https:\/\/www.europesays.com\/fr\/wp-json\/wp\/v2\/media\/241378"}],"wp:attachment":[{"href":"https:\/\/www.europesays.com\/fr\/wp-json\/wp\/v2\/media?parent=241377"}],"wp:term":[{"taxonomy":"category","embeddable":true,"href":"https:\/\/www.europesays.com\/fr\/wp-json\/wp\/v2\/categories?post=241377"},{"taxonomy":"post_tag","embeddable":true,"href":"https:\/\/www.europesays.com\/fr\/wp-json\/wp\/v2\/tags?post=241377"}],"curies":[{"name":"wp","href":"https:\/\/api.w.org\/{rel}","templated":true}]}}