{"id":241381,"date":"2025-07-11T01:36:10","date_gmt":"2025-07-11T01:36:10","guid":{"rendered":"https:\/\/www.europesays.com\/fr\/241381\/"},"modified":"2025-07-11T01:36:10","modified_gmt":"2025-07-11T01:36:10","slug":"brad-pitt-se-confie-avec-franchise-sur-son-attirance-pour-les-hommes","status":"publish","type":"post","link":"https:\/\/www.europesays.com\/fr\/241381\/","title":{"rendered":"Brad Pitt se confie avec franchise sur son attirance pour les hommes"},"content":{"rendered":"<p>Depuis plusieurs d\u00e9cennies, Brad Pitt repr\u00e9sente l\u2019id\u00e9al<br \/>\nmasculin. En effet, il s\u2019est impos\u00e9 \u00e0 Hollywood non seulement pour<br \/>\nson talent d\u2019acteur avec des r\u00f4les marquants dans des films comme<br \/>\nFight Club, Seven ou Once Upon a time in<br \/>\nHollywood, mais aussi par son charme naturel. Un physique qui<br \/>\na fait de lui \u201cl\u2019homme le plus sexy du monde\u201d. Et ce, \u00e0 plusieurs<br \/>\nreprises. Un titre prestigieux qui est loin d\u2019\u00eatre exag\u00e9r\u00e9. Car, il<br \/>\nfaut avouer que la nature a \u00e9t\u00e9 particuli\u00e8rement g\u00e9n\u00e9reuse avec<br \/>\nBrad Pitt. Une beaut\u00e9 naturelle qui a charm\u00e9 Angelina Jolie pendant<br \/>\ndes ann\u00e9es. Mais depuis leur rupture, c\u00a0\u00bbest une autre femme qui<br \/>\npeut se vanter de partager la vie de l\u2019acteur de 61 ans. Il s\u2019agit<br \/>\nd\u2019In\u00e8s de Ramon.<\/p>\n<p>Une relation passionnante<\/p>\n<p>Apr\u00e8s la fin de son histoire d\u2019amour avec Angelina Jolie, Brad<br \/>\nPitt a travers\u00e9 des moments difficiles. <strong>Mais d\u00e9sormais, il<br \/>\npeut compter sur le soutien d\u2019In\u00e8s de Ramon<\/strong>.<br \/>\nParticuli\u00e8rement proches depuis 2022, ces derniers ont longtemps<br \/>\naliment\u00e9 les rumeurs d\u2019une possible relation. Jusqu\u2019en juillet 2024<br \/>\nlorsqu&rsquo;ils ont d\u00e9cid\u00e9 de montrer leur idylle au monde entier. Et il<br \/>\nfaut dire que l\u2019acteur et la femme d\u2019affaires n\u2019ont pas fait les<br \/>\nchoses moiti\u00e9. En effet, ils ont rendu leur relation publique lors<br \/>\ndu Grand Prix de Grande-Bretagne.<\/p>\n<p>Depuis, le couple ne passe pas inaper\u00e7u. Pas seulement parce<br \/>\nqu\u2019il s&rsquo;agit de Brad Pitt, mais notamment \u00e0 cause de leur<br \/>\ndiff\u00e9rence d\u2019\u00e2ge. <strong>Il existe 30 ans d&rsquo;\u00e9cart entre l\u2019acteur<br \/>\net la femme d\u2019affaires<\/strong>. Mais ce n\u2019est pas \u00e7a qui fait<br \/>\nemp\u00eacher les tourtereaux de filer le parfait amour. D\u2019ailleurs, une<br \/>\nsource proche du couple n\u2019a pas manqu\u00e9 de se confier sur leur<br \/>\nidylle. \u201cInes est une pr\u00e9sence apaisante et soutenante. Elle<br \/>\nlui laisse de l\u2019espace quand il en a besoin, mais est toujours l\u00e0<br \/>\nquand \u00e7a compte (&#8230;) Leur relation est fluide et naturelle. Ines a<br \/>\napport\u00e9 beaucoup de paix dans la vie de Brad\u201d, a-t-elle<br \/>\nconfi\u00e9.<\/p>\n<p>\u201cUn objet de fantasmes \u00e9rotiques\u201d<\/p>\n<p>Brad Pitt est une v\u00e9ritable beaut\u00e9. Et ce n\u2019est pas In\u00e8s de<br \/>\nRamon qui dira le contraire. Il suffit d\u2019un simple sourire de<br \/>\nl\u2019acteur pour faire battre le c\u0153ur de nombreuses femmes \u00e0 vive<br \/>\nallure. Toutefois, il n\u2019y a pas que la gent f\u00e9minine qui a du mal \u00e0<br \/>\nr\u00e9sister au charme de l\u2019acteur. En effet, <strong>m\u00eame des hommes<br \/>\nsont s\u00e9duits par la beaut\u00e9 de l\u2019ex de Jennifer Aniston<\/strong>. \u00c0<br \/>\nl\u2019image de Fr\u00e9d\u00e9ric Mitterrand. L\u2019ancien ministre de la Culture<br \/>\nsous Nicolas Sarkozy est un v\u00e9ritable fan de l\u2019acteur. Une<br \/>\naffection qui a pouss\u00e9 l\u2019homme politique \u00e0 sortir un livre intitul\u00e9<br \/>\nBrad en 2023.<\/p>\n<p>Interrog\u00e9 sur son choix, il n\u2019a pas manqu\u00e9 de s\u2019expliquer.<br \/>\n\u201c<strong>J\u2019ai \u00e9crit un livre sur Brad Pitt parce que je<br \/>\nl&rsquo;aime<\/strong>\u201d, avait-il r\u00e9v\u00e9l\u00e9. Avant d\u2019ajouter : \u201cC&rsquo;est un<br \/>\nvrai gar\u00e7on : sexy, fort, aventureux, et je suis s\u00fbr qu&rsquo;il me<br \/>\nprot\u00e9gerait si j&rsquo;avais besoin de lui.\u201d Dans son livre, <a href=\"https:\/\/www.melty.fr\/people\/brad-pitt-il-declenche-un-courant-delectricite-sexuelle-cette-confidence-osee-dun-ex-politicien-francais-2218573.html\" target=\"_blank\" rel=\"noopener\"><br \/>\nFr\u00e9d\u00e9ric Mitterrand ne manque pas de s\u2019attarder sur le sex-appeal<br \/>\nde Brad Pitt<\/a>. \u201c<strong>Brad d\u00e9clenche un courant<br \/>\nd&rsquo;\u00e9lectricit\u00e9 sexuelle partout o\u00f9 il passe<\/strong>, aucun fusible<br \/>\nn&rsquo;y r\u00e9siste, et surtout chez les filles \u00e9videmment\u201d, a-t-il<br \/>\n\u00e9crit. Mais ce n\u2019est pas tout. \u201cSon physique, son charme et sa<br \/>\ncandeur attirent \u00e9videmment les gays, et il est m\u00eame assez flatt\u00e9<br \/>\nd&rsquo;\u00eatre pour eux un objet de fantasmes \u00e9rotiques\u201d. D&rsquo;ailleurs,<br \/>\nl&rsquo;acteur a r\u00e9cemment \u00e9voqu\u00e9 son rapport avec la gent masculine.<\/p>\n<p>Brad Pitt sans filtre sur son attirance<br \/>\npour les hommes<\/p>\n<p>Interrog\u00e9 le 23 juin dernier dans le podcast Armchair Expert<br \/>\nanim\u00e9 par Dax Shepard, Brad Pitt n\u2019a pas manqu\u00e9 de se confier sur<br \/>\nsa vie amoureuse. L\u2019occasion pour l\u2019acteur de se confier sur son<br \/>\norientation sexuelle. \u201c<strong>Vous savez que je n\u2019ai jamais eu<br \/>\nd\u2019exp\u00e9rience gay<\/strong>\u201d, a-t-il l\u00e2ch\u00e9. Par la suite,<br \/>\nl\u2019acteur a d\u00e9clar\u00e9 avec humour : \u201cJ\u2019ai un peu rat\u00e9 cette<br \/>\nfen\u00eatre, mais si j\u2019en avais eu une, je ne t&rsquo;aurais pas<br \/>\nchoisi\u201d.<\/p>\n<p>Toutefois, <a href=\"https:\/\/www.melty.fr\/people\/le-fils-de-brad-pitt-et-angelina-jolie-victime-dun-accident-de-la-route-une-video-fuite-2210498.html\" target=\"_blank\" rel=\"noopener\"><br \/>\nl\u2019ex-compagnon d\u2019Angelina Jolie<\/a> a tenu \u00e0 assurer \u00e0 l\u2019animateur<br \/>\nqu\u2019il ne serait que sa \u201c14e ou 15e\u201d exp\u00e9rience. De quoi<br \/>\nfaire rigoler son interlocuteur. Mais il ne s\u2019est pas limit\u00e9 l\u00e0.<br \/>\nToujours sur le ton de l\u2019amusement, le sexag\u00e9naire a ajout\u00e9 :<br \/>\n\u201c<strong>Je ne veux pas me vanter, mais il va falloir que tu me<br \/>\nm\u00e9rites<\/strong>. Je te conseille de commencer par des mises en<br \/>\nbouche.\u201d<\/p>\n","protected":false},"excerpt":{"rendered":"Depuis plusieurs d\u00e9cennies, Brad Pitt repr\u00e9sente l\u2019id\u00e9al masculin. En effet, il s\u2019est impos\u00e9 \u00e0 Hollywood non seulement pour&hellip;\n","protected":false},"author":2,"featured_media":241382,"comment_status":"","ping_status":"","sticky":false,"template":"","format":"standard","meta":{"footnotes":""},"categories":[1359],"tags":[905,2134,58,59,1011,27,973],"class_list":{"0":"post-241381","1":"post","2":"type-post","3":"status-publish","4":"format-standard","5":"has-post-thumbnail","7":"category-people","8":"tag-a-la-une-melty","9":"tag-brad-pitt","10":"tag-divertissement","11":"tag-entertainment","12":"tag-fr","13":"tag-france","14":"tag-people"},"share_on_mastodon":{"url":"https:\/\/pubeurope.com\/@fr\/114832040392240677","error":""},"_links":{"self":[{"href":"https:\/\/www.europesays.com\/fr\/wp-json\/wp\/v2\/posts\/241381","targetHints":{"allow":["GET"]}}],"collection":[{"href":"https:\/\/www.europesays.com\/fr\/wp-json\/wp\/v2\/posts"}],"about":[{"href":"https:\/\/www.europesays.com\/fr\/wp-json\/wp\/v2\/types\/post"}],"author":[{"embeddable":true,"href":"https:\/\/www.europesays.com\/fr\/wp-json\/wp\/v2\/users\/2"}],"replies":[{"embeddable":true,"href":"https:\/\/www.europesays.com\/fr\/wp-json\/wp\/v2\/comments?post=241381"}],"version-history":[{"count":0,"href":"https:\/\/www.europesays.com\/fr\/wp-json\/wp\/v2\/posts\/241381\/revisions"}],"wp:featuredmedia":[{"embeddable":true,"href":"https:\/\/www.europesays.com\/fr\/wp-json\/wp\/v2\/media\/241382"}],"wp:attachment":[{"href":"https:\/\/www.europesays.com\/fr\/wp-json\/wp\/v2\/media?parent=241381"}],"wp:term":[{"taxonomy":"category","embeddable":true,"href":"https:\/\/www.europesays.com\/fr\/wp-json\/wp\/v2\/categories?post=241381"},{"taxonomy":"post_tag","embeddable":true,"href":"https:\/\/www.europesays.com\/fr\/wp-json\/wp\/v2\/tags?post=241381"}],"curies":[{"name":"wp","href":"https:\/\/api.w.org\/{rel}","templated":true}]}}