{"id":241397,"date":"2025-07-11T01:46:12","date_gmt":"2025-07-11T01:46:12","guid":{"rendered":"https:\/\/www.europesays.com\/fr\/241397\/"},"modified":"2025-07-11T01:46:12","modified_gmt":"2025-07-11T01:46:12","slug":"ces-melons-vendus-par-carrefour-contiennent-trop-de-pesticides-il-ne-faut-pas-les-manger","status":"publish","type":"post","link":"https:\/\/www.europesays.com\/fr\/241397\/","title":{"rendered":"Ces melons vendus par Carrefour contiennent trop de pesticides, il ne faut pas les manger"},"content":{"rendered":"<p><a href=\"https:\/\/rappel.conso.gouv.fr\/fiche-rappel\/18868\/Interne\" rel=\"nofollow noopener\" target=\"_blank\" class=\"color-ultramarine c-link\">Une proc\u00e9dure de rappel<\/a> a \u00e9t\u00e9 lanc\u00e9e mercredi au sujet de l\u2019un des produits stars de l\u2019\u00e9t\u00e9. Le groupe <a href=\"https:\/\/www.20minutes.fr\/economie\/carrefour\/\" class=\"color-ultramarine c-link\" target=\"_blank\" rel=\"noopener\">Carrefour <\/a>alerte en effet sur des melons de <a href=\"https:\/\/www.20minutes.fr\/dossier\/provence\" class=\"color-ultramarine c-link\" target=\"_blank\" rel=\"noopener\">Provence<\/a> commercialis\u00e9s ces derni\u00e8res semaines dans ses enseignes. Ils contiennent un taux trop \u00e9lev\u00e9 de <a href=\"https:\/\/www.20minutes.fr\/planete\/pesticides\/\" class=\"color-ultramarine c-link\" target=\"_blank\" rel=\"noopener\">pesticides<\/a>.<\/p>\n<p>Ces melons ont \u00e9t\u00e9 vendus en vrac, \u00e0 la pi\u00e8ce, sous la marque \u00ab\u00a0Reflets de France\u00a0\u00bb. Les\u00a0cucurbitac\u00e9es, de vari\u00e9t\u00e9 Arlequin, ont \u00e9t\u00e9 fournies par l\u2019entreprise\u00a0Terroir de Camargue. Tous les lots propos\u00e9s entre le 21\u00a0juin et le 8\u00a0juillet sont concern\u00e9s par le rappel.<\/p>\n<p>Ne pas consommer<\/p>\n<p>La substance retrouv\u00e9e en trop grande quantit\u00e9 dans les melons est du \u00ab\u00a0fluazifop P\u00a0\u00bb, un herbicide qui ne pr\u00e9sente pas de grande toxicit\u00e9\u00a0par ingestion orale.<\/p>\n<p class=\"mb-xxl@xs color-ultramarine font-weight-semi-bold@xs font-source-serif-pro heading-s@xs\">L\u2019acc\u00e8s \u00e0 ce contenu a \u00e9t\u00e9 bloqu\u00e9 afin de respecter votre choix de consentement<\/p>\n<p class=\"mb-m@xs text-l@xs\">En cliquant sur\u00ab J\u2019accepte \u00bb, vous acceptez le d\u00e9p\u00f4t de cookies par des services externes et aurez ainsi acc\u00e8s aux contenus de nos partenaires.<\/p>\n<p class=\"mb-xl@xs text-s@xs\">Plus d\u2019informations sur la page<a href=\"https:\/\/www.20minutes.fr\/gestion-cookies\" class=\"mx-xxs@xs color-ultramarine\" target=\"_blank\" rel=\"noopener\">Politique de gestion des cookies<\/a><\/p>\n<p>J\u2019accepte<\/p>\n<p>Cependant, les autorit\u00e9s recommandent de ne pas consommer le produit vendu par Carrefour. Les <a href=\"https:\/\/www.20minutes.fr\/dossier\/consommateurs\" class=\"color-ultramarine c-link\" target=\"_blank\" rel=\"noopener\">consommateurs <\/a>ont jusqu\u2019au 26\u00a0juillet prochain pour se rapprocher de leur point de vente et r\u00e9clamer un <a href=\"https:\/\/www.20minutes.fr\/dossier\/remboursement\" class=\"color-ultramarine c-link\" target=\"_blank\" rel=\"noopener\">remboursement<\/a>. Un num\u00e9ro de t\u00e9l\u00e9phone est mis \u00e0 la disposition des clients\u00a0: 0.805.908.070.<\/p>\n","protected":false},"excerpt":{"rendered":"Une proc\u00e9dure de rappel a \u00e9t\u00e9 lanc\u00e9e mercredi au sujet de l\u2019un des produits stars de l\u2019\u00e9t\u00e9. Le&hellip;\n","protected":false},"author":2,"featured_media":241398,"comment_status":"","ping_status":"","sticky":false,"template":"","format":"standard","meta":{"footnotes":""},"categories":[6],"tags":[35,4304,254,33,34,1011,27,255,2091,25575],"class_list":{"0":"post-241397","1":"post","2":"type-post","3":"status-publish","4":"format-standard","5":"has-post-thumbnail","7":"category-economie","8":"tag-business","9":"tag-carrefour","10":"tag-conso","11":"tag-economie","12":"tag-economy","13":"tag-fr","14":"tag-france","15":"tag-fruits-et-legumes","16":"tag-pesticides","17":"tag-rappel-de-produit"},"share_on_mastodon":{"url":"https:\/\/pubeurope.com\/@fr\/114832079823199744","error":""},"_links":{"self":[{"href":"https:\/\/www.europesays.com\/fr\/wp-json\/wp\/v2\/posts\/241397","targetHints":{"allow":["GET"]}}],"collection":[{"href":"https:\/\/www.europesays.com\/fr\/wp-json\/wp\/v2\/posts"}],"about":[{"href":"https:\/\/www.europesays.com\/fr\/wp-json\/wp\/v2\/types\/post"}],"author":[{"embeddable":true,"href":"https:\/\/www.europesays.com\/fr\/wp-json\/wp\/v2\/users\/2"}],"replies":[{"embeddable":true,"href":"https:\/\/www.europesays.com\/fr\/wp-json\/wp\/v2\/comments?post=241397"}],"version-history":[{"count":0,"href":"https:\/\/www.europesays.com\/fr\/wp-json\/wp\/v2\/posts\/241397\/revisions"}],"wp:featuredmedia":[{"embeddable":true,"href":"https:\/\/www.europesays.com\/fr\/wp-json\/wp\/v2\/media\/241398"}],"wp:attachment":[{"href":"https:\/\/www.europesays.com\/fr\/wp-json\/wp\/v2\/media?parent=241397"}],"wp:term":[{"taxonomy":"category","embeddable":true,"href":"https:\/\/www.europesays.com\/fr\/wp-json\/wp\/v2\/categories?post=241397"},{"taxonomy":"post_tag","embeddable":true,"href":"https:\/\/www.europesays.com\/fr\/wp-json\/wp\/v2\/tags?post=241397"}],"curies":[{"name":"wp","href":"https:\/\/api.w.org\/{rel}","templated":true}]}}