{"id":241402,"date":"2025-07-11T01:49:24","date_gmt":"2025-07-11T01:49:24","guid":{"rendered":"https:\/\/www.europesays.com\/fr\/241402\/"},"modified":"2025-07-11T01:49:24","modified_gmt":"2025-07-11T01:49:24","slug":"francesca-albanese-menacee-de-sanction-washington-sacharne-contre-la-rapporteure-speciale-de-lonu-pour-les-territoires-palestiniens","status":"publish","type":"post","link":"https:\/\/www.europesays.com\/fr\/241402\/","title":{"rendered":"Francesca Albanese menac\u00e9e de sanction\u00a0: Washington s\u2019acharne contre la rapporteure sp\u00e9ciale de l\u2019ONU pour les Territoires palestiniens"},"content":{"rendered":"<p>Francesca Albanese est menac\u00e9e par Washington car elle d\u00e9nonce les complicit\u00e9s, notamment des entreprises \u00e9tats-uniennes, dans \u00ab\u00a0le projet colonial isra\u00e9lien de d\u00e9placement et de remplacement des Palestiniens\u00a0\u00bb. Le chef de la diplomatie \u00e9tats-unienne a annonc\u00e9, mercredi 9\u00a0juillet, que les \u00c9tats-Unis imposeront des sanctions \u00e0 <a href=\"https:\/\/www.humanite.fr\/monde\/gaza\/gaza-pour-francesca-albanese-le-risque-dun-genocide-perpetre-par-israel-a-gaza-est-serieux\" data-type=\"link\" data-id=\"https:\/\/www.humanite.fr\/monde\/gaza\/gaza-pour-francesca-albanese-le-risque-dun-genocide-perpetre-par-israel-a-gaza-est-serieux\" target=\"_blank\" rel=\"noopener\">la rapporteure sp\u00e9ciale de l\u2019ONU pour les Territoires palestiniens<\/a>. Marco Rubio a mis en cause sur X les \u00ab\u00a0efforts ill\u00e9gitimes et honteux (de Francesca Albanese) visant \u00e0 inciter la Cour p\u00e9nale internationale \u00e0 prendre des mesures contre des responsables, des entreprises et des dirigeants am\u00e9ricains et isra\u00e9liens\u00a0\u00bb. <\/p>\n<p>Si les d\u00e9tails des sanctions n\u2019ont pas \u00e9t\u00e9 pr\u00e9cis\u00e9s, celles-ci pourraient consister \u00e0 emp\u00eacher Francesca\u00a0Albanese de se rendre aux \u00c9tats-Unis et \u00e0 bloquer ses avoirs dans le pays, si tant est qu\u2019elle en ait, selon <a href=\"https:\/\/www.bbc.com\/news\/articles\/c70rllxr0kyo\" data-type=\"link\" data-id=\"https:\/\/www.bbc.com\/news\/articles\/c70rllxr0kyo\" target=\"_blank\" rel=\"noopener\">un article de la BBC<\/a>. Le Haut-Commissaire de l\u2019ONU aux droits de l\u2019homme, Volker T\u00fcrk, a exhort\u00e9 les \u00c9tats-Unis \u00ab\u00a0\u00e0 lever rapidement les sanctions\u00a0\u00bb \u00e0 l\u2019encontre Francesca Albanese, et en a profit\u00e9 pour leur demander de cesser \u00ab\u00a0les attaques et les menaces\u00a0\u00bb contre des membres de l\u2019ONU ou de la Cour p\u00e9nale internationale (CPI).<\/p>\n<p>Une r\u00e9f\u00e9rence \u00e0 la lutte des magistrats italiens contre la Mafia<\/p>\n<p>Dans la foul\u00e9e, Francesca Albanese a \u00e9crit sur X qu\u2019elle se tenait \u00ab\u00a0fermement et avec conviction du c\u00f4t\u00e9 de la justice, comme (elle l\u2019a) toujours fait\u00a0\u00bb. Elle a rappel\u00e9 qu\u2019elle venait \u00ab\u00a0d\u2019un pays riche d\u2019illustres juristes, d\u2019avocats talentueux et de juges courageux qui ont d\u00e9fendu la justice au prix de grands sacrifices, souvent au p\u00e9ril de leur vie\u00a0\u00bb, et s\u2019est dit fi\u00e8re \u00ab\u00a0d\u2019honorer cette tradition\u00a0\u00bb.<strong> <\/strong>Une r\u00e9f\u00e9rence \u00e0 la lutte des magistrats italiens contre la Mafia, et peut-\u00eatre aussi aux r\u00e9sistances face \u00e0 <a href=\"https:\/\/www.humanite.fr\/monde\/giorgia-meloni\/atteintes-a-lindependance-de-la-justice-projet-de-loi-sur-la-securite-comment-giorgia-meloni-veut-transformer-litalie-en-etat-policier\" target=\"_blank\" rel=\"noopener\">l\u2019offensive lanc\u00e9e par Giorgia Meloni contre l\u2019ind\u00e9pendance de la justice<\/a>.<\/p>\n<p>Le courroux de l\u2019administration Trump se d\u00e9cha\u00eene alors qu\u2019au d\u00e9but du mois de juillet, Francesca Albanese avait pr\u00e9sent\u00e9 devant le\u00a0Conseil des droits de l\u2019homme des Nations unies, un rapport intitul\u00e9 \u00ab\u00a0<a href=\"https:\/\/www.ohchr.org\/sites\/default\/files\/documents\/hrbodies\/hrcouncil\/sessions-regular\/session59\/advance-version\/a-hrc-59-23-aev.pdf\" target=\"_blank\" rel=\"noreferrer noopener\">De l\u2019\u00e9conomie d\u2019occupation \u00e0 l\u2019\u00e9conomie de g\u00e9nocide<\/a>\u00a0\u00bb, portant sur \u00ab\u00a0les m\u00e9canismes des entreprises qui soutiennent le projet colonial isra\u00e9lien de d\u00e9placement et de remplacement des Palestiniens\u00a0\u00bb.<\/p>\n<p>En f\u00e9vrier, elle avait \u00e9galement d\u00e9nonc\u00e9 comme \u00ab\u00a0ill\u00e9gal\u00a0\u00bb et \u00ab\u00a0compl\u00e8tement absurde\u00a0\u00bb le projet d\u2019occupation de la bande de Gaza et de d\u00e9placement de sa population de Donald Trump. Le pr\u00e9sident des \u00c9tats-Unis avait annonc\u00e9 <a href=\"https:\/\/www.humanite.fr\/monde\/benyamin-netanyahou\/les-etats-unis-vont-prendre-le-controle-de-la-bande-de-gaza-donald-trump-affirme-son-projet-colonisateur-et-conforte-benyamin-netanyahou\" data-type=\"link\" data-id=\"https:\/\/www.humanite.fr\/monde\/benyamin-netanyahou\/les-etats-unis-vont-prendre-le-controle-de-la-bande-de-gaza-donald-trump-affirme-son-projet-colonisateur-et-conforte-benyamin-netanyahou\" target=\"_blank\" rel=\"noopener\">vouloir en prendre \u00ab\u00a0le contr\u00f4le\u00a0\u00bb et la transformer en \u00ab\u00a0Riviera du Moyen-Orient\u00a0\u00bb<\/a>.<\/p>\n<p>D\u00e9cid\u00e9e \u00e0 d\u00e9fendre le droit international, la rapporteure sp\u00e9ciale s\u2019est aussi \u00e9tonn\u00e9e, <a href=\"https:\/\/x.com\/FranceskAlbs\/status\/1942822110696554868\" data-type=\"link\" data-id=\"https:\/\/x.com\/FranceskAlbs\/status\/1942822110696554868\">sur le r\u00e9seau social X<\/a>, mercredi 9\u00a0juillet, de voir que la France, l\u2019Italie et la Gr\u00e8ce avaient ouvert leur espace a\u00e9rien \u00e0 Benyamin Netanyahou dimanche pour qu\u2019il se rende \u00e0 Washington, alors que ce dernier est vis\u00e9 par un mandat d\u2019arr\u00eat de la CPI. La juriste italienne, qui n\u2019a de cesse de d\u00e9noncer le g\u00e9nocide en cours \u00e0 Gaza, avait \u00e9galement recommand\u00e9, en avril 2024, la suspension des accords d\u2019association de l\u2019UE avec Isra\u00ebl.<\/p>\n<p>Des accusations infamantes d\u2019antis\u00e9mitisme<\/p>\n<p>Comme toujours face aux voix qui d\u00e9fendent la paix et la justice internationale, les accusations les plus infamantes et les moins justifi\u00e9es sont de rigueur\u00a0: la rapporteure aurait pris part \u00e0 des \u00ab\u00a0activit\u00e9s partiales et malveillantes\u00a0\u00bb, ferait montre d\u2019un \u00ab\u00a0antis\u00e9mitisme d\u00e9complex\u00e9\u00a0\u00bb et de \u00ab\u00a0soutien au terrorisme\u00a0\u00bb, argue ainsi Marco Rubio, via <a href=\"https:\/\/www.state.gov\/releases\/office-of-the-spokesperson\/2025\/07\/sanctioning-lawfare-that-targets-u-s-and-israeli-persons\/\" data-type=\"link\" data-id=\"https:\/\/www.state.gov\/releases\/office-of-the-spokesperson\/2025\/07\/sanctioning-lawfare-that-targets-u-s-and-israeli-persons\/\" target=\"_blank\" rel=\"noopener\">un communiqu\u00e9<\/a> de presse publi\u00e9 mercredi. Il pr\u00e9tend aussi que Francesca Albanese a formul\u00e9, dans \u00ab\u00a0des lettres mena\u00e7antes\u00a0\u00bb \u00e0 plusieurs entreprises am\u00e9ricaines, des \u00ab\u00a0accusations infond\u00e9es\u00a0\u00bb. Une d\u00e9fense d\u2019autant plus fallacieuse que le rapport pr\u00e9sent\u00e9 en juillet par la rapporteure est fourni et document\u00e9.<\/p>\n<p>\u00c0 la fin du mois de mai, <a href=\"https:\/\/www.humanite.fr\/monde\/genocide\/francesca-albanese-rapporteure-speciale-de-lonu-pour-les-territoires-palestiniens-occupes-les-palestiniens-sont-pris-pour-cible-en-tant-que-peuple\" data-type=\"link\" data-id=\"https:\/\/www.humanite.fr\/monde\/genocide\/francesca-albanese-rapporteure-speciale-de-lonu-pour-les-territoires-palestiniens-occupes-les-palestiniens-sont-pris-pour-cible-en-tant-que-peuple\" target=\"_blank\" rel=\"noopener\">Francesca Albanese<\/a> d\u00e9non\u00e7ait d\u00e9j\u00e0 dans nos colonnes la r\u00e9pression \u00e0 l\u2019\u00e9gard des personnes d\u00e9non\u00e7ant le massacre \u00e0 Gaza\u00a0: \u00ab\u00a0Les pouvoirs frappent ceux qu\u2019ils accusent de terrorisme, ceux qui s\u2019indignent et chantent contre le g\u00e9nocide.\u00a0\u00bb Car son cas n\u2019est pas une exception.<\/p>\n<p>Avant elle, d\u2019autres ont d\u00e9j\u00e0 \u00e9t\u00e9 <a href=\"https:\/\/www.humanite.fr\/monde\/benyamin-netanyahou\/merci-davoir-impose-des-sanctions-contre-les-juges-politises-donald-trump-attaque-de-nouveau-la-cour-penale-internationale-benyamin-netanyahou-jubile\" data-type=\"link\" data-id=\"https:\/\/www.humanite.fr\/monde\/benyamin-netanyahou\/merci-davoir-impose-des-sanctions-contre-les-juges-politises-donald-trump-attaque-de-nouveau-la-cour-penale-internationale-benyamin-netanyahou-jubile\" target=\"_blank\" rel=\"noopener\">cibl\u00e9es par Washington<\/a>. L\u2019administration Trump a, par exemple, sanctionn\u00e9, au d\u00e9but du mois de juin, quatre magistrates de la CPI\u00a0: Solomy Balungi Bossa et Luz del Carmen Ibanez Carranza, \u00e0 l\u2019origine d\u2019enqu\u00eates sur des crimes de guerre pr\u00e9sum\u00e9s de soldats \u00e9tats-uniens en Afghanistan\u00a0; mais aussi Reine Alapini Gansou et Beti Hohler, qui ont autoris\u00e9 la CPI \u00e0 \u00e9mettre des mandats d\u2019arr\u00eat\u00a0<a href=\"https:\/\/www.humanite.fr\/monde\/benyamin-netanyahou\/guerre-a-gaza-lue-va-reexaminer-son-accord-dassociation-avec-israel\" target=\"_blank\" rel=\"noreferrer noopener\">contre le premier ministre isra\u00e9lien\u00a0<\/a>et son ancien ministre Yoav Gallant. Parmi les mesures annonc\u00e9es, figuraient l\u2019interdiction d\u2019entr\u00e9e sur le sol \u00e9tats-unien, ou le gel des avoirs d\u00e9tenus sur place\u2026 Des sanctions qui visent d\u2019ordinaire des criminels ou des dirigeants politiques de pays adverses, plut\u00f4t que des magistrats.<\/p>\n<p>Le journal des intelligences libres<\/p>\n<p>\u00ab C\u2019est par des informations \u00e9tendues et exactes que nous voudrions donner \u00e0 toutes les intelligences libres <strong>le moyen de comprendre et de juger elles-m\u00eames les \u00e9v\u00e9nements du monde<\/strong>. \u00bb<br \/>Tel \u00e9tait <strong>\u00ab\u00a0Notre but\u00a0\u00bb<\/strong>, comme l\u2019\u00e9crivait Jean Jaur\u00e8s dans le premier \u00e9ditorial de l\u2019Humanit\u00e9.<br \/><strong>120 ans plus tard, il n\u2019a pas chang\u00e9. <br \/>Gr\u00e2ce \u00e0 vous. <\/strong><br \/>Soutenez-nous\u00a0! Votre don sera d\u00e9fiscalis\u00e9\u00a0: donner 5\u20ac vous reviendra \u00e0 1.65\u20ac. Le prix d\u2019un caf\u00e9.<br \/><a href=\"https:\/\/www.humanite.fr\/lhumanite-cest-vous\" target=\"_blank\" rel=\"noopener\">Je veux en savoir plus\u00a0!<\/a><\/p>\n","protected":false},"excerpt":{"rendered":"Francesca Albanese est menac\u00e9e par Washington car elle d\u00e9nonce les complicit\u00e9s, notamment des entreprises \u00e9tats-uniennes, dans \u00ab\u00a0le projet&hellip;\n","protected":false},"author":2,"featured_media":241403,"comment_status":"","ping_status":"","sticky":false,"template":"","format":"standard","meta":{"footnotes":""},"categories":[2],"tags":[11,1011,27,12,3518,38090],"class_list":{"0":"post-241402","1":"post","2":"type-post","3":"status-publish","4":"format-standard","5":"has-post-thumbnail","7":"category-actualites","8":"tag-actualites","9":"tag-fr","10":"tag-france","11":"tag-news","12":"tag-palestine","13":"tag-u00e9tat-de-palestine"},"share_on_mastodon":{"url":"https:\/\/pubeurope.com\/@fr\/114832091725186205","error":""},"_links":{"self":[{"href":"https:\/\/www.europesays.com\/fr\/wp-json\/wp\/v2\/posts\/241402","targetHints":{"allow":["GET"]}}],"collection":[{"href":"https:\/\/www.europesays.com\/fr\/wp-json\/wp\/v2\/posts"}],"about":[{"href":"https:\/\/www.europesays.com\/fr\/wp-json\/wp\/v2\/types\/post"}],"author":[{"embeddable":true,"href":"https:\/\/www.europesays.com\/fr\/wp-json\/wp\/v2\/users\/2"}],"replies":[{"embeddable":true,"href":"https:\/\/www.europesays.com\/fr\/wp-json\/wp\/v2\/comments?post=241402"}],"version-history":[{"count":0,"href":"https:\/\/www.europesays.com\/fr\/wp-json\/wp\/v2\/posts\/241402\/revisions"}],"wp:featuredmedia":[{"embeddable":true,"href":"https:\/\/www.europesays.com\/fr\/wp-json\/wp\/v2\/media\/241403"}],"wp:attachment":[{"href":"https:\/\/www.europesays.com\/fr\/wp-json\/wp\/v2\/media?parent=241402"}],"wp:term":[{"taxonomy":"category","embeddable":true,"href":"https:\/\/www.europesays.com\/fr\/wp-json\/wp\/v2\/categories?post=241402"},{"taxonomy":"post_tag","embeddable":true,"href":"https:\/\/www.europesays.com\/fr\/wp-json\/wp\/v2\/tags?post=241402"}],"curies":[{"name":"wp","href":"https:\/\/api.w.org\/{rel}","templated":true}]}}