{"id":241406,"date":"2025-07-11T01:51:16","date_gmt":"2025-07-11T01:51:16","guid":{"rendered":"https:\/\/www.europesays.com\/fr\/241406\/"},"modified":"2025-07-11T01:51:16","modified_gmt":"2025-07-11T01:51:16","slug":"saint-etienne-pleure-bun-hay-mean-lhumoriste-qui-avait-conquis-arcomik","status":"publish","type":"post","link":"https:\/\/www.europesays.com\/fr\/241406\/","title":{"rendered":"SAINT-\u00c9TIENNE PLEURE BUN HAY MEAN, L&rsquo;HUMORISTE QUI AVAIT CONQUIS ARCOMIK"},"content":{"rendered":"<p>                <a href=\"https:\/\/cadenceradio.fr\" target=\"_blank\" aria-label=\"Banni\u00e8re Cadence 2025\" rel=\"noopener\"><img loading=\"lazy\" decoding=\"async\" src=\"https:\/\/www.europesays.com\/fr\/wp-content\/uploads\/2025\/07\/Banniere-Cadence-2025-scaled.jpg\" alt=\"\"   width=\"2560\" height=\"738\"\/><\/a><\/p>\n<p>Saint-\u00c9tienne pleure La tristesse envahit le monde de l\u2019humour fran\u00e7ais et r\u00e9sonne particuli\u00e8rement \u00e0 Saint-\u00c9tienne. Bun Hay Mean, l\u2019humoriste de 43 ans surnomm\u00e9 \u00ab\u00a0Chinois marrant\u00a0\u00bb, est d\u00e9c\u00e9d\u00e9 jeudi matin \u00e0 Paris dans des circonstances tragiques.<\/p>\n<p>Selon son producteur, il aurait gliss\u00e9 en essayant de r\u00e9cup\u00e9rer son t\u00e9l\u00e9phone tomb\u00e9 dans la goutti\u00e8re de son balcon. Pour Farid Bouabdellah, directeur d\u2019ArcomiK, \u00ab\u00a0c\u2019est une perte immense : un artiste qui avait marqu\u00e9 l\u2019histoire du festival st\u00e9phanois d\u00e8s ses d\u00e9buts\u00a0\u00bb raconte t\u2019il a nos confr\u00e8res du Progr\u00e8s.<\/p>\n<p>Un tremplin st\u00e9phanois qui a chang\u00e9 sa vie<\/p>\n<p>L\u2019histoire d\u2019amour entre Bun Hay Mean et Saint-\u00c9tienne remonte \u00e0 2009. \u00c0 seulement 27 ans, le jeune humoriste remporte la finale du Tremplin nouveaux talents du festival des arts burlesques, ancien nom d\u2019ArcomiK. Sur la sc\u00e8ne du Nouveau th\u00e9\u00e2tre Beaulieu, il pr\u00e9sente un extrait de son spectacle \u00ab\u00a0La France aux Chinois\u00a0\u00bb, posant les bases de ce qui deviendra son succ\u00e8s.<\/p>\n<p>Cette victoire st\u00e9phanoise constitue un tournant d\u00e9cisif dans sa carri\u00e8re, cinq ans avant sa r\u00e9v\u00e9lation nationale au Jamel Comedy Club en 2014. Le festival lig\u00e9rien avait su rep\u00e9rer un talent unique avant tout le monde.<\/p>\n<p>Une fid\u00e9lit\u00e9 touchante au festival ArcomiK<\/p>\n<p>Le succ\u00e8s n\u2019a jamais fait oublier \u00e0 Bun Hay Mean ses origines st\u00e9phanoises. Farid Bouabdellah t\u00e9moigne, dans les ligne du Progr\u00e8s, de cette fid\u00e9lit\u00e9 : \u00ab\u00a0Il a d\u00fb venir au moins six fois au festival. \u00c0 chaque nouveau show, il \u00e9tait l\u00e0. Il faisait partie de la famille.\u00ab\u00a0<\/p>\n<p>Cette relation privil\u00e9gi\u00e9e s\u2019illustrait par des participations r\u00e9guli\u00e8res, y compris dans des contextes particuliers. En 2010, l\u2019humoriste avait m\u00eame accept\u00e9 de se produire \u00e0 la prison de La Talaudi\u00e8re, dans le cadre d\u2019une repr\u00e9sentation organis\u00e9e par le festival. Une d\u00e9marche qui t\u00e9moignait d\u00e9j\u00e0 de son engagement social et de sa g\u00e9n\u00e9rosit\u00e9.<\/p>\n<p>Un dernier passage marquant en 2024<\/p>\n<p>La derni\u00e8re apparition de l\u2019artiste dans la Loire remonte au 28 f\u00e9vrier 2024, \u00e0 la salle Aristide-Briand de Saint-Chamond. Une prestation qui confirmait son attachement ind\u00e9fectible au territoire qui l\u2019avait vu na\u00eetre artistiquement.<\/p>\n<p>Il \u00e9tait d\u2019ailleurs programm\u00e9 pour la prochaine \u00e9dition du festival d\u2019humour lig\u00e9rien, le 20 f\u00e9vrier 2026 au Centre de Congr\u00e8s de Saint-\u00c9tienne, o\u00f9 il devait pr\u00e9senter son spectacle \u00ab\u00a0Kill Bun\u00a0\u00bb. Une date qui ne verra malheureusement jamais le jour.<\/p>\n<p>L\u2019\u00e9motion d\u2019un d\u00e9couvreur de talent<\/p>\n<p>\u00ab\u00a0Je suis triste. C\u2019\u00e9tait quelqu\u2019un de profond\u00e9ment humain et humaniste dans son \u00e2me\u00ab\u00a0, confie Farid Bouabdellah, au Progr\u00e8s, peinant \u00e0 dissimuler son \u00e9motion. Le directeur d\u2019ArcomiK souligne la personnalit\u00e9 exceptionnelle de l\u2019artiste : \u00ab\u00a0On perd l\u2019un des meilleurs. Il avait un univers \u00e0 part. Il ne copiait personne, il \u00e9tait tr\u00e8s intelligent et tr\u00e8s militant.\u00ab\u00a0<\/p>\n<p>Cette analyse r\u00e9sume parfaitement ce qui faisait la force de Bun Hay Mean : une voix unique dans le paysage humoristique fran\u00e7ais, capable d\u2019aborder avec finesse les questions d\u2019identit\u00e9 et de soci\u00e9t\u00e9.<\/p>\n<p>Un h\u00e9ritage artistique consid\u00e9rable<\/p>\n<p>R\u00e9v\u00e9l\u00e9 par le Jamel Comedy Club en 2014, l\u2019humoriste \u00e9tait \u00e9galement apparu au cin\u00e9ma, notamment dans \u00ab\u00a0Ast\u00e9rix et Ob\u00e9lix : L\u2019Empire du Milieu\u00a0\u00bb de Guillaume Canet en 2023, o\u00f9 il incarnait l\u2019antagoniste principal.<\/p>\n<p>Il devait se produire vendredi soir \u00e0 Montr\u00e9al dans le cadre d\u2019un festival francophone, preuve que sa carri\u00e8re \u00e9tait en pleine expansion internationale. Sa tourn\u00e9e \u00ab\u00a0Kill Bun\u00a0\u00bb \u00e9tait programm\u00e9e jusqu\u2019en mai 2026, t\u00e9moignant d\u2019une cr\u00e9ativit\u00e9 toujours en mouvement.<\/p>\n","protected":false},"excerpt":{"rendered":"Saint-\u00c9tienne pleure La tristesse envahit le monde de l\u2019humour fran\u00e7ais et r\u00e9sonne particuli\u00e8rement \u00e0 Saint-\u00c9tienne. Bun Hay Mean,&hellip;\n","protected":false},"author":2,"featured_media":241407,"comment_status":"","ping_status":"","sticky":false,"template":"","format":"standard","meta":{"footnotes":""},"categories":[9653],"tags":[1111,11,38091,2430,37961,1777,674,1011,27,3367,12,25,4001],"class_list":{"0":"post-241406","1":"post","2":"type-post","3":"status-publish","4":"format-standard","5":"has-post-thumbnail","7":"category-saint-etienne","8":"tag-actu","9":"tag-actualites","10":"tag-arcomik","11":"tag-auvergne-rhone-alpes","12":"tag-bun-hay-mean","13":"tag-eu","14":"tag-europe","15":"tag-fr","16":"tag-france","17":"tag-loire","18":"tag-news","19":"tag-republique-francaise","20":"tag-saint-etienne"},"share_on_mastodon":{"url":"https:\/\/pubeurope.com\/@fr\/114832099629566632","error":""},"_links":{"self":[{"href":"https:\/\/www.europesays.com\/fr\/wp-json\/wp\/v2\/posts\/241406","targetHints":{"allow":["GET"]}}],"collection":[{"href":"https:\/\/www.europesays.com\/fr\/wp-json\/wp\/v2\/posts"}],"about":[{"href":"https:\/\/www.europesays.com\/fr\/wp-json\/wp\/v2\/types\/post"}],"author":[{"embeddable":true,"href":"https:\/\/www.europesays.com\/fr\/wp-json\/wp\/v2\/users\/2"}],"replies":[{"embeddable":true,"href":"https:\/\/www.europesays.com\/fr\/wp-json\/wp\/v2\/comments?post=241406"}],"version-history":[{"count":0,"href":"https:\/\/www.europesays.com\/fr\/wp-json\/wp\/v2\/posts\/241406\/revisions"}],"wp:featuredmedia":[{"embeddable":true,"href":"https:\/\/www.europesays.com\/fr\/wp-json\/wp\/v2\/media\/241407"}],"wp:attachment":[{"href":"https:\/\/www.europesays.com\/fr\/wp-json\/wp\/v2\/media?parent=241406"}],"wp:term":[{"taxonomy":"category","embeddable":true,"href":"https:\/\/www.europesays.com\/fr\/wp-json\/wp\/v2\/categories?post=241406"},{"taxonomy":"post_tag","embeddable":true,"href":"https:\/\/www.europesays.com\/fr\/wp-json\/wp\/v2\/tags?post=241406"}],"curies":[{"name":"wp","href":"https:\/\/api.w.org\/{rel}","templated":true}]}}