{"id":241419,"date":"2025-07-11T02:02:20","date_gmt":"2025-07-11T02:02:20","guid":{"rendered":"https:\/\/www.europesays.com\/fr\/241419\/"},"modified":"2025-07-11T02:02:20","modified_gmt":"2025-07-11T02:02:20","slug":"que-faire-a-grenoble-ce-week-end-12-13-et-14-juillet-2025","status":"publish","type":"post","link":"https:\/\/www.europesays.com\/fr\/241419\/","title":{"rendered":"Que faire \u00e0 Grenoble ce week-end (12, 13 et 14 juillet 2025) ?"},"content":{"rendered":"<p><img loading=\"lazy\" decoding=\"async\" alt=\"\u00a9 PxHere - L'office de tourisme et le club d'aviron de Grenoble proposent des balades culturelles en cano\u00eb sur l'Is\u00e8re samedi 12 juillet de 10h \u00e0 12h.\" data-zoom-src=\"https:\/\/www.europesays.com\/fr\/wp-content\/uploads\/2025\/07\/initial-man-sea-water-nature-outdoor-person-823622-pxherecom.jpg\" data-zoomable=\"\" height=\"702\" src=\"https:\/\/www.europesays.com\/fr\/wp-content\/uploads\/2025\/07\/initial-man-sea-water-nature-outdoor-person-823622-pxherecom.jpg\" width=\"1248\"\/>  <\/p>\n<p class=\"article-desc\">\u00a9 PxHere &#8211; L&rsquo;office de tourisme et le club d&rsquo;aviron de Grenoble proposent des balades culturelles en cano\u00eb sur l&rsquo;Is\u00e8re samedi 12 juillet de 10h \u00e0 12h. <\/p>\n<p>Un week-end de trois jours s&rsquo;annonce les 12, 13 et 14 juillet 2025. Voici notre s\u00e9lection d&rsquo;\u00e9v\u00e9nements pour bien occuper ses journ\u00e9es <strong>\u00e0 Grenoble et alentour.<\/strong> <\/p>\n<p>Profiter de la programmation de l\u2019\u00c9t\u00e9 oh! Parcs \u00e0 Grenoble <\/p>\n<p>\u00a0 <\/p>\n<\/p>\n<p>Une nouvelle saison de l\u2019\u00c9t\u00e9 oh! Parcs vient de d\u00e9marrer \u00e0 Grenoble avec de nombreuses <strong>animations <\/strong>et des temps forts au<strong> parc Paul-Mistral <\/strong>samedi 12 et dimanche 13 juillet (pas d&rsquo;animations le lundi 14 juillet). <\/p>\n<p>A commencer par l&rsquo;inauguration en fanfare de la <a href=\"https:\/\/mesinfos.fr\/38000-grenoble\/parc-paul-mistral-a-grenoble-a-quoi-va-ressembler-la-nouvelle-aire-de-jeux-214086.html\" rel=\"noopener\" target=\"_blank\">nouvelle aire de jeux <\/a>sur le th\u00e8me de l&rsquo;hydro\u00e9lectricit\u00e9 \u00e0 proximit\u00e9 de la <a href=\"https:\/\/mesinfos.fr\/38000-grenoble\/tour-perret-a-grenoble-les-prochains-travaux-avant-l-ouverture-au-printemps-2026-225007.html\" rel=\"noopener\" target=\"_blank\">Tour Perret<\/a> pr\u00e9vue \u00e0 15h30. Citons \u00e9galement l\u2019organisation d&rsquo;un <strong>bal<\/strong> anim\u00e9 parle groupe Ora, de 18h \u00e0 20h30. <\/p>\n<p>Parmi les animations on citera un mur d&rsquo;escalade, des initiations au judo, au djemb\u00e9, \u00e0 la culture ukrainienne, au freestyle football, aux \u00e9checs, aux danses historiques, \u00e0 la capoeira, \u00e0 la philosophie, cours de yoga&#8230; <\/p>\n<p><strong>Pratique<\/strong> <\/p>\n<p>L\u2019\u00c9t\u00e9 oh! Parcs, au parc Paul-Mistral \u00e0 Grenoble. R\u00e9servation obligatoire pour les activit\u00e9s au 04 76 00 76 69 ou sur place, au point info du parc Paul Mistral.<\/p>\n<p>  Se balader en cano\u00eb sur l&rsquo;Is\u00e8re avec l&rsquo;office de tourisme \u00e0 Grenoble <\/p>\n<p>L&rsquo;office de tourisme de Grenoble Alpes et le club de l&rsquo;aviron grenoblois proposent une <strong>balade culturelle en cano\u00eb sur l&rsquo;Is\u00e8re <\/strong>samedi 12 juillet de 10h \u00e0 12h. Le d\u00e9part est fix\u00e9 \u00e0 la base de l\u2019\u00cele Verte et l&rsquo;arriv\u00e9e est pr\u00e9vue \u00e0 la base nautique du pont d&rsquo;Oxford. De nombreuses anecdotes seront partag\u00e9es au bord de l\u2019eau par un guide de l&rsquo;office de tourisme. Une mani\u00e8re fra\u00eeche et ludique de se rapprocher de l\u2019histoire de la ville.<\/p>\n<p>Pour ceux qui pr\u00e9f\u00e8rent la terre ferme, l&rsquo;office de tourisme propose une visite guid\u00e9e gratuite sur le th\u00e8me de <a href=\"https:\/\/mesinfos.fr\/auvergne-rhone-alpes\/il-y-a-100-ans-grenoble-attirait-les-foules-pour-l-exposition-internationale-de-la-houille-blanche-221752.html\" rel=\"noopener\" target=\"_blank\">l&rsquo;exposition internationale de la Houille blanche et du tourisme de 1925<\/a>. Elle se d\u00e9roulera samedi 12 juillet de 10h30 \u00e0 12h. <\/p>\n<p><strong>Pratique<\/strong> <\/p>\n<p>Balade culturelle sur l&rsquo;Is\u00e8re \u00e0 Grenoble. Tarifs : 19 \u00e0 23,50 \u20ac. R\u00e9servations <a class=\"invalid-link\" href=\"http:\/\/canoe-grenoble.com\" rel=\"noopener\" target=\"_blank\">ici<\/a>. <\/p>\n<p>Inscriptions obligatoires pour la visite guid\u00e9e sur l&rsquo;exposition internationale de la houille blanche en appelant le 04 76 42 41 41.<\/p>\n<p>  Faire le plein d&rsquo;animations pour la f\u00eate nationale \u00e0 Grenoble <img decoding=\"async\" alt=\"\" class=\"img-align-center img-size-limited\" data-zoomable=\"\" height=\"1333\" loading=\"lazy\" src=\"https:\/\/www.europesays.com\/fr\/wp-content\/uploads\/2025\/07\/defile-14juillet.JPG\" title=\"\u00a9 THomas Richardson - le traditionnel d\u00e9fil\u00e9 militaire du 14-Juillet aura lieu lundi 14 juillet \u00e0 17h, place de Verdun \u00e0 Grenoble.\" width=\"2000\"\/> \u00a9 Thomas Richardson &#8211; Le traditionnel d\u00e9fil\u00e9 militaire du 14-Juillet aura lieu lundi 14 juillet \u00e0 17h, place de Verdun \u00e0 Grenoble. <\/p>\n<p>De nombreuses animations sont pr\u00e9vues lundi 14 juillet \u00e0 Grenoble dans le cadre de la <strong>F\u00eate nationale<\/strong>. Les festivit\u00e9s d\u00e9marreront \u00e0 17h, <strong>place de Verdun<\/strong> avec le <strong>d\u00e9fil\u00e9 militaire<\/strong> \u00e0 pied et motoris\u00e9 et une pr\u00e9sentation de mat\u00e9riel. <\/p>\n<p>Puis rendez-vous est donn\u00e9 dans le <strong>parc Jean-Verlhac<\/strong> et l&rsquo;all\u00e9e des Tilleuls pour le plein d&rsquo;<strong>ateliers cr\u00e9atifs et ludiques, de concerts, le bal et le feu d&rsquo;artifice.<\/strong> <\/p>\n<p>De 17h \u00e0 21h : stand de maquillage avec Palace paillettes ; ateliers cr\u00e9atifs explosion de couleurs \u2013 feu d\u2019artifice en papier d\u00e9coup\u00e9 avec Juliette Baras; initiation \u00e0 l&rsquo;aquarelle avec Karine Corbier; mur d\u2019escalade avec Profession sport 38. <\/p>\n<p>De 17h30 \u00e0 20h30 : concerts de Balla Bangoura (afro mandingue) et de Desertstreet (blues du d\u00e9sert).<\/p>\n<p>De 21h \u00e0 22h30 : bal anim\u00e9 par l\u2019orchestre Clin d\u2019\u0153il. <\/p>\n<p>22h30 : feu d&rsquo;artifice. <\/p>\n<p><strong>Pratique<\/strong> <\/p>\n<p>F\u00eate nationale \u00e0 Grenoble de 17h \u00e0 23h place de Verdun et parc Jean-Verlhac. Restauration rapide de 18h \u00e0 23 h au parc Jean-Verlhac. Animations gratuites.<\/p>\n<p>  Visiter le ch\u00e2teau de Sassenage <img decoding=\"async\" alt=\"\" class=\"img-align-center img-size-limited\" data-zoomable=\"\" height=\"1500\" loading=\"lazy\" src=\"https:\/\/www.europesays.com\/fr\/wp-content\/uploads\/2025\/07\/sassenage-chateau.JPG\" title=\"\u00a9 Thomas Richardson - Le ch\u00e2teau de Sassenage est ouvert ce lundi 14 juillet dans le cadre de visites guid\u00e9es.\" width=\"2000\"\/> \u00a9 Thomas Richardson &#8211; Le ch\u00e2teau de Sassenage est ouvert ce lundi 14 juillet dans le cadre de visites guid\u00e9es. <\/p>\n<p>\u00a0Lundi 14 juillet, de 15h \u00e0 16h et de 16h \u00e0 17h et de 17h \u00e0 18h, le <strong>ch\u00e2teau de Sassenage<\/strong> ouvre au public dans le cadre de <strong>visites guid\u00e9es<\/strong>. L&rsquo;occasion de d\u00e9couvrir la vie de ch\u00e2teau du XVIIe si\u00e8cle \u00e0 nos jours. Site class\u00e9 Monument historique depuis plus de 70 ans, le ch\u00e2teau de Sassenage est l&rsquo;un des rares \u00e0 abriter une riche collection d&rsquo;objets mobiliers. Des meubles de grande facture sont pr\u00e9sent\u00e9s au sein de salons d&rsquo;apparats et d&rsquo;appartements priv\u00e9s situ\u00e9s au premier \u00e9tage. <\/p>\n<p><strong>Pratique<\/strong> <\/p>\n<p>Ch\u00e2teau de Sassenage, all\u00e9e du Ch\u00e2teau. Tarifs 6 \u00e0 8 euros. Gratuit pour les moins de 6 ans. R\u00e9servations et renseignements : <a href=\"https:\/\/www.chateau-de-sassenage.com\/\" rel=\"noopener\" target=\"_blank\">ici<\/a>.<\/p>\n","protected":false},"excerpt":{"rendered":"\u00a9 PxHere &#8211; L&rsquo;office de tourisme et le club d&rsquo;aviron de Grenoble proposent des balades culturelles en cano\u00eb&hellip;\n","protected":false},"author":2,"featured_media":241420,"comment_status":"","ping_status":"","sticky":false,"template":"","format":"standard","meta":{"footnotes":""},"categories":[9566],"tags":[1111,11,1063,2430,4156,1777,674,1011,27,2731,12,25,38092,38093],"class_list":{"0":"post-241419","1":"post","2":"type-post","3":"status-publish","4":"format-standard","5":"has-post-thumbnail","7":"category-grenoble","8":"tag-actu","9":"tag-actualites","10":"tag-animations","11":"tag-auvergne-rhone-alpes","12":"tag-concerts","13":"tag-eu","14":"tag-europe","15":"tag-fr","16":"tag-france","17":"tag-grenoble","18":"tag-news","19":"tag-republique-francaise","20":"tag-soiru00e9e-dansante","21":"tag-visites-guidu00e9es"},"share_on_mastodon":{"url":"https:\/\/pubeurope.com\/@fr\/114832142841065174","error":""},"_links":{"self":[{"href":"https:\/\/www.europesays.com\/fr\/wp-json\/wp\/v2\/posts\/241419","targetHints":{"allow":["GET"]}}],"collection":[{"href":"https:\/\/www.europesays.com\/fr\/wp-json\/wp\/v2\/posts"}],"about":[{"href":"https:\/\/www.europesays.com\/fr\/wp-json\/wp\/v2\/types\/post"}],"author":[{"embeddable":true,"href":"https:\/\/www.europesays.com\/fr\/wp-json\/wp\/v2\/users\/2"}],"replies":[{"embeddable":true,"href":"https:\/\/www.europesays.com\/fr\/wp-json\/wp\/v2\/comments?post=241419"}],"version-history":[{"count":0,"href":"https:\/\/www.europesays.com\/fr\/wp-json\/wp\/v2\/posts\/241419\/revisions"}],"wp:featuredmedia":[{"embeddable":true,"href":"https:\/\/www.europesays.com\/fr\/wp-json\/wp\/v2\/media\/241420"}],"wp:attachment":[{"href":"https:\/\/www.europesays.com\/fr\/wp-json\/wp\/v2\/media?parent=241419"}],"wp:term":[{"taxonomy":"category","embeddable":true,"href":"https:\/\/www.europesays.com\/fr\/wp-json\/wp\/v2\/categories?post=241419"},{"taxonomy":"post_tag","embeddable":true,"href":"https:\/\/www.europesays.com\/fr\/wp-json\/wp\/v2\/tags?post=241419"}],"curies":[{"name":"wp","href":"https:\/\/api.w.org\/{rel}","templated":true}]}}