{"id":241422,"date":"2025-07-11T02:05:14","date_gmt":"2025-07-11T02:05:14","guid":{"rendered":"https:\/\/www.europesays.com\/fr\/241422\/"},"modified":"2025-07-11T02:05:14","modified_gmt":"2025-07-11T02:05:14","slug":"les-dna-reconnues-coupables-dune-faute-inexcusable-suite-au-suicide-dun-salarie","status":"publish","type":"post","link":"https:\/\/www.europesays.com\/fr\/241422\/","title":{"rendered":"Les DNA reconnues coupables d&rsquo;une \u00ab\u00a0faute inexcusable\u00a0\u00bb suite au suicide d&rsquo;un salari\u00e9"},"content":{"rendered":"<p class=\"wp-block-post-excerpt__excerpt\">Le tribunal judiciaire de Strasbourg a condamn\u00e9 lundi 8 juillet les Derni\u00e8res nouvelles d\u2019Alsace \u00e0 indemniser la famille d\u2019un salari\u00e9 qui s\u2019est suicid\u00e9 en 2019. Il estime que l\u2019entreprise a commis une \u00ab\u00a0faute inexcusable\u00a0\u00bb en ne prenant pas en compte une alerte de son comit\u00e9 social et \u00e9conomique. <\/p>\n<p class=\"font-sans\">\n\t\t\tCet article est en acc\u00e8s libre. Pour soutenir Rue89 Strasbourg,<br \/>\n\t\t\t<a class=\"underline\" href=\"https:\/\/www.rue89strasbourg.com\/abonnement\" target=\"_blank\" rel=\"noopener\">abonnez-vous<\/a>.\n\t\t<\/p>\n<p>Camille Balzinger<\/p>\n<p>Publi\u00e9 le 10 juillet 2025\u00a0\u00a0\u00b7\u00a0\u00a0<\/p>\n<p>Imprim\u00e9 le 11 juillet 2025 \u00e0 03h25\u00a0\u00a0\u00b7\u00a0\u00a0<\/p>\n<p>Modifi\u00e9 le 10 juillet 2025\u00a0\u00a0\u00b7\u00a0\u00a0<\/p>\n<p>\t\t\t\t\t1\u00a0minute\n<\/p>\n<p>En 2019, un employ\u00e9 des Derni\u00e8res nouvelles d\u2019Alsace (DNA) <a href=\"https:\/\/www.rue89strasbourg.com\/un-electricien-de-43-ans-se-suicide-aux-dna-164890\" target=\"_blank\" rel=\"noreferrer noopener\">s\u2019est jet\u00e9 du toit des locaux dans lesquels il travaillait<\/a>, rue de la Nu\u00e9e-Bleue, au centre ville de Strasbourg. Dans une d\u00e9cision rendue publique lundi 8 juillet, le p\u00f4le social du tribunal judiciaire de Strasbourg reconna\u00eet une \u00ab\u00a0faute inexcusable\u00a0\u00bb de l\u2019entreprise et la condamne \u00e0 verser 30 000 euros de d\u00e9dommagement \u00e0 la fille et \u00e0 la veuve de la victime, rapportent <a href=\"https:\/\/c.dna.fr\/faits-divers-justice\/2025\/07\/08\/suicide-d-un-salarie-des-dna-faute-inexcusable-reconnue-en-premiere-instance\" target=\"_blank\" rel=\"noreferrer noopener\">les <\/a><a href=\"https:\/\/c.dna.fr\/faits-divers-justice\/2025\/07\/08\/suicide-d-un-salarie-des-dna-faute-inexcusable-reconnue-en-premiere-instance\" target=\"_blank\" rel=\"noreferrer noopener\">DNA<\/a>.<\/p>\n<p>Le tribunal note, selon les DNA, qu\u2019au moment o\u00f9 le technicien de maintenance de 43 ans d\u00e9c\u00e8de, les DNA et L\u2019Alsace, sont en train de rapprocher leurs \u00e9quipes dans le cadre d\u2019Ebra, la filiale m\u00e9dias du Cr\u00e9dit Mutuel. En juin 2019, le CHSCT, organe de consultation en charge de l\u2019hygi\u00e8ne et de la sant\u00e9 au travail int\u00e9gr\u00e9 dans le comit\u00e9 social et \u00e9conomique, avait exerc\u00e9 son droit d\u2019alerte \u00ab\u00a0pour tous les salari\u00e9s des DNA, mettant en garde contre les risques psychosociaux induits par cette transformation\u00a0\u00bb.<\/p>\n<p>Selon le jugement du tribunal, ce droit d\u2019alerte n\u2019a cependant \u00e9t\u00e9 suivi d\u2019aucune action concr\u00e8te de la direction. En 2020, <a href=\"https:\/\/www.rue89strasbourg.com\/nouveau-suicide-technicien-dernieres-nouvelles-alsace-strasbourg-194240\" target=\"_blank\" rel=\"noopener\">un autre salari\u00e9 des DNA s\u2019est suicid\u00e9<\/a> puis <a href=\"https:\/\/www.rue89strasbourg.com\/troisieme-suicide-en-trois-ans-aux-dernieres-nouvelles-dalsace-255485\" target=\"_blank\" rel=\"noreferrer noopener\">une troisi\u00e8me en 2023<\/a>. Les DNA indiquent que l\u2019entreprise \u00ab\u00a0se r\u00e9serve la possibilit\u00e9 d\u2019interjeter appel\u00a0\u00bb.<\/p>\n<p>Aller <strong>plus loin<\/strong><\/p>\n","protected":false},"excerpt":{"rendered":"Le tribunal judiciaire de Strasbourg a condamn\u00e9 lundi 8 juillet les Derni\u00e8res nouvelles d\u2019Alsace \u00e0 indemniser la famille&hellip;\n","protected":false},"author":2,"featured_media":241423,"comment_status":"","ping_status":"","sticky":false,"template":"","format":"standard","meta":{"footnotes":""},"categories":[2820],"tags":[1111,11,29937,10590,1777,674,1011,27,775,303,12,25,640],"class_list":{"0":"post-241422","1":"post","2":"type-post","3":"status-publish","4":"format-standard","5":"has-post-thumbnail","7":"category-strasbourg","8":"tag-actu","9":"tag-actualites","10":"tag-conditions-de-travail","11":"tag-dna","12":"tag-eu","13":"tag-europe","14":"tag-fr","15":"tag-france","16":"tag-grand-est","17":"tag-justice","18":"tag-news","19":"tag-republique-francaise","20":"tag-strasbourg"},"share_on_mastodon":{"url":"https:\/\/pubeurope.com\/@fr\/114832154508187231","error":""},"_links":{"self":[{"href":"https:\/\/www.europesays.com\/fr\/wp-json\/wp\/v2\/posts\/241422","targetHints":{"allow":["GET"]}}],"collection":[{"href":"https:\/\/www.europesays.com\/fr\/wp-json\/wp\/v2\/posts"}],"about":[{"href":"https:\/\/www.europesays.com\/fr\/wp-json\/wp\/v2\/types\/post"}],"author":[{"embeddable":true,"href":"https:\/\/www.europesays.com\/fr\/wp-json\/wp\/v2\/users\/2"}],"replies":[{"embeddable":true,"href":"https:\/\/www.europesays.com\/fr\/wp-json\/wp\/v2\/comments?post=241422"}],"version-history":[{"count":0,"href":"https:\/\/www.europesays.com\/fr\/wp-json\/wp\/v2\/posts\/241422\/revisions"}],"wp:featuredmedia":[{"embeddable":true,"href":"https:\/\/www.europesays.com\/fr\/wp-json\/wp\/v2\/media\/241423"}],"wp:attachment":[{"href":"https:\/\/www.europesays.com\/fr\/wp-json\/wp\/v2\/media?parent=241422"}],"wp:term":[{"taxonomy":"category","embeddable":true,"href":"https:\/\/www.europesays.com\/fr\/wp-json\/wp\/v2\/categories?post=241422"},{"taxonomy":"post_tag","embeddable":true,"href":"https:\/\/www.europesays.com\/fr\/wp-json\/wp\/v2\/tags?post=241422"}],"curies":[{"name":"wp","href":"https:\/\/api.w.org\/{rel}","templated":true}]}}