{"id":241424,"date":"2025-07-11T02:06:25","date_gmt":"2025-07-11T02:06:25","guid":{"rendered":"https:\/\/www.europesays.com\/fr\/241424\/"},"modified":"2025-07-11T02:06:25","modified_gmt":"2025-07-11T02:06:25","slug":"le-racing-affrontera-heidenheim-lors-du-stage-en-autriche-alsasports","status":"publish","type":"post","link":"https:\/\/www.europesays.com\/fr\/241424\/","title":{"rendered":"Le Racing affrontera Heidenheim lors du stage en Autriche \u2014 Alsa&rsquo;Sports"},"content":{"rendered":"<p><strong>Le Racing Club de Strasbourg affrontera Heidenheim en match amical lors de son stage en Autriche du 28 juillet au 2 ao\u00fbt. <\/strong><\/p>\n<p>Apr\u00e8s ses deux premiers matches amicaux contre l\u2019AS Nancy le 22 juillet et face \u00e0 Galatasaray le 26, le Racing Club de Strasbourg se rendra \u00e0 Bad H\u00e4ring en Autriche du 28 juillet au 2 ao\u00fbt. Lors duquel le club s\u2019entra\u00eenera sur les m\u00eames terrains autrichiens qu\u2019\u00e0 l\u2019\u00e9t\u00e9 2023 et y disputera deux matches amicaux. <\/p>\n<p>Le second match amical de ce stage autrichien opposera Strasbourg et Heidenheim le <strong>samedi 2 ao\u00fbt \u00e0 15h \u00e0 Jenbach<\/strong>, \u00e0 32 km de Bad H\u00e4ring. Le club allemand sera en stage \u00e0 Mils\/Tyrol (57 km du lieu de r\u00e9sidence du RCSA) dans la m\u00eame p\u00e9riode que son homologue fran\u00e7ais. Heidenheim a termin\u00e9 16\u00e8me (sur 18) du dernier championnat allemand et a sauv\u00e9 sa place en Bundesliga apr\u00e8s une double confrontation en barrage d\u2019accession \/ rel\u00e9gation face \u00e0 Elversberg (victoire 4-3 au cumul\u00e9 des deux matches).<\/p>\n<p><strong>Le programme mis \u00e0 jour<\/strong><\/p>\n<ul class=\"wp-block-list\">\n<li>Lundi 7 juillet : Retour \u00e0 l\u2019entrainement au Racing Soprema Parc<\/li>\n<li>Mardi 22 juillet (19h \u00e0 Colmar) :\u00a0<strong>Racing<\/strong>\u00a0\u2013 AS Nancy<\/li>\n<li>Samedi 26 juillet (21h heure locale \u00e0 Istanbul)\u00a0: Galatasaray \u2013\u00a0<strong>Racing<\/strong><\/li>\n<li>Du 28 juillet au 2 ao\u00fbt : stage \u00e0 Bad H\u00e4ring en Autriche<\/li>\n<li>Samedi 2 ao\u00fbt (15h \u00e0 Jenbach) : <strong>Racing<\/strong> \u2013 Heidenheim<\/li>\n<li>Samedi 9 ao\u00fbt (15h30 \u00e0 Mayence) : Mayence \u2013\u00a0<strong>Racing<\/strong><\/li>\n<\/ul>\n","protected":false},"excerpt":{"rendered":"Le Racing Club de Strasbourg affrontera Heidenheim en match amical lors de son stage en Autriche du 28&hellip;\n","protected":false},"author":2,"featured_media":241425,"comment_status":"","ping_status":"","sticky":false,"template":"","format":"standard","meta":{"footnotes":""},"categories":[2820],"tags":[1111,11,1777,674,63,1011,27,775,12,4448,25,640],"class_list":{"0":"post-241424","1":"post","2":"type-post","3":"status-publish","4":"format-standard","5":"has-post-thumbnail","7":"category-strasbourg","8":"tag-actu","9":"tag-actualites","10":"tag-eu","11":"tag-europe","12":"tag-football","13":"tag-fr","14":"tag-france","15":"tag-grand-est","16":"tag-news","17":"tag-rc-strasbourg","18":"tag-republique-francaise","19":"tag-strasbourg"},"share_on_mastodon":{"url":"https:\/\/pubeurope.com\/@fr\/114832158502745178","error":""},"_links":{"self":[{"href":"https:\/\/www.europesays.com\/fr\/wp-json\/wp\/v2\/posts\/241424","targetHints":{"allow":["GET"]}}],"collection":[{"href":"https:\/\/www.europesays.com\/fr\/wp-json\/wp\/v2\/posts"}],"about":[{"href":"https:\/\/www.europesays.com\/fr\/wp-json\/wp\/v2\/types\/post"}],"author":[{"embeddable":true,"href":"https:\/\/www.europesays.com\/fr\/wp-json\/wp\/v2\/users\/2"}],"replies":[{"embeddable":true,"href":"https:\/\/www.europesays.com\/fr\/wp-json\/wp\/v2\/comments?post=241424"}],"version-history":[{"count":0,"href":"https:\/\/www.europesays.com\/fr\/wp-json\/wp\/v2\/posts\/241424\/revisions"}],"wp:featuredmedia":[{"embeddable":true,"href":"https:\/\/www.europesays.com\/fr\/wp-json\/wp\/v2\/media\/241425"}],"wp:attachment":[{"href":"https:\/\/www.europesays.com\/fr\/wp-json\/wp\/v2\/media?parent=241424"}],"wp:term":[{"taxonomy":"category","embeddable":true,"href":"https:\/\/www.europesays.com\/fr\/wp-json\/wp\/v2\/categories?post=241424"},{"taxonomy":"post_tag","embeddable":true,"href":"https:\/\/www.europesays.com\/fr\/wp-json\/wp\/v2\/tags?post=241424"}],"curies":[{"name":"wp","href":"https:\/\/api.w.org\/{rel}","templated":true}]}}