{"id":241437,"date":"2025-07-11T02:14:09","date_gmt":"2025-07-11T02:14:09","guid":{"rendered":"https:\/\/www.europesays.com\/fr\/241437\/"},"modified":"2025-07-11T02:14:09","modified_gmt":"2025-07-11T02:14:09","slug":"les-habitants-dun-immeuble-au-nord-de-toulouse-vont-etre-reloges","status":"publish","type":"post","link":"https:\/\/www.europesays.com\/fr\/241437\/","title":{"rendered":"les habitants d&rsquo;un immeuble au nord de Toulouse vont \u00eatre relog\u00e9s"},"content":{"rendered":"<p>            Par<br \/>\n        <strong><br \/>\n            <a href=\"https:\/\/actu.fr\/auteur\/anaelle-montagne\" title=\"Consulter tous les articles de Anaelle Montagne\" target=\"_blank\" rel=\"noopener\">Anaelle Montagne<\/a><br \/>\n        <\/strong><\/p>\n<p>        Publi\u00e9 le<\/p>\n<p>            10 juil. 2025 \u00e0 20h02        <\/p>\n<p>Les habitants d\u2019un immeuble situ\u00e9 \u00e0 Fondeyre, au nord de Toulouse, vont \u00eatre relog\u00e9s temporairement par Tiss\u00e9o. En cause : le passage prochain du tunnelier de la ligne C du m\u00e9tro \u00e0<strong> proximit\u00e9 imm\u00e9diate des fondations de l\u2019\u00e9difice<\/strong>. Les r\u00e9sidents du 7, rue de S\u00e9ville seront donc relog\u00e9s pour 5 jours maximum.<\/p>\n<p class=\" wall-content\">L\u2019op\u00e9rateur de transports explique avoir pris cette mesure \u00ab\u00a0par principe de pr\u00e9caution maximale\u00a0\u00bb. Non, cela n\u2019a absolument rien \u00e0 voir avec <a href=\"https:\/\/actu.fr\/occitanie\/toulouse_31555\/ligne-c-du-metro-de-toulouse-de-nouveaux-mouvements-inquietants-detectes-dans-ce-quartier-sous-surveillance_62859408.html\" target=\"_blank\" rel=\"noopener\">les d\u00e9formations du sous-sol \u00e0 Bonnefoy<\/a>, pr\u00e9cise Tiss\u00e9o. Dans le quartier, ces mouvements avaient tour \u00e0 tour provoqu\u00e9 des fissures, <a href=\"https:\/\/actu.fr\/occitanie\/toulouse_31555\/toulouse-elle-a-eu-le-temps-de-dire-j-entends-un-crac-avant-que-tout-s-effondre-dans-sa-maison_62802510.html\" target=\"_blank\" rel=\"noopener\">l\u2019effondrement du sol dans un salon<\/a> et un <a href=\"https:\/\/actu.fr\/occitanie\/toulouse_31555\/toulouse-nouvel-effondrement-dans-ce-quartier-un-trou-de-20-metres-de-profondeur-dans-un-jardin_62838590.html\" target=\"_blank\" rel=\"noopener\">trou de 25 m\u00e8tres<\/a> dans un jardin.<\/p>\n<p>Pourquoi cette \u00e9vacuation ?<\/p>\n<p class=\" wall-content\">Le tunnelier Berthe de Puybuque est parti en novembre 2024 de La Vache et a atteint la place Ferdinand-Faur\u00e9. Il se dirige vers la <strong>future station Fondeyre<\/strong>, et doit donc creuser sous le 7 rue de S\u00e9ville.<\/p>\n<p class=\" wall-content\">La d\u00e9cision de relogement a \u00e9t\u00e9 prise suite au diagnostic et aux investigations techniques, men\u00e9es en amont par Tiss\u00e9o : \u00ab\u00a0Ce travail d\u2019investigation a permis de confirmer que le tunnelier va passer \u00e0 proximit\u00e9 des fondations de l\u2019immeuble. Le passage du tunnelier peut donc provoquer un possible inconfort des habitants, notamment via le ressenti de vibrations.\u00a0\u00bb<\/p>\n<p class=\" wall-content\">L\u2019op\u00e9rateur rassure : cette configuration est <strong>\u00ab\u00a0un cas isol\u00e9 sur la ligne C\u00a0\u00bb<\/strong>.\u00a0<\/p>\n<p>Vid\u00e9os : en ce moment sur Actu<\/p>\n<p class=\" wall-content\">Suivez toute l\u2019actualit\u00e9 de vos villes et m\u00e9dias favoris en vous inscrivant \u00e0 <a href=\"https:\/\/moncompte.actu.fr\" title=\"D\u00e9couvez Mon Actu\" rel=\"nofollow noopener\" data-trk=\"{&quot;cta&quot;:{&quot;action&quot;:&quot;https:\\\/\\\/moncompte.actu.fr&quot;,&quot;category&quot;:&quot;mon compte&quot;,&quot;from&quot;:&quot;article footer&quot;,&quot;name&quot;:&quot;Mon actu&quot;,&quot;type&quot;:&quot;cta&quot;}}\" target=\"_blank\">Mon Actu<\/a>.<\/p>\n<ul class=\"ac-article-tag wall-content\">\n<li><a href=\"https:\/\/actu.fr\/tag\/ligne-c-du-metro-de-toulouse\" data-trk=\"{&quot;cta&quot;:{&quot;action&quot;:&quot;Ligne C du m\\u00e9tro de Toulouse&quot;,&quot;category&quot;:&quot;tag&quot;,&quot;from&quot;:&quot;article footer&quot;,&quot;name&quot;:&quot;Ligne C du m\\u00e9tro de Toulouse&quot;,&quot;type&quot;:&quot;cta&quot;}}\" target=\"_blank\" rel=\"noopener\">#Ligne C du m\u00e9tro de Toulouse<\/a><\/li>\n<\/ul>\n","protected":false},"excerpt":{"rendered":"Par Anaelle Montagne Publi\u00e9 le 10 juil. 2025 \u00e0 20h02 Les habitants d\u2019un immeuble situ\u00e9 \u00e0 Fondeyre, au&hellip;\n","protected":false},"author":2,"featured_media":241438,"comment_status":"","ping_status":"","sticky":false,"template":"","format":"standard","meta":{"footnotes":""},"categories":[2816],"tags":[1111,11,1777,674,1011,27,5224,12,2680,25,104,2312],"class_list":{"0":"post-241437","1":"post","2":"type-post","3":"status-publish","4":"format-standard","5":"has-post-thumbnail","7":"category-toulouse","8":"tag-actu","9":"tag-actualites","10":"tag-eu","11":"tag-europe","12":"tag-fr","13":"tag-france","14":"tag-ligne-c-du-metro-de-toulouse","15":"tag-news","16":"tag-occitanie","17":"tag-republique-francaise","18":"tag-societe","19":"tag-toulouse"},"share_on_mastodon":{"url":"https:\/\/pubeurope.com\/@fr\/114832189828197492","error":""},"_links":{"self":[{"href":"https:\/\/www.europesays.com\/fr\/wp-json\/wp\/v2\/posts\/241437","targetHints":{"allow":["GET"]}}],"collection":[{"href":"https:\/\/www.europesays.com\/fr\/wp-json\/wp\/v2\/posts"}],"about":[{"href":"https:\/\/www.europesays.com\/fr\/wp-json\/wp\/v2\/types\/post"}],"author":[{"embeddable":true,"href":"https:\/\/www.europesays.com\/fr\/wp-json\/wp\/v2\/users\/2"}],"replies":[{"embeddable":true,"href":"https:\/\/www.europesays.com\/fr\/wp-json\/wp\/v2\/comments?post=241437"}],"version-history":[{"count":0,"href":"https:\/\/www.europesays.com\/fr\/wp-json\/wp\/v2\/posts\/241437\/revisions"}],"wp:featuredmedia":[{"embeddable":true,"href":"https:\/\/www.europesays.com\/fr\/wp-json\/wp\/v2\/media\/241438"}],"wp:attachment":[{"href":"https:\/\/www.europesays.com\/fr\/wp-json\/wp\/v2\/media?parent=241437"}],"wp:term":[{"taxonomy":"category","embeddable":true,"href":"https:\/\/www.europesays.com\/fr\/wp-json\/wp\/v2\/categories?post=241437"},{"taxonomy":"post_tag","embeddable":true,"href":"https:\/\/www.europesays.com\/fr\/wp-json\/wp\/v2\/tags?post=241437"}],"curies":[{"name":"wp","href":"https:\/\/api.w.org\/{rel}","templated":true}]}}