{"id":241441,"date":"2025-07-11T02:17:09","date_gmt":"2025-07-11T02:17:09","guid":{"rendered":"https:\/\/www.europesays.com\/fr\/241441\/"},"modified":"2025-07-11T02:17:09","modified_gmt":"2025-07-11T02:17:09","slug":"huit-ans-de-prison-contre-le-chef-dune-organisation-criminelle-aubagnaise-pilotee-depuis-la-prison-des-baumettes","status":"publish","type":"post","link":"https:\/\/www.europesays.com\/fr\/241441\/","title":{"rendered":"Huit ans de prison contre le \u00ab\u00a0chef d&rsquo;une organisation criminelle\u00a0\u00bb aubagnaise pilot\u00e9e depuis la prison des Baumettes"},"content":{"rendered":"<p>Il avait \u00e9t\u00e9 d\u00e9crit par le parquet de Marseille comme \u00ab\u00a0le chef d\u2019une organisation criminelle qui pilotait depuis la d\u00e9tention\u00a0trafics de stup\u00e9fiants\u00a0et projets criminels\u00a0\u00bb. Jug\u00e9 la semaine derni\u00e8re devant le tribunal correctionnel pour avoir dirig\u00e9 depuis la prison des Baumettes le r\u00e9seau de la cit\u00e9 du Charrel \u00e0 Aubagne, un point de vente de stup\u00e9fiants soumis fin 2020 et d\u00e9but 2021 \u00e0 de nombreuses offensives, contre-attaques et tentatives de reprise par des clans adverses, Sullivan Beaujannot, 38 ans, a \u00e9t\u00e9 condamn\u00e9 \u00e0 8 ans de prison.<a href=\"https:\/\/www.laprovence.com\/article\/faits-divers-justice\/10643458986512\/trafic-de-stupefiants-a-marseille-jusqu-a-12-ans-de-prison-requis-contre-les-fous-de-bassens\" target=\"_blank\" rel=\"noopener\"> Une peine inf\u00e9rieure aux r\u00e9quisitions de la repr\u00e9sentante du minist\u00e8re public, qui avait demand\u00e9 douze ans de prison assortis d\u2019une peine de s\u00fbret\u00e9 des deux tiers.<\/a><\/p>\n<p>Apr\u00e8s des mois de surveillances et d\u2019\u00e9coutes, les principaux acteurs du trafic des Charrel avaient \u00e9t\u00e9 interpell\u00e9s en f\u00e9vrier 2021 \u00ab\u00a0pour \u00e9viter des morts\u00a0\u00bb, avait pr\u00e9cis\u00e9 la procureure dans son r\u00e9quisitoire. Au cours de l\u2019audience, deux hommes consid\u00e9r\u00e9s comme les plus proches collaborateurs de Sullivan Beaujannot, Sou-Hills Aliani dit \u00ab\u00a0Barbe\u00a0\u00bb et Anis Beloukil, surnomm\u00e9 \u00ab\u00a0M\u00e8che\u00a0\u00bb, avaient reconnu leur r\u00f4le dans ce trafic \u00e0 un niveau assez \u00e9lev\u00e9.<\/p>\n","protected":false},"excerpt":{"rendered":"Il avait \u00e9t\u00e9 d\u00e9crit par le parquet de Marseille comme \u00ab\u00a0le chef d\u2019une organisation criminelle qui pilotait depuis&hellip;\n","protected":false},"author":2,"featured_media":241442,"comment_status":"","ping_status":"","sticky":false,"template":"","format":"standard","meta":{"footnotes":""},"categories":[2814],"tags":[17,1111,11,1764,1102,7818,1444,4440,1777,674,274,1011,27,38095,884,12,9640,806,882,25],"class_list":{"0":"post-241441","1":"post","2":"type-post","3":"status-publish","4":"format-standard","5":"has-post-thumbnail","7":"category-marseille","8":"tag-17","9":"tag-actu","10":"tag-actualites","11":"tag-ans","12":"tag-breakingnews","13":"tag-chef","14":"tag-contre","15":"tag-dune","16":"tag-eu","17":"tag-europe","18":"tag-faits-divers-justice","19":"tag-fr","20":"tag-france","21":"tag-huit","22":"tag-marseille","23":"tag-news","24":"tag-organisation","25":"tag-prison","26":"tag-provence-alpes-cote-dazur","27":"tag-republique-francaise"},"share_on_mastodon":{"url":"https:\/\/pubeurope.com\/@fr\/114832201665853563","error":""},"_links":{"self":[{"href":"https:\/\/www.europesays.com\/fr\/wp-json\/wp\/v2\/posts\/241441","targetHints":{"allow":["GET"]}}],"collection":[{"href":"https:\/\/www.europesays.com\/fr\/wp-json\/wp\/v2\/posts"}],"about":[{"href":"https:\/\/www.europesays.com\/fr\/wp-json\/wp\/v2\/types\/post"}],"author":[{"embeddable":true,"href":"https:\/\/www.europesays.com\/fr\/wp-json\/wp\/v2\/users\/2"}],"replies":[{"embeddable":true,"href":"https:\/\/www.europesays.com\/fr\/wp-json\/wp\/v2\/comments?post=241441"}],"version-history":[{"count":0,"href":"https:\/\/www.europesays.com\/fr\/wp-json\/wp\/v2\/posts\/241441\/revisions"}],"wp:featuredmedia":[{"embeddable":true,"href":"https:\/\/www.europesays.com\/fr\/wp-json\/wp\/v2\/media\/241442"}],"wp:attachment":[{"href":"https:\/\/www.europesays.com\/fr\/wp-json\/wp\/v2\/media?parent=241441"}],"wp:term":[{"taxonomy":"category","embeddable":true,"href":"https:\/\/www.europesays.com\/fr\/wp-json\/wp\/v2\/categories?post=241441"},{"taxonomy":"post_tag","embeddable":true,"href":"https:\/\/www.europesays.com\/fr\/wp-json\/wp\/v2\/tags?post=241441"}],"curies":[{"name":"wp","href":"https:\/\/api.w.org\/{rel}","templated":true}]}}