{"id":241457,"date":"2025-07-11T02:26:34","date_gmt":"2025-07-11T02:26:34","guid":{"rendered":"https:\/\/www.europesays.com\/fr\/241457\/"},"modified":"2025-07-11T02:26:34","modified_gmt":"2025-07-11T02:26:34","slug":"a-paris-la-difficile-union-de-la-gauche-pour-contrer-rachida-dati","status":"publish","type":"post","link":"https:\/\/www.europesays.com\/fr\/241457\/","title":{"rendered":"\u00e0 Paris, la difficile union de la gauche pour contrer Rachida Dati"},"content":{"rendered":"<p><strong>ANALYSE <\/strong>&#8211; Socialistes et \u00e9cologistes sont \u00e0 couteaux tir\u00e9s, mais devront bien finir par s\u2019entendre s\u2019ils veulent conserver l\u2019H\u00f4tel de Ville face \u00e0 une droite d\u00e9termin\u00e9e.<\/p>\n<p class=\"fig-paragraph\">Elle tient enfin sa victoire. Des ann\u00e9es que\u00a0<a href=\"http:\/\/www.lefigaro.fr\/medias\/a-l-aube-de-la-reforme-l-offensive-tres-politique-de-rachida-dati-contre-l-audiovisuel-public-20250622\" data-fig-type=\"NewsFlash\" data-gtm-custom-categorie=\"navigation\" data-gtm-custom-action=\"crossclick\" data-gtm-custom-label=\"Contextuel\" data-gtm-event=\"customEventSPE\" data-fig-domain=\"LEFIGARO\" rel=\"nofollow noopener\" target=\"_blank\">Rachida Dati<\/a>, maire du 7e\u00a0arrondissement de Paris et ministre de la Culture, est partie en croisade contre\u00a0les particularismes du mode de scrutin parisien\u00a0aux \u00e9lections municipales. Celle qui a \u00e9t\u00e9 candidate en 2020 est convaincue qu\u2019elle aurait gagn\u00e9 les \u00e9lections si l\u2019on votait \u00e0 Paris comme dans le reste de la France. Elle s\u2019\u00e9tait promis de tout faire pour supprimer cette tuyauterie \u00e9lectorale absconse et ravir l\u2019H\u00f4tel de Ville \u00e0 la gauche en 2026. La ministre a franchi la moiti\u00e9 du chemin. En effet, le Parlement\u00a0<a href=\"http:\/\/www.lefigaro.fr\/politique\/municipales-2026-le-parlement-adopte-definitivement-la-reforme-du-mode-de-scrutin-a-paris-lyon-et-marseille-20250710\" target=\"_blank\" data-fig-type=\"NewsFlash\" rel=\"noopener nofollow\" data-gtm-custom-categorie=\"navigation\" data-gtm-custom-action=\"crossclick\" data-gtm-custom-label=\"Contextuel\" data-gtm-event=\"customEventSPE\" data-fig-domain=\"LEFIGARO\">a adopt\u00e9, jeudi matin,<\/a>\u00a0le projet de loi dit \u00ab\u00a0PLM\u00a0\u00bb (pour Paris, Lyon, Marseille) qui revient sur le mode de scrutin particulier mis en place en 1982 dans les trois plus grandes villes de France.<\/p>\n<p class=\"fig-paragraph\">Ainsi &#8211;\u00a0<a href=\"http:\/\/www.lefigaro.fr\/politique\/municipales-2026-comment-le-senat-veut-deminer-la-reforme-paris-lyon-marseille-aupres-du-conseil-constitutionnel-20250710\" target=\"_blank\" data-fig-type=\"Article\" rel=\"noopener nofollow\" data-gtm-custom-categorie=\"navigation\" data-gtm-custom-action=\"crossclick\" data-gtm-custom-label=\"Contextuel\" data-gtm-event=\"customEventSPE\" data-fig-domain=\"LEFIGARO\">\u00e0 condition que le Conseil constitutionnel ent\u00e9rine le texte\u00a0<\/a>-, un vote aura d\u00e9sormais lieu \u00e0 l\u2019\u00e9chelle de la ville et non plus des seuls arrondissements comme c\u2019\u00e9tait le cas jusqu\u2019\u00e0 aujourd\u2019hui. Cela pourrait profiter \u00e0 Rachida\u2026<\/p>\n<p class=\"fig-premium-paywall__infos\">\n        Cet article est r\u00e9serv\u00e9 aux abonn\u00e9s.        Il vous reste 82% \u00e0 d\u00e9couvrir.\n    <\/p>\n<p>                <img  data- alt=\"Le Figaro\" class=\"fig-img--complete fig-img\"\/><\/p>\n<p class=\"fig-premium-paywall__title\">Vous avez envie de lire la suite ?<\/p>\n<p class=\"fig-premium-paywall__subtitle\">D\u00e9bloquez tous les articles imm\u00e9diatement.<\/p>\n<p class=\"fig-premium-paywall__connect\">\n                D\u00e9j\u00e0 abonn\u00e9\u00a0?                <a class=\"fig-premium-paywall__connect-link\" href=\"https:\/\/connect.lefigaro.fr\/login?client=horizon_web&amp;type=main&amp;redirect_uri=https%3A%2F%2Fwww.lefigaro.fr%2Fpolitique%2Fmunicipales-a-paris-la-difficile-union-de-la-gauche-pour-contrer-rachida-dati-20250710\" data-js-gtm=\"{&quot;customCategorie&quot;: &quot;conversion&quot;, &quot;customAction&quot;: &quot;before_Landing_Connexion_paywall_auto&quot;, &quot;customLabel&quot;: &quot;bGVmaWdhcm8uZnJfXzFmMDVkNzM3LTU2ZWMtNjczMi05YjNlLTlkZjM2NTdkMTQ2Nl9fQXJ0aWNsZQ==_Municipales\u00a0: \u00e0 Paris, la difficile union de la gauche pour contrer Rachida Dati_233&quot;, &quot;customIDSPE&quot;: &quot;bGVmaWdhcm8uZnJfXzFmMDVkNzM3LTU2ZWMtNjczMi05YjNlLTlkZjM2NTdkMTQ2Nl9fQXJ0aWNsZQ==&quot;, &quot;event&quot;: &quot;customEventSPE&quot;}\" rel=\"nofollow noopener\" target=\"_blank\"><br \/>\n                    Connectez-vous<br \/>\n                <\/a>\n            <\/p>\n","protected":false},"excerpt":{"rendered":"ANALYSE &#8211; Socialistes et \u00e9cologistes sont \u00e0 couteaux tir\u00e9s, mais devront bien finir par s\u2019entendre s\u2019ils veulent conserver&hellip;\n","protected":false},"author":2,"featured_media":241458,"comment_status":"","ping_status":"","sticky":false,"template":"","format":"standard","meta":{"footnotes":""},"categories":[1888],"tags":[11,1777,674,1011,27,3554,12,626,417,25],"class_list":{"0":"post-241457","1":"post","2":"type-post","3":"status-publish","4":"format-standard","5":"has-post-thumbnail","7":"category-paris","8":"tag-actualites","9":"tag-eu","10":"tag-europe","11":"tag-fr","12":"tag-france","13":"tag-municipales","14":"tag-news","15":"tag-paris","16":"tag-rachida-dati","17":"tag-republique-francaise"},"share_on_mastodon":{"url":"https:\/\/pubeurope.com\/@fr\/114832237267261578","error":""},"_links":{"self":[{"href":"https:\/\/www.europesays.com\/fr\/wp-json\/wp\/v2\/posts\/241457","targetHints":{"allow":["GET"]}}],"collection":[{"href":"https:\/\/www.europesays.com\/fr\/wp-json\/wp\/v2\/posts"}],"about":[{"href":"https:\/\/www.europesays.com\/fr\/wp-json\/wp\/v2\/types\/post"}],"author":[{"embeddable":true,"href":"https:\/\/www.europesays.com\/fr\/wp-json\/wp\/v2\/users\/2"}],"replies":[{"embeddable":true,"href":"https:\/\/www.europesays.com\/fr\/wp-json\/wp\/v2\/comments?post=241457"}],"version-history":[{"count":0,"href":"https:\/\/www.europesays.com\/fr\/wp-json\/wp\/v2\/posts\/241457\/revisions"}],"wp:featuredmedia":[{"embeddable":true,"href":"https:\/\/www.europesays.com\/fr\/wp-json\/wp\/v2\/media\/241458"}],"wp:attachment":[{"href":"https:\/\/www.europesays.com\/fr\/wp-json\/wp\/v2\/media?parent=241457"}],"wp:term":[{"taxonomy":"category","embeddable":true,"href":"https:\/\/www.europesays.com\/fr\/wp-json\/wp\/v2\/categories?post=241457"},{"taxonomy":"post_tag","embeddable":true,"href":"https:\/\/www.europesays.com\/fr\/wp-json\/wp\/v2\/tags?post=241457"}],"curies":[{"name":"wp","href":"https:\/\/api.w.org\/{rel}","templated":true}]}}