{"id":241463,"date":"2025-07-11T02:29:10","date_gmt":"2025-07-11T02:29:10","guid":{"rendered":"https:\/\/www.europesays.com\/fr\/241463\/"},"modified":"2025-07-11T02:29:10","modified_gmt":"2025-07-11T02:29:10","slug":"le-partenariat-entre-lasean-et-les-etats-unis-devient-un-point-dattente","status":"publish","type":"post","link":"https:\/\/www.europesays.com\/fr\/241463\/","title":{"rendered":"Le partenariat entre l&rsquo;ASEAN et les \u00c9tats-Unis devient un point d&rsquo;attente"},"content":{"rendered":"<p>ARTA &#8211; Le ministre indon\u00e9sien des Affaires \u00e9trang\u00e8res a soulign\u00e9 que le partenariat entre l\u2019ASEAN et les \u00c9tats-Unis a une signification strat\u00e9gique pour maintenir la stabilit\u00e9 et encourager une croissance inclusive bas\u00e9e sur la valeur.<\/p>\n<p>S\u2019exprimant jeudi lors de la Conf\u00e9rence minist\u00e9rielle ASEAN-US (PMC) auquel a assist\u00e9 le secr\u00e9taire d\u2019\u00c9tat am\u00e9ricain Marco Rubio \u00e0 Kuala Lumpur, en Malaisie, le ministre des Affaires \u00e9trang\u00e8res Sugiono, a soulign\u00e9 que le pays de l\u2019Oncle Sam est un partenaire de croissance et de paix de l\u2019ASEAN.<\/p>\n<p>k a soulign\u00e9 les r\u00e9alisations concr\u00e8tes de la coop\u00e9ration qui ont eu un impact direct sur la communaut\u00e9, notamment par la cr\u00e9ation d\u2019un Center ASEAN-US \u00e0 Washington DC en 2023 qui a renforc\u00e9 la visibilit\u00e9 de l\u2019ASEAN aux \u00c9tats-Unis.<\/p>\n<p>rons pour poursuivre l\u2019\u00e9lan, l\u2019Indon\u00e9sie appr\u00e9cie \u00e9galement le fort soutien bilat\u00e9ral du Parlement am\u00e9ricain \u00e0 l\u2019acte de l\u2019ASEAN, qui renforce encore l\u2019engagement \u00e0 long terme des \u00c9tats-Unis envers la r\u00e9gion.<\/p>\n<p>, en fonction de la collaboration p\u00e9dagogique reste un pilier important des relations entre les communaut\u00e9s. Plus de 8 000 \u00e9tudiants indon\u00e9siens suivent actuellement leurs \u00e9tudes aux \u00c9tats-Unis.<\/p>\n<p>al Al Jazeera a annonc\u00e9 qu\u2019il s\u2019agissait d\u2019un projet de loi sur les droits de l\u2019homme. Nous esp\u00e9rons qu\u2019une politique de visa plus inclusive pourra soutenir cet investissement \u00e0 long terme \u00bb, a d\u00e9clar\u00e9 le ministre des Affaires \u00e9trang\u00e8res Sugiono, dans un communiqu\u00e9 du minist\u00e8re indon\u00e9sien des Affaires \u00e9trang\u00e8res, vendredi 11 juillet.<\/p>\n<p>al Sugiono a \u00e9galement exprim\u00e9 les espoirs de l\u2019ASEAN que les \u00c9tats-Unis continuent de soutenir un \u00e9change ouvert et \u00e9quitable, notamment par le biais du Trait\u00e9 de cadre sur le commerce et l\u2019investissement entre l\u2019ASEAN et les \u00c9tats-Unis (TIFA).<\/p>\n<p>an, en tant que partenaire de paix, le ministre des Affaires \u00e9trang\u00e8res a soulign\u00e9 que le respect du droit international doit servir de base commune face \u00e0 la dynamique g\u00e9opolitique mondiale continuellement r\u00e9chauff\u00e9e.<\/p>\n<p>al, Sugiono a soulign\u00e9 que la crise humanitaire \u00e0 Gaza \u00e9tait une cons\u00e9quence de violations des principes du droit international.<\/p>\n<p>ronyme : \u201cLa trag\u00e9die humanitaire \u00e0 Gaza doit \u00eatre la force pour nous tous. L\u2019Indon\u00e9sie a de nouveau appel\u00e9 \u00e0 un cessez-le-feu permanent, \u00e0 un acc\u00e8s humanitaire sans fronti\u00e8res et \u00e0 une voie cr\u00e9dible vers une solution \u00e0 deux \u00c9tats conform\u00e9ment \u00e0 une r\u00e9solution de l\u2019ONU \u00bb, a soulign\u00e9 le ministre des Affaires \u00e9trang\u00e8res Sugiono.<\/p>\n<p>Y a conclu son communiqu\u00e9, le ministre des Affaires \u00e9trang\u00e8res Sugiono a appel\u00e9 au partenariat entre l\u2019ASEAN et les \u00c9tats-Unis \u00e0 une responsabilit\u00e9 commune, une croissance inclusive et une paix durable.<\/p>\n<p>The English, Chinese, Japanese, Arabic, and French versions are automatically generated by the AI. So there may still be inaccuracies in translating, please always see Indonesian as our main language.<br \/>\n                                    (system supported by DigitalSiber.id)<\/p>\n","protected":false},"excerpt":{"rendered":"ARTA &#8211; Le ministre indon\u00e9sien des Affaires \u00e9trang\u00e8res a soulign\u00e9 que le partenariat entre l\u2019ASEAN et les \u00c9tats-Unis&hellip;\n","protected":false},"author":2,"featured_media":241464,"comment_status":"","ping_status":"","sticky":false,"template":"","format":"standard","meta":{"footnotes":""},"categories":[1589],"tags":[11,38099,73,1866,38101,38102,38100,12,38098,1864,1865,1863,308],"class_list":{"0":"post-241463","1":"post","2":"type-post","3":"status-publish","4":"format-standard","5":"has-post-thumbnail","7":"category-etats-unis","8":"tag-actualites","9":"tag-americano-americaines","10":"tag-etats-unis","11":"tag-etats-unis-damerique","12":"tag-lindonesie","13":"tag-le-ministere-des-affaires-etrangeres-sugiono","14":"tag-les-relations-bilaterales","15":"tag-news","16":"tag-ronyme-les-relations-internationales","17":"tag-united-states","18":"tag-united-states-of-america","19":"tag-us","20":"tag-usa"},"share_on_mastodon":{"url":"https:\/\/pubeurope.com\/@fr\/114832248849678153","error":""},"_links":{"self":[{"href":"https:\/\/www.europesays.com\/fr\/wp-json\/wp\/v2\/posts\/241463","targetHints":{"allow":["GET"]}}],"collection":[{"href":"https:\/\/www.europesays.com\/fr\/wp-json\/wp\/v2\/posts"}],"about":[{"href":"https:\/\/www.europesays.com\/fr\/wp-json\/wp\/v2\/types\/post"}],"author":[{"embeddable":true,"href":"https:\/\/www.europesays.com\/fr\/wp-json\/wp\/v2\/users\/2"}],"replies":[{"embeddable":true,"href":"https:\/\/www.europesays.com\/fr\/wp-json\/wp\/v2\/comments?post=241463"}],"version-history":[{"count":0,"href":"https:\/\/www.europesays.com\/fr\/wp-json\/wp\/v2\/posts\/241463\/revisions"}],"wp:featuredmedia":[{"embeddable":true,"href":"https:\/\/www.europesays.com\/fr\/wp-json\/wp\/v2\/media\/241464"}],"wp:attachment":[{"href":"https:\/\/www.europesays.com\/fr\/wp-json\/wp\/v2\/media?parent=241463"}],"wp:term":[{"taxonomy":"category","embeddable":true,"href":"https:\/\/www.europesays.com\/fr\/wp-json\/wp\/v2\/categories?post=241463"},{"taxonomy":"post_tag","embeddable":true,"href":"https:\/\/www.europesays.com\/fr\/wp-json\/wp\/v2\/tags?post=241463"}],"curies":[{"name":"wp","href":"https:\/\/api.w.org\/{rel}","templated":true}]}}