{"id":241475,"date":"2025-07-11T02:35:16","date_gmt":"2025-07-11T02:35:16","guid":{"rendered":"https:\/\/www.europesays.com\/fr\/241475\/"},"modified":"2025-07-11T02:35:16","modified_gmt":"2025-07-11T02:35:16","slug":"comment-la-france-peut-elle-se-rearmer","status":"publish","type":"post","link":"https:\/\/www.europesays.com\/fr\/241475\/","title":{"rendered":"\u00abComment la France peut-elle se r\u00e9armer\u2009?\u00bb"},"content":{"rendered":"<p data-module=\"fig-standfirst\" data-context=\"@media (min-width:48em)\"><strong>GRAND ENTRETIEN<\/strong> &#8211; \u00c0 la veille du 14 juillet, l\u2019ancien conseiller sp\u00e9cial de Nicolas Sarkozy et l\u2019ancien ministre des Affaires europ\u00e9ennes font le point sur la politique de d\u00e9fense de la France.<\/p>\n<p class=\"fig-paragraph fig-paragraph--dropped\"><strong>LE FIGARO. &#8211; Dans un contexte g\u00e9opolitique qui n\u2019a peut-\u00eatre jamais \u00e9t\u00e9 aussi tendu depuis la seconde guerre mondiale, notre arm\u00e9e est-elle pr\u00eate \u00e0 faire face aux nouveaux d\u00e9fis\u00a0?<\/strong><\/p>\n<p class=\"fig-paragraph fig-paragraph--dropped\"><strong>Pierre LELLOUCHE. &#8211;<\/strong> Notre arm\u00e9e actuelle est le r\u00e9sultat direct de la fin de la guerre froide au d\u00e9but des ann\u00e9es 1990. \u00c9lu en 1995, Jacques Chirac d\u00e9cide l\u2019arr\u00eat de nos essais nucl\u00e9aires, puis la \u00ab suspension\u00a0\u00bb du\u00a0<a href=\"http:\/\/www.lefigaro.fr\/vox\/societe\/le-service-militaire-une-idee-depassee-20250312\" data-fig-type=\"Article\" data-gtm-custom-categorie=\"navigation\" data-gtm-custom-action=\"crossclick\" data-gtm-custom-label=\"Contextuel\" data-gtm-event=\"customEventSPE\" data-fig-domain=\"LEFIGARO\" target=\"_blank\" rel=\"noopener\">service militaire<\/a>\u00a0obligatoire, en fait d\u2019en finir avec la conscription v\u00e9cue \u00e0 l\u2019\u00e9poque comme inutile et in\u00e9galitaire. Dans l\u2019euphorie de la pr\u00e9tendue \u00ab fin de l\u2019Histoire\u00a0\u00bb, la guerre en Europe appartenait au pass\u00e9 ; l\u2019avenir serait fait d\u2019interventions ponctuelles \u00e0 l\u2019ext\u00e9rieur. La guerre du Golfe venait de montrer que d\u2019envoyer des conscrits se battre en Irak \u00e9tait compliqu\u00e9, notamment pour les familles, et que l\u2019arm\u00e9e de la guerre froide n\u2019\u00e9tait\u00a0pas dimensionn\u00e9e pour ce type d\u2019op\u00e9rations.<\/p>\n<p class=\"fig-paragraph fig-paragraph--dropped\">Notre mod\u00e8le d\u2019arm\u00e9e allait donc \u00eatre profond\u00e9ment boulevers\u00e9 avec le passage \u00e0 une arm\u00e9e professionnalis\u00e9e\u2026<\/p>\n<p class=\"fig-premium-paywall__infos\">\n        Cet article est r\u00e9serv\u00e9 aux abonn\u00e9s.        Il vous reste 97% \u00e0 d\u00e9couvrir.\n    <\/p>\n<p>                <img  data- alt=\"Le Figaro\" class=\"fig-img--complete fig-img\"\/><\/p>\n<p class=\"fig-premium-paywall__title\">Vous avez envie de lire la suite ?<\/p>\n<p class=\"fig-premium-paywall__subtitle\">D\u00e9bloquez tous les articles imm\u00e9diatement.<\/p>\n<p class=\"fig-premium-paywall__connect\">\n                D\u00e9j\u00e0 abonn\u00e9\u00a0?                <a class=\"fig-premium-paywall__connect-link\" href=\"https:\/\/connect.lefigaro.fr\/login?client=horizon_web&amp;type=main&amp;redirect_uri=https%3A%2F%2Fwww.lefigaro.fr%2Fpolitique%2Fhenri-guaino-et-pierre-lellouche-comment-la-france-peut-elle-se-rearmer-20250710\" data-js-gtm=\"{&quot;customCategorie&quot;: &quot;conversion&quot;, &quot;customAction&quot;: &quot;before_Landing_Connexion_paywall_auto&quot;, &quot;customLabel&quot;: &quot;bGVmaWdhcm8uZnJfXzFmMDVjYjRiLWRkNzYtNjBmMi05Njg5LWY5YWJkNTEyZTMxZl9fQXJ0aWNsZQ==_Henri Guaino et Pierre Lellouche\u00a0: \u00abComment la France peut-elle se r\u00e9armer\u00a0?\u00bb_95&quot;, &quot;customIDSPE&quot;: &quot;bGVmaWdhcm8uZnJfXzFmMDVjYjRiLWRkNzYtNjBmMi05Njg5LWY5YWJkNTEyZTMxZl9fQXJ0aWNsZQ==&quot;, &quot;event&quot;: &quot;customEventSPE&quot;}\" target=\"_blank\" rel=\"noopener\"><br \/>\n                    Connectez-vous<br \/>\n                <\/a>\n            <\/p>\n","protected":false},"excerpt":{"rendered":"GRAND ENTRETIEN &#8211; \u00c0 la veille du 14 juillet, l\u2019ancien conseiller sp\u00e9cial de Nicolas Sarkozy et l\u2019ancien ministre&hellip;\n","protected":false},"author":2,"featured_media":241476,"comment_status":"","ping_status":"","sticky":false,"template":"","format":"standard","meta":{"footnotes":""},"categories":[2],"tags":[11,33183,1924,554,1011,27,12,25],"class_list":{"0":"post-241475","1":"post","2":"type-post","3":"status-publish","4":"format-standard","5":"has-post-thumbnail","7":"category-actualites","8":"tag-actualites","9":"tag-armee-francaise","10":"tag-armement","11":"tag-defense","12":"tag-fr","13":"tag-france","14":"tag-news","15":"tag-republique-francaise"},"share_on_mastodon":{"url":"https:\/\/pubeurope.com\/@fr\/114832272580776906","error":""},"_links":{"self":[{"href":"https:\/\/www.europesays.com\/fr\/wp-json\/wp\/v2\/posts\/241475","targetHints":{"allow":["GET"]}}],"collection":[{"href":"https:\/\/www.europesays.com\/fr\/wp-json\/wp\/v2\/posts"}],"about":[{"href":"https:\/\/www.europesays.com\/fr\/wp-json\/wp\/v2\/types\/post"}],"author":[{"embeddable":true,"href":"https:\/\/www.europesays.com\/fr\/wp-json\/wp\/v2\/users\/2"}],"replies":[{"embeddable":true,"href":"https:\/\/www.europesays.com\/fr\/wp-json\/wp\/v2\/comments?post=241475"}],"version-history":[{"count":0,"href":"https:\/\/www.europesays.com\/fr\/wp-json\/wp\/v2\/posts\/241475\/revisions"}],"wp:featuredmedia":[{"embeddable":true,"href":"https:\/\/www.europesays.com\/fr\/wp-json\/wp\/v2\/media\/241476"}],"wp:attachment":[{"href":"https:\/\/www.europesays.com\/fr\/wp-json\/wp\/v2\/media?parent=241475"}],"wp:term":[{"taxonomy":"category","embeddable":true,"href":"https:\/\/www.europesays.com\/fr\/wp-json\/wp\/v2\/categories?post=241475"},{"taxonomy":"post_tag","embeddable":true,"href":"https:\/\/www.europesays.com\/fr\/wp-json\/wp\/v2\/tags?post=241475"}],"curies":[{"name":"wp","href":"https:\/\/api.w.org\/{rel}","templated":true}]}}