{"id":241477,"date":"2025-07-11T02:36:26","date_gmt":"2025-07-11T02:36:26","guid":{"rendered":"https:\/\/www.europesays.com\/fr\/241477\/"},"modified":"2025-07-11T02:36:26","modified_gmt":"2025-07-11T02:36:26","slug":"decouvrez-les-10-candidates-de-ledition-2025","status":"publish","type":"post","link":"https:\/\/www.europesays.com\/fr\/241477\/","title":{"rendered":"d\u00e9couvrez les 10 candidates de l&rsquo;\u00e9dition 2025"},"content":{"rendered":"<p>            Par<br \/>\n        <strong><br \/>\n            <a href=\"https:\/\/actu.fr\/auteur\/sophie-vincelot-actu-fr\" title=\"Consulter tous les articles de Sophie Vincelot\" target=\"_blank\" rel=\"noopener\">Sophie Vincelot<\/a><br \/>\n        <\/strong><\/p>\n<p>        Publi\u00e9 le<\/p>\n<p>            10 juil. 2025 \u00e0 20h55        <\/p>\n<p>La quatri\u00e8me saison de <a href=\"https:\/\/actu.fr\/tag\/drag-race-france\" target=\"_blank\" rel=\"noopener\">Drag Race France<\/a> sera-t-elle L\u00c9-GEN-DAIRE ? L\u2019\u00e9mission phare de France T\u00e9l\u00e9visions, version fran\u00e7aise de RuPaul\u2019s Drag Race, revient ce jeudi 10 juillet 2025 \u00e0 23 h 25 sur France 2 et sera \u00e9galement accessible sur la plateforme france.tv. Et autant le dire, la nouvelle \u00e9dition s\u2019annonce <a style=\"font-size: 1.8rem;\" href=\"https:\/\/actu.fr\/ile-de-france\/paris_75056\/casting-nouvelle-regle-jury-tout-ce-qu-il-y-a-a-savoir-sur-l-edition-all-stars-de-drag-race-france-2025_62758607.html\" target=\"_blank\" rel=\"noopener\">pleine de surprises<\/a>, avec des invit\u00e9s exceptionnels et de nouvelles r\u00e8gles.\u00a0<\/p>\n<p class=\" wall-content\">En plus d\u2019un jury remani\u00e9 (la chanteuse Shy\u2019m et le journaliste sp\u00e9cialis\u00e9 dans la mode Lo\u00efc Prigent rejoignent l\u2019\u00e9quipe de Nicky Doll, pour remplacer Kiddy Smile), ce sont dix reines connues du grand public qui s\u2019affronteront. Dix queens issues des trois premi\u00e8res saisons, qui vont essayer de succ\u00e9der \u00e0 Paloma, Keiona et Le Filip. \u00c0 la cl\u00e9 : une couronne, mais surtout une r\u00e9compense de 30 000 euros, donn\u00e9s lors d\u2019une finale en public pr\u00e9vue \u00e0 L\u2019Olympia, \u00e0 Paris.\u00a0<\/p>\n<p class=\" wall-content\">Pour le premier \u00e9pisode, diffus\u00e9 ce jeudi, Thomas Jolly, le directeur artistique des c\u00e9r\u00e9monies d\u2019ouverture et de cl\u00f4ture des JO, sera pr\u00e9sent aux c\u00f4t\u00e9s des autres jur\u00e9s pour \u00e9valuer les performances des dix candidates.<\/p>\n<p>Voici le casting \u00ab\u00a0iconique\u00a0\u00bb de la saison 4\u00a0<\/p>\n<p class=\" wall-content\">Pour cette saison \u00ab\u00a0All Stars\u00a0\u00bb, sous-titr\u00e9e \u00ab\u00a0Qu\u2019on me ram\u00e8ne mes Reines\u00a0\u00bb, quatre queens de la saison 1, quatre de la saison 2 et deux de la saison 3 ont \u00e9t\u00e9 choisies. Toutes ont \u00e9t\u00e9 s\u00e9lectionn\u00e9es en raison de leur \u00ab arc de progression \u00bb depuis leur premi\u00e8re apparition \u00e0 Drag Race France, mais aussi de la diversit\u00e9 de leur drag, entre reines de beaut\u00e9, de l\u2019humour et performances hors du commun.\u00a0\u00a0<\/p>\n<p class=\" wall-content\"><strong>Elips (saison 1)<\/strong><\/p>\n<p>    <img   decoding=\"async\" loading=\"lazy\" src=\"https:\/\/www.europesays.com\/fr\/wp-content\/uploads\/2025\/07\/elips-1-742x640.png\" alt=\"Elips a particip\u00e9 \u00e0 la saison 1 de Drag Race France. \" width=\"742\" height=\"640\"\/><br \/>\n    Elips a particip\u00e9 \u00e0 la saison 1 de Drag Race France. (\u00a9 Jean RANOBRAC \u2013 France T\u00e9l\u00e9visions )<\/p>\n<p class=\" wall-content\">Originaire de Bordeaux, Elips a marqu\u00e9 les esprits pendant la saison 1 gr\u00e2ce \u00e0 un Snatch Game m\u00e9morable (en Chantal Ladesou presque plus vraie que nature) et un lip sync endiabl\u00e9 avec Paloma sur la chanson Libertine de Myl\u00e8ne Farmer. Lors de finale, elle avait remport\u00e9 le titre de Miss Sympathie. Drag queer flamboyante, elle revient dans cette nouvelle saison, pr\u00eate \u00e0 d\u00e9fendre son style audacieux.\u00a0<\/p>\n<p>Vid\u00e9os : en ce moment sur Actu<\/p>\n<p class=\" wall-content\"><strong>Kam Hugh (saison 1)<\/strong><\/p>\n<p>    <img   decoding=\"async\" loading=\"lazy\" src=\"https:\/\/www.europesays.com\/fr\/wp-content\/uploads\/2025\/07\/kam-hugh-1-786x640.png\" alt=\"Kam Hugh a fait partie du casting de la premi\u00e8re saison de Drag Race France. \" width=\"786\" height=\"640\"\/><br \/>\n    Kam Hugh a fait partie du casting de la premi\u00e8re saison de Drag Race France. (\u00a9 Jean RANOBRAC \u2013 France T\u00e9l\u00e9visions )<\/p>\n<p class=\" wall-content\">La jeune drag queen, originaire d\u2019Ard\u00e8che, s\u2019est fait conna\u00eetre d\u00e8s 2015, gr\u00e2ce \u00e0 des tutoriels de maquillage sur YouTube.\u00a0 Sa signature\u202f? Des looks tr\u00e8s travaill\u00e9s, comme le smoking-pigeon ou la robe parsem\u00e9e de croissants. Kam Hugh est la premi\u00e8re drag queen \u00e0 avoir collabor\u00e9 avec de grandes marques, comme Sephora ou Garnier. Dans cette nouvelle saison, elle devrait \u00e0 nouveau nous \u00e9blouir avec ses tenues ma\u00eetris\u00e9es.<\/p>\n<p class=\" wall-content\"><strong>La Big Bertha (saison 1)<\/strong><\/p>\n<p>    <img   decoding=\"async\" loading=\"lazy\" src=\"https:\/\/www.europesays.com\/fr\/wp-content\/uploads\/2025\/07\/la-big-bertha-1-783x640.png\" alt=\"La Big Bertha devrait \u00e0 nouveau nous \u00e9mouvoir pour cette quatri\u00e8me saison de Drag Race France.\" width=\"783\" height=\"640\"\/><br \/>\n    La Big Bertha devrait \u00e0 nouveau nous \u00e9mouvoir pour cette quatri\u00e8me saison de Drag Race France. (\u00a9 Jean RANOBRAC \u2013 France T\u00e9l\u00e9visions )<\/p>\n<p class=\" wall-content\">V\u00e9ritable ic\u00f4ne du burlesque, la drag queen parisienne a marqu\u00e9 la premi\u00e8re saison par son style flamboyant et son humour. Depuis, elle a fait des apparitions dans des \u00e9missions culinaires, exprimant un vrai amour pour la gastronomie. En juin 2025, <a href=\"https:\/\/actu.fr\/ile-de-france\/paris_75056\/a-table-avec-la-big-bertha-drag-queen-iconique-desormais-cheffe-de-son-restaurant-a-paris_60205375.html\" target=\"_blank\" rel=\"noopener\">La Big Bertha<\/a> a assur\u00e9 la premi\u00e8re partie de la tourn\u00e9e de la chanteuse Santa. Elle devrait \u00e0 nouveau nous \u00e9mouvoir lors de cette nouvelle \u00e9dition.\u00a0<\/p>\n<p class=\" wall-content\"><strong>Soa de Muse (saison 1)<\/strong><\/p>\n<p>    <img   decoding=\"async\" loading=\"lazy\" src=\"https:\/\/www.europesays.com\/fr\/wp-content\/uploads\/2025\/07\/soa-de-muse-1-738x640.png\" alt=\"Soa de Muse a marqu\u00e9 la saison 1 par son humour d\u00e9capant et son style impeccable.\" width=\"738\" height=\"640\"\/><br \/>\n    Soa de Muse a marqu\u00e9 la saison 1 par son humour d\u00e9capant et son style impeccable. (\u00a9 Jean RANOBRAC \u2013 France T\u00e9l\u00e9visions )<\/p>\n<p class=\" wall-content\">Sa performance de \u00ab\u00a0Felindra, t\u00eate de tigre\u00a0\u00bb restera dans les annales de Drag Race France. Originaire de Seine-Saint-Denis, Soa de Muse a \u00e9t\u00e9 finaliste lors de la premi\u00e8re saison. Depuis sa participation, l\u2019artiste a men\u00e9 une carri\u00e8re riche et engag\u00e9e. En 2022, elle a cr\u00e9\u00e9 le cabaret La Bouche, plateforme pour des artistes queers et drag. L\u2019ann\u00e9e derni\u00e8re, elle est devenue la premi\u00e8re drag queen martiniquaise \u00e0 participer \u00e0 RuPaul\u2019s Drag Race: Global All Stars.\u00a0<\/p>\n<p class=\" wall-content\"><strong>Mami Watta (saison 2)<\/strong><\/p>\n<p>    <img   decoding=\"async\" loading=\"lazy\" src=\"https:\/\/www.europesays.com\/fr\/wp-content\/uploads\/2025\/07\/mimi-watta-1-735x640.png\" alt=\"Candidate de la saison 2, Mimi Watta devrait de nouveau marquer cette nouvelle \u00e9dition. \" width=\"735\" height=\"640\"\/><br \/>\n    Candidate de la saison 2, Mami Watta devrait de nouveau marquer cette nouvelle \u00e9dition. (\u00a9 Jean RANOBRAC \u2013 France T\u00e9l\u00e9visions )<\/p>\n<p class=\" wall-content\">Issue de la sc\u00e8ne ballroom, Mami Watta s\u2019est impos\u00e9e comme un personnage iconique de la saison 2. Depuis Drag Race France, elle a multipli\u00e9 les prestations sur les sc\u00e8nes fran\u00e7aises et internationales. Son style est impr\u00e9gn\u00e9 de ses origines ivoiriennes et d\u2019une esth\u00e9tique afro-futuriste. Pour cette \u00e9dition All Star, elle devrait nous r\u00e9jouir de sa pr\u00e9sence solaire et a m\u00eame promis de porter davantage de tissus. Nous sommes d\u00e9j\u00e0 curieux.\u00a0<\/p>\n<p class=\" wall-content\"><strong>Moon (saison 2)<\/strong><\/p>\n<p>    <img   decoding=\"async\" loading=\"lazy\" src=\"https:\/\/www.europesays.com\/fr\/wp-content\/uploads\/2025\/07\/moon-2-736x640.png\" alt=\"Moon a marqu\u00e9 la saison 2 gr\u00e2ce \u00e0 sa sensibilit\u00e9 et son univers singulier. \" width=\"736\" height=\"640\"\/><br \/>\n    Moon a marqu\u00e9 la saison 2 gr\u00e2ce \u00e0 sa sensibilit\u00e9 et son univers singulier. (\u00a9Jean RANOBRAC \u2013 France T\u00e9l\u00e9visions)<\/p>\n<p class=\" wall-content\">Premi\u00e8re candidate suisse du programme, Moon nous avait touch\u00e9 avec sa sensibilit\u00e9 et son univers singulier lors de son passage dans la saison 2. \u00c9lue Miss Sympathie, l\u2019artiste porte fi\u00e8rement son histoire de femme transgenre. On esp\u00e8re qu\u2019elle ira encore plus loin dans l\u2019aventure, tant son univers nous fait r\u00eaver.\u00a0<\/p>\n<p class=\" wall-content\"><strong>Piche (saison 2)<\/strong><\/p>\n<p>    <img   decoding=\"async\" loading=\"lazy\" src=\"https:\/\/www.europesays.com\/fr\/wp-content\/uploads\/2025\/07\/piche-1-732x640.png\" alt=\"Artiste compl\u00e8te, Piche avait marqu\u00e9 la saison 2 par ses multiples talents. \" width=\"732\" height=\"640\"\/><br \/>\n    Artiste compl\u00e8te, Piche avait marqu\u00e9 la saison 2 par ses multiples talents. (\u00a9Jean RANOBRAC \u2013 France T\u00e9l\u00e9visions )<\/p>\n<p class=\" wall-content\">Sa danse endiabl\u00e9e \u00e0 la c\u00e9r\u00e9monie d\u2019ouverture des JO a durablement marqu\u00e9 les esprits. \u00c0 la fois drag, rappeuse, chanteuse et danseuse, Piche est une artiste compl\u00e8te, qui ne cesse de nous ravir sur sc\u00e8ne. La drag \u00e0 barbe, fi\u00e8re de sa culture gitane, a r\u00e9cemment d\u00e9voil\u00e9 un EP, Festin, et a m\u00eame lanc\u00e9 une tourn\u00e9e. Sa participation \u00e0 cette nouvelle saison est tr\u00e8s attendue par ses fans.\u00a0<\/p>\n<p class=\" wall-content\"><strong>Punani (saison 2)<\/strong><\/p>\n<p>    <img   decoding=\"async\" loading=\"lazy\" src=\"https:\/\/www.europesays.com\/fr\/wp-content\/uploads\/2025\/07\/punani-1-723x640.png\" alt=\"Punani a \u00e9t\u00e9 l'une des candidates de la saison 2 de Drag Race France.\" width=\"723\" height=\"640\"\/><br \/>\n    Punani a \u00e9t\u00e9 l\u2019une des candidates de la saison 2 de Drag Race France. (\u00a9 Jean RANOBRAC \u2013 France T\u00e9l\u00e9visions )<\/p>\n<p class=\" wall-content\">La \u00ab\u00a0finaliste d\u00e9chue\u00a0\u00bb revient pour prouver que ce n\u2019est pas la fin, mais bien le d\u00e9but de son r\u00e8gne. Punani a marqu\u00e9 Drag Race France de sa po\u00e9sie et de ses looks vintage soign\u00e9s. Pr\u00eate \u00e0 en d\u00e9coudre, la jeune drag queen concourra cette fois-ci en solo, sans sa complice de longue date, Rose.\u00a0<\/p>\n<p class=\" wall-content\"><strong>Magnetica (saison 3)<\/strong><\/p>\n<p>    <img   decoding=\"async\" loading=\"lazy\" src=\"https:\/\/www.europesays.com\/fr\/wp-content\/uploads\/2025\/07\/magnetica-1-735x640.png\" alt=\"Apr\u00e8s une sortie traumatisante pendant la troisi\u00e8me saison, Magnetica est de retour, plus d\u00e9termin\u00e9e que jamais.\" width=\"735\" height=\"640\"\/><br \/>\n    Apr\u00e8s une sortie traumatisante pendant la troisi\u00e8me saison, Magnetica est de retour, plus d\u00e9termin\u00e9e que jamais. (\u00a9Jean RANOBRAC \u2013 France T\u00e9l\u00e9visions )<\/p>\n<p class=\" wall-content\">Avec son esth\u00e9tique extra-terrestre, <a href=\"https:\/\/actu.fr\/ile-de-france\/paris_75056\/drag-race-france-3-je-ne-suis-pas-comme-vous-mais-j-existe-qui-est-magnetica-candidate-franco-bolivienne_61117094.html\" target=\"_blank\" rel=\"noopener\">Magnetica revient encore plus d\u00e9termin\u00e9e<\/a>, apr\u00e8s son \u00e9limination traumatisante, lors de la saison 3. Chanteuse, militante et artiste visuelle, la drag queen franco-bolivienne ne rentre dans aucune case. \u00ab\u00a0Je fais partie de la communaut\u00e9 latina, trans, non binaire, club kid\u2026 Et mon message c\u2019est que nous sommes l\u00e0 et nous aussi on peut arriver \u00e0 de grandes choses\u2026\u00a0\u00bb, a-t-elle <a href=\"https:\/\/actu.fr\/ile-de-france\/paris_75056\/drag-race-france-3-je-ne-suis-pas-comme-vous-mais-j-existe-qui-est-magnetica-candidate-franco-bolivienne_61117094.html\" target=\"_blank\" rel=\"noopener\">confi\u00e9 \u00e0 Actu Paris<\/a>.\u00a0 Son aura visuelle devrait marquer cette nouvelle \u00e9dition.\u00a0<\/p>\n<p class=\" wall-content\"><strong>Misty Phoenix (saison 3)<\/strong><\/p>\n<p>    <img   decoding=\"async\" loading=\"lazy\" src=\"https:\/\/www.europesays.com\/fr\/wp-content\/uploads\/2025\/07\/misty-phoenix-1-720x640.png\" alt=\"Misty Phoenix, candidate de la saison 3, fait son grand retour cette ann\u00e9e. \" width=\"720\" height=\"640\"\/><br \/>\n    Misty Phoenix, candidate de la saison 3, fait son grand retour cette ann\u00e9e. (\u00a9Jean RANOBRAC \u2013 France T\u00e9l\u00e9visions )<\/p>\n<p class=\" wall-content\">Son style singulier, inspir\u00e9 par l\u2019univers Marvel et la mythologie, <a href=\"https:\/\/actu.fr\/ile-de-france\/paris_75056\/drag-race-france-3-enfant-de-militaires-racaille-misty-phoenix-candidate-aux-1001-vies_61122290.html\" target=\"_blank\" rel=\"noopener\">a r\u00e9joui les fans de Drag Race France l\u2019ann\u00e9e derni\u00e8re<\/a>. Son plan pour cette nouvelle \u00e9dition ? \u00ab\u00a0\u00catre totalement d\u00e9glingo\u00a0\u00bb. Son \u00e9nergie d\u00e9brid\u00e9e devrait faire les belles heures du programme.\u00a0<\/p>\n<p class=\" wall-content\">Suivez toute l\u2019actualit\u00e9 de vos villes et m\u00e9dias favoris en vous inscrivant \u00e0 <a href=\"https:\/\/moncompte.actu.fr\" title=\"D\u00e9couvez Mon Actu\" rel=\"nofollow noopener\" data-trk=\"{&quot;cta&quot;:{&quot;action&quot;:&quot;https:\\\/\\\/moncompte.actu.fr&quot;,&quot;category&quot;:&quot;mon compte&quot;,&quot;from&quot;:&quot;article footer&quot;,&quot;name&quot;:&quot;Mon actu&quot;,&quot;type&quot;:&quot;cta&quot;}}\" target=\"_blank\">Mon Actu<\/a>.<\/p>\n","protected":false},"excerpt":{"rendered":"Par Sophie Vincelot Publi\u00e9 le 10 juil. 2025 \u00e0 20h55 La quatri\u00e8me saison de Drag Race France sera-t-elle&hellip;\n","protected":false},"author":2,"featured_media":241478,"comment_status":"","ping_status":"","sticky":false,"template":"","format":"standard","meta":{"footnotes":""},"categories":[4],"tags":[11,26643,1011,27,9087,12,25,104],"class_list":{"0":"post-241477","1":"post","2":"type-post","3":"status-publish","4":"format-standard","5":"has-post-thumbnail","7":"category-france","8":"tag-actualites","9":"tag-drag-race-france","10":"tag-fr","11":"tag-france","12":"tag-lgbt","13":"tag-news","14":"tag-republique-francaise","15":"tag-societe"},"share_on_mastodon":{"url":"https:\/\/pubeurope.com\/@fr\/114832276925421280","error":""},"_links":{"self":[{"href":"https:\/\/www.europesays.com\/fr\/wp-json\/wp\/v2\/posts\/241477","targetHints":{"allow":["GET"]}}],"collection":[{"href":"https:\/\/www.europesays.com\/fr\/wp-json\/wp\/v2\/posts"}],"about":[{"href":"https:\/\/www.europesays.com\/fr\/wp-json\/wp\/v2\/types\/post"}],"author":[{"embeddable":true,"href":"https:\/\/www.europesays.com\/fr\/wp-json\/wp\/v2\/users\/2"}],"replies":[{"embeddable":true,"href":"https:\/\/www.europesays.com\/fr\/wp-json\/wp\/v2\/comments?post=241477"}],"version-history":[{"count":0,"href":"https:\/\/www.europesays.com\/fr\/wp-json\/wp\/v2\/posts\/241477\/revisions"}],"wp:featuredmedia":[{"embeddable":true,"href":"https:\/\/www.europesays.com\/fr\/wp-json\/wp\/v2\/media\/241478"}],"wp:attachment":[{"href":"https:\/\/www.europesays.com\/fr\/wp-json\/wp\/v2\/media?parent=241477"}],"wp:term":[{"taxonomy":"category","embeddable":true,"href":"https:\/\/www.europesays.com\/fr\/wp-json\/wp\/v2\/categories?post=241477"},{"taxonomy":"post_tag","embeddable":true,"href":"https:\/\/www.europesays.com\/fr\/wp-json\/wp\/v2\/tags?post=241477"}],"curies":[{"name":"wp","href":"https:\/\/api.w.org\/{rel}","templated":true}]}}